{"id":19179,"date":"2021-10-04T23:43:00","date_gmt":"2021-10-04T23:43:00","guid":{"rendered":"http:\/\/www.opb.gob.mx\/portal\/?p=19179"},"modified":"2022-06-07T16:57:32","modified_gmt":"2022-06-07T16:57:32","slug":"amor-con-amor-se-paga-david-hernandez-solis-desde-el-dif-municipal-de-opb","status":"publish","type":"post","link":"http:\/\/www.opb.gob.mx\/portal\/?p=19179","title":{"rendered":"AMOR CON AMOR SE PAGA: DAVID HERN\u00c1NDEZ SOL\u00cdS DESDE EL DIF MUNICIPAL DE OPB."},"content":{"rendered":"\t\t<div data-elementor-type=\"wp-post\" data-elementor-id=\"19179\" class=\"elementor elementor-19179\" data-elementor-settings=\"[]\">\n\t\t\t\t\t\t<div class=\"elementor-inner\">\n\t\t\t\t\t\t\t<div class=\"elementor-section-wrap\">\n\t\t\t\t\t\t\t<section class=\"elementor-section elementor-top-section elementor-element elementor-element-56ac842 elementor-section-boxed elementor-section-height-default elementor-section-height-default\" data-id=\"56ac842\" data-element_type=\"section\">\n\t\t\t\t\t\t<div class=\"elementor-container elementor-column-gap-default\">\n\t\t\t\t\t\t\t<div class=\"elementor-row\">\n\t\t\t\t\t<div class=\"elementor-column elementor-col-100 elementor-top-column elementor-element elementor-element-d93c590\" data-id=\"d93c590\" data-element_type=\"column\">\n\t\t\t<div class=\"elementor-column-wrap elementor-element-populated\">\n\t\t\t\t\t\t\t<div class=\"elementor-widget-wrap\">\n\t\t\t\t\t\t<div class=\"elementor-element elementor-element-9a561c9 elementor-widget elementor-widget-text-editor\" data-id=\"9a561c9\" data-element_type=\"widget\" data-widget_type=\"text-editor.default\">\n\t\t\t\t<div class=\"elementor-widget-container\">\n\t\t\t\t\t<div class=\"elementor-text-editor elementor-clearfix\"><p>Chetumal, Q. Roo a 4 de octubre de 2021.- \u201cEl DIF Municipal, representa la parte m\u00e1s humana del ayuntamiento, la cual debe estar cerca de su gente, continuamente, consistentemente, es por ello que hoy entrego la presidencia honoraria a mi esposo, David Hern\u00e1ndez\u201d, dijo la alcaldesa capitalina, Yensunni Mart\u00ednez Hern\u00e1ndez, durante el evento de presentaci\u00f3n y entrega de las instalaciones.<\/p><p>La edil capitalina agradeci\u00f3 por su presencia, a la presidenta saliente Hayde\u00e9 S\u00e1nchez de Pastrana y record\u00f3 el gran esfuerzo que se hizo en estos \u00faltimos tres a\u00f1os ya que con poco, se sac\u00f3 adelante lo m\u00e1s importante.<\/p><p>\u201cHoy iniciamos una nueva etapa, con br\u00edos y s\u00e9 que las personas que estar\u00e1n al frente de este trabajo, como lo es Silvia Rueda Alvarado y mi esposo, lo har\u00e1n de la mejor manera, saquemos la casta por nuestra capital y hag\u00e1moslo por nuestros ciudadanos\u201d, expuso Yensunni Mart\u00ednez.<\/p><p>Y se\u00f1al\u00f3 que \u201cnuestro gobierno debe ser sensible; a todas y todos los servidores p\u00fablicos, les pido que nunca perdamos la humanidad, el sentido de humanismo en cada una de nuestras acciones\u201d, puntualiz\u00f3 la presidenta municipal.<\/p><p>Por su parte el entrante Presidente Honorario del DIF Oth\u00f3n P. Blanco, David Hern\u00e1ndez Sol\u00eds, coment\u00f3 que se avanzar\u00e1 a paso firme, para apoyar de manera directa a las 73 mil familias othonenses, de la mano con los programas sociales, para hacer llegar la ayuda de manera directa.<br \/><br \/>\u201cBuscaremos incansablemente transformar vidas, la tarea es ardua y el reto es bastante enorme, pero mi compromiso con las y los othonenses es a\u00fan mayor, servir\u00e9 con humildad y apertura, no podemos esperar m\u00e1s, les aseguro a todas las familias, que pondr\u00e9 en alto el nombre de nuestro municipio\u201d, asegur\u00f3.<\/p><p>\u201cPondr\u00e9 toda mi energ\u00eda, mi capacidad, para convertir al DIF (municipal) en un \u00e1rea totalmente renovada, que represente el lado humano y sensible de un gobierno municipal que escucha, atiende, y resuelve las necesidades de los sectores m\u00e1s vulnerables, porque amor con amor se paga\u201d, destac\u00f3 David Hern\u00e1ndez.<\/p><p>Finalmente, la presidenta municipal realiz\u00f3 la entrega de nombramientos a su esposo David Hern\u00e1ndez y a la Directora General, Silvia Rueda, quienes trabajar\u00e1n en conjunto para sacar adelante el trabajo de esta nueva administraci\u00f3n en el DIF Municipal.<\/p><p>El evento fue atestiguado por el Secretario General, Adri\u00e1n S\u00e1nchez Dom\u00ednguez; el Tesorero Miguel Cheluja Mart\u00ednez; el Oficial Mayor, Javier Regalado Hendricks; la S\u00edndico Municipal, Alejandra del \u00c1ngel Carmona; Regidores y Regidoras de Cabildo capitalino, as\u00ed como el personal del sistema DIF Oth\u00f3n P. Blanco.<\/p><\/div>\n\t\t\t\t<\/div>\n\t\t\t\t<\/div>\n\t\t\t\t\t\t<\/div>\n\t\t\t\t\t<\/div>\n\t\t<\/div>\n\t\t\t\t\t\t\t\t<\/div>\n\t\t\t\t\t<\/div>\n\t\t<\/section>\n\t\t\t\t<section class=\"elementor-section elementor-top-section elementor-element elementor-element-6663fa4 elementor-section-boxed elementor-section-height-default elementor-section-height-default\" data-id=\"6663fa4\" data-element_type=\"section\">\n\t\t\t\t\t\t<div class=\"elementor-container elementor-column-gap-default\">\n\t\t\t\t\t\t\t<div class=\"elementor-row\">\n\t\t\t\t\t<div class=\"elementor-column elementor-col-100 elementor-top-column elementor-element elementor-element-9bac149\" data-id=\"9bac149\" data-element_type=\"column\">\n\t\t\t<div class=\"elementor-column-wrap elementor-element-populated\">\n\t\t\t\t\t\t\t<div class=\"elementor-widget-wrap\">\n\t\t\t\t\t\t<div class=\"elementor-element elementor-element-99123d6 elementor-widget elementor-widget-image-gallery\" data-id=\"99123d6\" data-element_type=\"widget\" data-widget_type=\"image-gallery.default\">\n\t\t\t\t<div class=\"elementor-widget-container\">\n\t\t\t\t\t<div class=\"elementor-image-gallery\">\n\t\t\t<div id='gallery-1' class='gallery galleryid-19179 gallery-columns-4 gallery-size-medium'><figure class='gallery-item'>\n\t\t\t<div class='gallery-icon portrait'>\n\t\t\t\t<a data-elementor-open-lightbox=\"yes\" data-elementor-lightbox-slideshow=\"99123d6\" data-elementor-lightbox-title=\"WhatsApp Image 2021-10-06 at 6.26.24 PM\" href='http:\/\/www.opb.gob.mx\/portal\/wp-content\/uploads\/2021\/10\/WhatsApp-Image-2021-10-06-at-6.26.24-PM.jpeg'><img width=\"768\" height=\"456\" src=\"http:\/\/www.opb.gob.mx\/portal\/wp-content\/uploads\/2021\/10\/WhatsApp-Image-2021-10-06-at-6.26.24-PM-768x456.jpeg\" class=\"attachment-medium size-medium\" alt=\"\" loading=\"lazy\" \/><\/a>\n\t\t\t<\/div><\/figure><figure class='gallery-item'>\n\t\t\t<div class='gallery-icon portrait'>\n\t\t\t\t<a data-elementor-open-lightbox=\"yes\" data-elementor-lightbox-slideshow=\"99123d6\" data-elementor-lightbox-title=\"WhatsApp Image 2021-10-06 at 6.26.25 PM (4)\" href='http:\/\/www.opb.gob.mx\/portal\/wp-content\/uploads\/2021\/10\/WhatsApp-Image-2021-10-06-at-6.26.25-PM-4.jpeg'><img width=\"768\" height=\"456\" src=\"http:\/\/www.opb.gob.mx\/portal\/wp-content\/uploads\/2021\/10\/WhatsApp-Image-2021-10-06-at-6.26.25-PM-4-768x456.jpeg\" class=\"attachment-medium size-medium\" alt=\"\" loading=\"lazy\" \/><\/a>\n\t\t\t<\/div><\/figure><figure class='gallery-item'>\n\t\t\t<div class='gallery-icon landscape'>\n\t\t\t\t<a data-elementor-open-lightbox=\"yes\" data-elementor-lightbox-slideshow=\"99123d6\" data-elementor-lightbox-title=\"WhatsApp Image 2021-10-06 at 6.26.25 PM\" href='http:\/\/www.opb.gob.mx\/portal\/wp-content\/uploads\/2021\/10\/WhatsApp-Image-2021-10-06-at-6.26.25-PM.jpeg'><img width=\"768\" height=\"456\" src=\"http:\/\/www.opb.gob.mx\/portal\/wp-content\/uploads\/2021\/10\/WhatsApp-Image-2021-10-06-at-6.26.25-PM-768x456.jpeg\" class=\"attachment-medium size-medium\" alt=\"\" loading=\"lazy\" srcset=\"http:\/\/www.opb.gob.mx\/portal\/wp-content\/uploads\/2021\/10\/WhatsApp-Image-2021-10-06-at-6.26.25-PM-768x456.jpeg 768w, http:\/\/www.opb.gob.mx\/portal\/wp-content\/uploads\/2021\/10\/WhatsApp-Image-2021-10-06-at-6.26.25-PM-1170x694.jpeg 1170w\" sizes=\"(max-width: 768px) 100vw, 768px\" \/><\/a>\n\t\t\t<\/div><\/figure><figure class='gallery-item'>\n\t\t\t<div class='gallery-icon landscape'>\n\t\t\t\t<a data-elementor-open-lightbox=\"yes\" data-elementor-lightbox-slideshow=\"99123d6\" data-elementor-lightbox-title=\"WhatsApp Image 2021-10-06 at 6.26.26 PM\" href='http:\/\/www.opb.gob.mx\/portal\/wp-content\/uploads\/2021\/10\/WhatsApp-Image-2021-10-06-at-6.26.26-PM.jpeg'><img width=\"768\" height=\"456\" src=\"http:\/\/www.opb.gob.mx\/portal\/wp-content\/uploads\/2021\/10\/WhatsApp-Image-2021-10-06-at-6.26.26-PM-768x456.jpeg\" class=\"attachment-medium size-medium\" alt=\"\" loading=\"lazy\" \/><\/a>\n\t\t\t<\/div><\/figure><figure class='gallery-item'>\n\t\t\t<div class='gallery-icon portrait'>\n\t\t\t\t<a data-elementor-open-lightbox=\"yes\" data-elementor-lightbox-slideshow=\"99123d6\" data-elementor-lightbox-title=\"WhatsApp Image 2021-10-06 at 6.26.25 PM (1)\" href='http:\/\/www.opb.gob.mx\/portal\/wp-content\/uploads\/2021\/10\/WhatsApp-Image-2021-10-06-at-6.26.25-PM-1.jpeg'><img width=\"768\" height=\"456\" src=\"http:\/\/www.opb.gob.mx\/portal\/wp-content\/uploads\/2021\/10\/WhatsApp-Image-2021-10-06-at-6.26.25-PM-1-768x456.jpeg\" class=\"attachment-medium size-medium\" alt=\"\" loading=\"lazy\" srcset=\"http:\/\/www.opb.gob.mx\/portal\/wp-content\/uploads\/2021\/10\/WhatsApp-Image-2021-10-06-at-6.26.25-PM-1-768x456.jpeg 768w, http:\/\/www.opb.gob.mx\/portal\/wp-content\/uploads\/2021\/10\/WhatsApp-Image-2021-10-06-at-6.26.25-PM-1-1170x694.jpeg 1170w\" sizes=\"(max-width: 768px) 100vw, 768px\" \/><\/a>\n\t\t\t<\/div><\/figure><figure class='gallery-item'>\n\t\t\t<div class='gallery-icon landscape'>\n\t\t\t\t<a data-elementor-open-lightbox=\"yes\" data-elementor-lightbox-slideshow=\"99123d6\" data-elementor-lightbox-title=\"WhatsApp Image 2021-10-06 at 6.26.25 PM (2)\" href='http:\/\/www.opb.gob.mx\/portal\/wp-content\/uploads\/2021\/10\/WhatsApp-Image-2021-10-06-at-6.26.25-PM-2.jpeg'><img width=\"768\" height=\"456\" src=\"http:\/\/www.opb.gob.mx\/portal\/wp-content\/uploads\/2021\/10\/WhatsApp-Image-2021-10-06-at-6.26.25-PM-2-768x456.jpeg\" class=\"attachment-medium size-medium\" alt=\"\" loading=\"lazy\" \/><\/a>\n\t\t\t<\/div><\/figure><figure class='gallery-item'>\n\t\t\t<div class='gallery-icon portrait'>\n\t\t\t\t<a data-elementor-open-lightbox=\"yes\" data-elementor-lightbox-slideshow=\"99123d6\" data-elementor-lightbox-title=\"WhatsApp Image 2021-10-06 at 6.26.25 PM (3)\" href='http:\/\/www.opb.gob.mx\/portal\/wp-content\/uploads\/2021\/10\/WhatsApp-Image-2021-10-06-at-6.26.25-PM-3.jpeg'><img width=\"768\" height=\"456\" src=\"http:\/\/www.opb.gob.mx\/portal\/wp-content\/uploads\/2021\/10\/WhatsApp-Image-2021-10-06-at-6.26.25-PM-3-768x456.jpeg\" class=\"attachment-medium size-medium\" alt=\"\" loading=\"lazy\" \/><\/a>\n\t\t\t<\/div><\/figure>\n\t\t<\/div>\n\t\t<\/div>\n\t\t\t\t<\/div>\n\t\t\t\t<\/div>\n\t\t\t\t\t\t<\/div>\n\t\t\t\t\t<\/div>\n\t\t<\/div>\n\t\t\t\t\t\t\t\t<\/div>\n\t\t\t\t\t<\/div>\n\t\t<\/section>\n\t\t\t\t\t\t<\/div>\n\t\t\t\t\t\t<\/div>\n\t\t\t\t\t<\/div>\n\t\t","protected":false},"excerpt":{"rendered":"<p>\u2022\tYensunni Mart\u00ednez entrega nombramientos del Presidente y Directora General del DIF Municipal.<br \/>\n\u2022\tBuscaremos transformar vidas de las familias othonenses: David Hern\u00e1ndez. <\/p>\n","protected":false},"author":9,"featured_media":19185,"comment_status":"closed","ping_status":"open","sticky":false,"template":"","format":"standard","meta":[],"categories":[27],"tags":[],"_links":{"self":[{"href":"http:\/\/www.opb.gob.mx\/portal\/index.php?rest_route=\/wp\/v2\/posts\/19179"}],"collection":[{"href":"http:\/\/www.opb.gob.mx\/portal\/index.php?rest_route=\/wp\/v2\/posts"}],"about":[{"href":"http:\/\/www.opb.gob.mx\/portal\/index.php?rest_route=\/wp\/v2\/types\/post"}],"author":[{"embeddable":true,"href":"http:\/\/www.opb.gob.mx\/portal\/index.php?rest_route=\/wp\/v2\/users\/9"}],"replies":[{"embeddable":true,"href":"http:\/\/www.opb.gob.mx\/portal\/index.php?rest_route=%2Fwp%2Fv2%2Fcomments&post=19179"}],"version-history":[{"count":3,"href":"http:\/\/www.opb.gob.mx\/portal\/index.php?rest_route=\/wp\/v2\/posts\/19179\/revisions"}],"predecessor-version":[{"id":19189,"href":"http:\/\/www.opb.gob.mx\/portal\/index.php?rest_route=\/wp\/v2\/posts\/19179\/revisions\/19189"}],"wp:featuredmedia":[{"embeddable":true,"href":"http:\/\/www.opb.gob.mx\/portal\/index.php?rest_route=\/wp\/v2\/media\/19185"}],"wp:attachment":[{"href":"http:\/\/www.opb.gob.mx\/portal\/index.php?rest_route=%2Fwp%2Fv2%2Fmedia&parent=19179"}],"wp:term":[{"taxonomy":"category","embeddable":true,"href":"http:\/\/www.opb.gob.mx\/portal\/index.php?rest_route=%2Fwp%2Fv2%2Fcategories&post=19179"},{"taxonomy":"post_tag","embeddable":true,"href":"http:\/\/www.opb.gob.mx\/portal\/index.php?rest_route=%2Fwp%2Fv2%2Ftags&post=19179"}],"curies":[{"name":"wp","href":"https:\/\/api.w.org\/{rel}","templated":true}]}}