{"id":20979,"date":"2022-02-03T17:21:58","date_gmt":"2022-02-03T17:21:58","guid":{"rendered":"http:\/\/www.opb.gob.mx\/portal\/?p=20979"},"modified":"2022-02-04T04:01:21","modified_gmt":"2022-02-04T04:01:21","slug":"boletin-meteorologico-3","status":"publish","type":"post","link":"http:\/\/www.opb.gob.mx\/portal\/?p=20979","title":{"rendered":"BOLET\u00cdN METEOROL\u00d3GICO"},"content":{"rendered":"\t\t<div data-elementor-type=\"wp-post\" data-elementor-id=\"20979\" class=\"elementor elementor-20979\" data-elementor-settings=\"[]\">\n\t\t\t\t\t\t<div class=\"elementor-inner\">\n\t\t\t\t\t\t\t<div class=\"elementor-section-wrap\">\n\t\t\t\t\t\t\t<section class=\"elementor-section elementor-top-section elementor-element elementor-element-4d49307 elementor-section-boxed elementor-section-height-default elementor-section-height-default\" data-id=\"4d49307\" data-element_type=\"section\">\n\t\t\t\t\t\t<div class=\"elementor-container elementor-column-gap-default\">\n\t\t\t\t\t\t\t<div class=\"elementor-row\">\n\t\t\t\t\t<div class=\"elementor-column elementor-col-100 elementor-top-column elementor-element elementor-element-86e7f6d\" data-id=\"86e7f6d\" data-element_type=\"column\">\n\t\t\t<div class=\"elementor-column-wrap elementor-element-populated\">\n\t\t\t\t\t\t\t<div class=\"elementor-widget-wrap\">\n\t\t\t\t\t\t<div class=\"elementor-element elementor-element-1ad4347 elementor-widget elementor-widget-text-editor\" data-id=\"1ad4347\" data-element_type=\"widget\" data-widget_type=\"text-editor.default\">\n\t\t\t\t<div class=\"elementor-widget-container\">\n\t\t\t\t\t<div class=\"elementor-text-editor elementor-clearfix\"><p><strong>PERIODO DE VALIDEZ 06:00 HRS., DEL D\u00cdA 03 DE FEBRERO DE 2022.<\/strong><\/p><p><strong>SINOPSIS:<\/strong><br \/>Con base en la valoraci\u00f3n y an\u00e1lisis de la informaci\u00f3n meteorol\u00f3gica en general realizada y lo relativo a los pron\u00f3sticos del Servicio Meteorol\u00f3gico Nacional; la Coordinaci\u00f3n Estatal de Protecci\u00f3n Civil informa lo siguiente:<\/p><p>Entrada de aire mar\u00edtimo tropical con poco contenido procedente del mar Caribe hacia a la Pen\u00ednsula de Yucat\u00e1n y estado de Quintana Roo., generando, poca nubosidad variable, con escasas probabilidades de lluvia ocasionales aisladas, temperaturas frescas a calurosas durante el d\u00eda, viento del sureste, con rachas m\u00e1s fuertes, sobre la pen\u00ednsula y principalmente en zona costera y norte del estado de Quintana Roo, durante la tarde-noche.<\/p><p><strong>TIEMPO PROBABLE:<\/strong><\/p><p>OTHON P. BLANCO. &#8211; Cielo mayormente despejado a medio nublado, con escasas probabilidades de lluvias, temperaturas frescas a calurosas durante el d\u00eda, viento ser\u00e1 componente sureste de 15 a 30, con rachas ocasionales m\u00e1s fuertes.<\/p><p>Sensaci\u00f3n t\u00e9rmica m\u00e1xima para el d\u00eda de hoy: 39\u00b0C.<br \/>Sensaci\u00f3n t\u00e9rmica m\u00ednima para el d\u00eda de ma\u00f1ana: 29\u00b0C.<\/p><\/div>\n\t\t\t\t<\/div>\n\t\t\t\t<\/div>\n\t\t\t\t\t\t<\/div>\n\t\t\t\t\t<\/div>\n\t\t<\/div>\n\t\t\t\t\t\t\t\t<\/div>\n\t\t\t\t\t<\/div>\n\t\t<\/section>\n\t\t\t\t<section class=\"elementor-section elementor-top-section elementor-element elementor-element-c79165a elementor-section-boxed elementor-section-height-default elementor-section-height-default\" data-id=\"c79165a\" data-element_type=\"section\">\n\t\t\t\t\t\t<div class=\"elementor-container elementor-column-gap-default\">\n\t\t\t\t\t\t\t<div class=\"elementor-row\">\n\t\t\t\t\t<div class=\"elementor-column elementor-col-100 elementor-top-column elementor-element elementor-element-a70a7f2\" data-id=\"a70a7f2\" data-element_type=\"column\">\n\t\t\t<div class=\"elementor-column-wrap elementor-element-populated\">\n\t\t\t\t\t\t\t<div class=\"elementor-widget-wrap\">\n\t\t\t\t\t\t<div class=\"elementor-element elementor-element-42fccfb elementor-widget elementor-widget-spacer\" data-id=\"42fccfb\" data-element_type=\"widget\" data-widget_type=\"spacer.default\">\n\t\t\t\t<div class=\"elementor-widget-container\">\n\t\t\t\t\t<div class=\"elementor-spacer\">\n\t\t\t<div class=\"elementor-spacer-inner\"><\/div>\n\t\t<\/div>\n\t\t\t\t<\/div>\n\t\t\t\t<\/div>\n\t\t\t\t<div class=\"elementor-element elementor-element-20f1bee elementor-widget elementor-widget-image\" data-id=\"20f1bee\" data-element_type=\"widget\" data-widget_type=\"image.default\">\n\t\t\t\t<div class=\"elementor-widget-container\">\n\t\t\t\t\t<div class=\"elementor-image\">\n\t\t\t\t\t\t\t\t\t\t\t<a href=\"https:\/\/www.facebook.com\/236425840062787\/photos\/a.323793914659312\/1519085941796764\/\">\n\t\t\t\t\t\t\t<img width=\"826\" height=\"694\" src=\"http:\/\/www.opb.gob.mx\/portal\/wp-content\/uploads\/2022\/02\/BOLETIN-METEOROLOGICO-03-DE-FEBRERO-DEL-2022-826x694.jpg\" class=\"attachment-large size-large\" alt=\"\" loading=\"lazy\" \/>\t\t\t\t\t\t\t\t<\/a>\n\t\t\t\t\t\t\t\t\t\t\t<\/div>\n\t\t\t\t<\/div>\n\t\t\t\t<\/div>\n\t\t\t\t\t\t<\/div>\n\t\t\t\t\t<\/div>\n\t\t<\/div>\n\t\t\t\t\t\t\t\t<\/div>\n\t\t\t\t\t<\/div>\n\t\t<\/section>\n\t\t\t\t\t\t<\/div>\n\t\t\t\t\t\t<\/div>\n\t\t\t\t\t<\/div>\n\t\t","protected":false},"excerpt":{"rendered":"<p>PERIODO DE VALIDEZ 06:00 HRS., DEL D\u00cdA 03 DE FEBRERO DE 2022. SINOPSIS:Con base en la valoraci\u00f3n y an\u00e1lisis de la informaci\u00f3n meteorol\u00f3gica en general realizada y lo relativo a los pron\u00f3sticos del Servicio Meteorol\u00f3gico Nacional; la Coordinaci\u00f3n Estatal de Protecci\u00f3n Civil informa lo siguiente: Entrada de aire mar\u00edtimo tropical con poco contenido procedente del<\/p>\n","protected":false},"author":7,"featured_media":20981,"comment_status":"closed","ping_status":"open","sticky":false,"template":"","format":"standard","meta":[],"categories":[28],"tags":[],"_links":{"self":[{"href":"http:\/\/www.opb.gob.mx\/portal\/index.php?rest_route=\/wp\/v2\/posts\/20979"}],"collection":[{"href":"http:\/\/www.opb.gob.mx\/portal\/index.php?rest_route=\/wp\/v2\/posts"}],"about":[{"href":"http:\/\/www.opb.gob.mx\/portal\/index.php?rest_route=\/wp\/v2\/types\/post"}],"author":[{"embeddable":true,"href":"http:\/\/www.opb.gob.mx\/portal\/index.php?rest_route=\/wp\/v2\/users\/7"}],"replies":[{"embeddable":true,"href":"http:\/\/www.opb.gob.mx\/portal\/index.php?rest_route=%2Fwp%2Fv2%2Fcomments&post=20979"}],"version-history":[{"count":5,"href":"http:\/\/www.opb.gob.mx\/portal\/index.php?rest_route=\/wp\/v2\/posts\/20979\/revisions"}],"predecessor-version":[{"id":20986,"href":"http:\/\/www.opb.gob.mx\/portal\/index.php?rest_route=\/wp\/v2\/posts\/20979\/revisions\/20986"}],"wp:featuredmedia":[{"embeddable":true,"href":"http:\/\/www.opb.gob.mx\/portal\/index.php?rest_route=\/wp\/v2\/media\/20981"}],"wp:attachment":[{"href":"http:\/\/www.opb.gob.mx\/portal\/index.php?rest_route=%2Fwp%2Fv2%2Fmedia&parent=20979"}],"wp:term":[{"taxonomy":"category","embeddable":true,"href":"http:\/\/www.opb.gob.mx\/portal\/index.php?rest_route=%2Fwp%2Fv2%2Fcategories&post=20979"},{"taxonomy":"post_tag","embeddable":true,"href":"http:\/\/www.opb.gob.mx\/portal\/index.php?rest_route=%2Fwp%2Fv2%2Ftags&post=20979"}],"curies":[{"name":"wp","href":"https:\/\/api.w.org\/{rel}","templated":true}]}}