{"id":21025,"date":"2022-02-03T20:53:05","date_gmt":"2022-02-03T20:53:05","guid":{"rendered":"http:\/\/www.opb.gob.mx\/portal\/?p=21025"},"modified":"2022-06-07T16:49:41","modified_gmt":"2022-06-07T16:49:41","slug":"ejes-de-gobierno-municipales-enfocados-a-la-atencion-de-necesidades-mas-apremiantes-de-othon-p-blanco","status":"publish","type":"post","link":"http:\/\/www.opb.gob.mx\/portal\/?p=21025","title":{"rendered":"EJES DE GOBIERNO MUNICIPALES ENFOCADOS A LA ATENCI\u00d3N DE NECESIDADES M\u00c1S APREMIANTES DE OTH\u00d3N P. BLANCO"},"content":{"rendered":"\t\t<div data-elementor-type=\"wp-post\" data-elementor-id=\"21025\" class=\"elementor elementor-21025\" data-elementor-settings=\"[]\">\n\t\t\t\t\t\t<div class=\"elementor-inner\">\n\t\t\t\t\t\t\t<div class=\"elementor-section-wrap\">\n\t\t\t\t\t\t\t<section class=\"elementor-section elementor-top-section elementor-element elementor-element-2348a69 elementor-section-boxed elementor-section-height-default elementor-section-height-default\" data-id=\"2348a69\" data-element_type=\"section\">\n\t\t\t\t\t\t<div class=\"elementor-container elementor-column-gap-default\">\n\t\t\t\t\t\t\t<div class=\"elementor-row\">\n\t\t\t\t\t<div class=\"elementor-column elementor-col-100 elementor-top-column elementor-element elementor-element-0a155a2\" data-id=\"0a155a2\" data-element_type=\"column\">\n\t\t\t<div class=\"elementor-column-wrap elementor-element-populated\">\n\t\t\t\t\t\t\t<div class=\"elementor-widget-wrap\">\n\t\t\t\t\t\t<div class=\"elementor-element elementor-element-5c0ab4d elementor-widget elementor-widget-text-editor\" data-id=\"5c0ab4d\" data-element_type=\"widget\" data-widget_type=\"text-editor.default\">\n\t\t\t\t<div class=\"elementor-widget-container\">\n\t\t\t\t\t<div class=\"elementor-text-editor elementor-clearfix\"><p>Chetumal, Q. Roo a 3 de febrero. \u2013 En el marco de los primeros cien d\u00edas de trabajo, la presidenta municipal de Oth\u00f3n P. Blanco, Yensunni Mart\u00ednez Hern\u00e1ndez, inform\u00f3 que, en cumplimiento al cuarto eje prioritario de gobierno, de ordenamiento territorial para el desarrollo sostenible, han realizado diversas acciones orientadas a defender el equilibrio del entorno natural.<\/p><p>En este sentido, puntualiz\u00f3 que dicho eje, se enfoca en la recuperaci\u00f3n del espacio p\u00fablico de Oth\u00f3n P. Blanco, los servicios p\u00fablicos de calidad, as\u00ed como siempre buscar la sustentabilidad social y ambiental.<\/p><p>\u201cImpulsar la educaci\u00f3n ambiental en el municipio, es esencial para el cambio cultural que buscamos, para ello, creamos la campa\u00f1a \u201cPor un Oth\u00f3n P. Blanco sustentable\u201d, donde se concientiz\u00f3 a m\u00e1s de 40 ni\u00f1as y ni\u00f1os de la escuela preescolar Carmen Ochoa de Merino\u201d, se\u00f1al\u00f3 la alcaldesa capitalina.<\/p><p>Destac\u00f3 que el gobierno de la transformaci\u00f3n, implement\u00f3 el mini teatro \u201cCuidemos nuestra bah\u00eda Santuario del Manat\u00ed\u201d, el cual busca hacer conciencia en todas y todos sobre el correcto cuidado de nuestro entorno para as\u00ed preservar los recursos.<\/p><p>Coment\u00f3 que tambi\u00e9n se ha trabajado en el rescate del parque ecol\u00f3gico Zazil, a trav\u00e9s de barrido, podado y riego del vivero.<\/p><p>De igual forma, indic\u00f3 que, desde noviembre de 2021, preside tambi\u00e9n la Asociaci\u00f3n Municipal para el Medio Ambiente del Sur de Quintana Roo (AMUSUR), el cual es un espacio de cooperaci\u00f3n e intercambio de experiencias y de pol\u00edticas p\u00fablicas en materia ambiental.<\/p><p>Yensunni Mart\u00ednez dijo que coordin\u00f3 la trig\u00e9sima quinta sesi\u00f3n ordinaria de la comisi\u00f3n de cuenca del Rio Hondo, en donde se trabaj\u00f3 con el gobierno federal, los gobiernos de Quintana Roo y Campeche, el municipio de Calakmul e instituciones acad\u00e9micas y organizaciones de la sociedad civil.<\/p><p>Finalmente, asegur\u00f3 que, en conjunto con su equipo de trabajo, est\u00e1 gobernando y administrando el municipio de forma honesta, trabajando de manera abierta e incluyente para tener el municipio que todas y todos queremos.<\/p><\/div>\n\t\t\t\t<\/div>\n\t\t\t\t<\/div>\n\t\t\t\t\t\t<\/div>\n\t\t\t\t\t<\/div>\n\t\t<\/div>\n\t\t\t\t\t\t\t\t<\/div>\n\t\t\t\t\t<\/div>\n\t\t<\/section>\n\t\t\t\t<section class=\"elementor-section elementor-top-section elementor-element elementor-element-56b06c0 elementor-section-boxed elementor-section-height-default elementor-section-height-default\" data-id=\"56b06c0\" data-element_type=\"section\">\n\t\t\t\t\t\t<div class=\"elementor-container elementor-column-gap-default\">\n\t\t\t\t\t\t\t<div class=\"elementor-row\">\n\t\t\t\t\t<div class=\"elementor-column elementor-col-100 elementor-top-column elementor-element elementor-element-cd0cd73\" data-id=\"cd0cd73\" data-element_type=\"column\">\n\t\t\t<div class=\"elementor-column-wrap elementor-element-populated\">\n\t\t\t\t\t\t\t<div class=\"elementor-widget-wrap\">\n\t\t\t\t\t\t<div class=\"elementor-element elementor-element-b3bed0f elementor-widget elementor-widget-image-gallery\" data-id=\"b3bed0f\" data-element_type=\"widget\" data-widget_type=\"image-gallery.default\">\n\t\t\t\t<div class=\"elementor-widget-container\">\n\t\t\t\t\t<div class=\"elementor-image-gallery\">\n\t\t\t<div id='gallery-1' class='gallery galleryid-21025 gallery-columns-4 gallery-size-medium'><figure class='gallery-item'>\n\t\t\t<div class='gallery-icon landscape'>\n\t\t\t\t<a data-elementor-open-lightbox=\"yes\" data-elementor-lightbox-slideshow=\"b3bed0f\" data-elementor-lightbox-title=\"WhatsApp Image 2022-02-03 at 8.52.01 PM\" href='http:\/\/www.opb.gob.mx\/portal\/wp-content\/uploads\/2022\/02\/WhatsApp-Image-2022-02-03-at-8.52.01-PM.jpeg'><img width=\"768\" height=\"456\" src=\"http:\/\/www.opb.gob.mx\/portal\/wp-content\/uploads\/2022\/02\/WhatsApp-Image-2022-02-03-at-8.52.01-PM-768x456.jpeg\" class=\"attachment-medium size-medium\" alt=\"\" loading=\"lazy\" \/><\/a>\n\t\t\t<\/div><\/figure><figure class='gallery-item'>\n\t\t\t<div class='gallery-icon landscape'>\n\t\t\t\t<a data-elementor-open-lightbox=\"yes\" data-elementor-lightbox-slideshow=\"b3bed0f\" data-elementor-lightbox-title=\"WhatsApp Image 2022-02-03 at 8.52.02 PM\" href='http:\/\/www.opb.gob.mx\/portal\/wp-content\/uploads\/2022\/02\/WhatsApp-Image-2022-02-03-at-8.52.02-PM.jpeg'><img width=\"768\" height=\"456\" src=\"http:\/\/www.opb.gob.mx\/portal\/wp-content\/uploads\/2022\/02\/WhatsApp-Image-2022-02-03-at-8.52.02-PM-768x456.jpeg\" class=\"attachment-medium size-medium\" alt=\"\" loading=\"lazy\" \/><\/a>\n\t\t\t<\/div><\/figure><figure class='gallery-item'>\n\t\t\t<div class='gallery-icon landscape'>\n\t\t\t\t<a data-elementor-open-lightbox=\"yes\" data-elementor-lightbox-slideshow=\"b3bed0f\" data-elementor-lightbox-title=\"WhatsApp Image 2022-02-03 at 8.52.23 PM\" href='http:\/\/www.opb.gob.mx\/portal\/wp-content\/uploads\/2022\/02\/WhatsApp-Image-2022-02-03-at-8.52.23-PM.jpeg'><img width=\"768\" height=\"456\" src=\"http:\/\/www.opb.gob.mx\/portal\/wp-content\/uploads\/2022\/02\/WhatsApp-Image-2022-02-03-at-8.52.23-PM-768x456.jpeg\" class=\"attachment-medium size-medium\" alt=\"\" loading=\"lazy\" srcset=\"http:\/\/www.opb.gob.mx\/portal\/wp-content\/uploads\/2022\/02\/WhatsApp-Image-2022-02-03-at-8.52.23-PM-768x456.jpeg 768w, http:\/\/www.opb.gob.mx\/portal\/wp-content\/uploads\/2022\/02\/WhatsApp-Image-2022-02-03-at-8.52.23-PM-1170x694.jpeg 1170w\" sizes=\"(max-width: 768px) 100vw, 768px\" \/><\/a>\n\t\t\t<\/div><\/figure><figure class='gallery-item'>\n\t\t\t<div class='gallery-icon landscape'>\n\t\t\t\t<a data-elementor-open-lightbox=\"yes\" data-elementor-lightbox-slideshow=\"b3bed0f\" data-elementor-lightbox-title=\"WhatsApp Image 2022-02-03 at 8.52.23 PM (1)\" href='http:\/\/www.opb.gob.mx\/portal\/wp-content\/uploads\/2022\/02\/WhatsApp-Image-2022-02-03-at-8.52.23-PM-1.jpeg'><img width=\"768\" height=\"456\" src=\"http:\/\/www.opb.gob.mx\/portal\/wp-content\/uploads\/2022\/02\/WhatsApp-Image-2022-02-03-at-8.52.23-PM-1-768x456.jpeg\" class=\"attachment-medium size-medium\" alt=\"\" loading=\"lazy\" \/><\/a>\n\t\t\t<\/div><\/figure>\n\t\t<\/div>\n\t\t<\/div>\n\t\t\t\t<\/div>\n\t\t\t\t<\/div>\n\t\t\t\t\t\t<\/div>\n\t\t\t\t\t<\/div>\n\t\t<\/div>\n\t\t\t\t\t\t\t\t<\/div>\n\t\t\t\t\t<\/div>\n\t\t<\/section>\n\t\t\t\t\t\t<\/div>\n\t\t\t\t\t\t<\/div>\n\t\t\t\t\t<\/div>\n\t\t","protected":false},"excerpt":{"rendered":"<p>Programas y proyectos del municipio de la transformaci\u00f3n, apegados a la conservaci\u00f3n y protecci\u00f3n de nuestro entorno.<br \/>\n61\/2022.<\/p>\n","protected":false},"author":9,"featured_media":21026,"comment_status":"closed","ping_status":"open","sticky":false,"template":"","format":"standard","meta":[],"categories":[27],"tags":[],"_links":{"self":[{"href":"http:\/\/www.opb.gob.mx\/portal\/index.php?rest_route=\/wp\/v2\/posts\/21025"}],"collection":[{"href":"http:\/\/www.opb.gob.mx\/portal\/index.php?rest_route=\/wp\/v2\/posts"}],"about":[{"href":"http:\/\/www.opb.gob.mx\/portal\/index.php?rest_route=\/wp\/v2\/types\/post"}],"author":[{"embeddable":true,"href":"http:\/\/www.opb.gob.mx\/portal\/index.php?rest_route=\/wp\/v2\/users\/9"}],"replies":[{"embeddable":true,"href":"http:\/\/www.opb.gob.mx\/portal\/index.php?rest_route=%2Fwp%2Fv2%2Fcomments&post=21025"}],"version-history":[{"count":2,"href":"http:\/\/www.opb.gob.mx\/portal\/index.php?rest_route=\/wp\/v2\/posts\/21025\/revisions"}],"predecessor-version":[{"id":21032,"href":"http:\/\/www.opb.gob.mx\/portal\/index.php?rest_route=\/wp\/v2\/posts\/21025\/revisions\/21032"}],"wp:featuredmedia":[{"embeddable":true,"href":"http:\/\/www.opb.gob.mx\/portal\/index.php?rest_route=\/wp\/v2\/media\/21026"}],"wp:attachment":[{"href":"http:\/\/www.opb.gob.mx\/portal\/index.php?rest_route=%2Fwp%2Fv2%2Fmedia&parent=21025"}],"wp:term":[{"taxonomy":"category","embeddable":true,"href":"http:\/\/www.opb.gob.mx\/portal\/index.php?rest_route=%2Fwp%2Fv2%2Fcategories&post=21025"},{"taxonomy":"post_tag","embeddable":true,"href":"http:\/\/www.opb.gob.mx\/portal\/index.php?rest_route=%2Fwp%2Fv2%2Ftags&post=21025"}],"curies":[{"name":"wp","href":"https:\/\/api.w.org\/{rel}","templated":true}]}}