{"id":21162,"date":"2022-02-21T13:33:58","date_gmt":"2022-02-21T13:33:58","guid":{"rendered":"http:\/\/www.opb.gob.mx\/portal\/?p=21162"},"modified":"2022-02-21T13:34:42","modified_gmt":"2022-02-21T13:34:42","slug":"boletin-meteorologico-13","status":"publish","type":"post","link":"http:\/\/www.opb.gob.mx\/portal\/?p=21162","title":{"rendered":"BOLET\u00cdN METEOROL\u00d3GICO"},"content":{"rendered":"\t\t<div data-elementor-type=\"wp-post\" data-elementor-id=\"21162\" class=\"elementor elementor-21162\" data-elementor-settings=\"[]\">\n\t\t\t\t\t\t<div class=\"elementor-inner\">\n\t\t\t\t\t\t\t<div class=\"elementor-section-wrap\">\n\t\t\t\t\t\t\t<section class=\"elementor-section elementor-top-section elementor-element elementor-element-6aa1d7c elementor-section-boxed elementor-section-height-default elementor-section-height-default\" data-id=\"6aa1d7c\" data-element_type=\"section\">\n\t\t\t\t\t\t<div class=\"elementor-container elementor-column-gap-default\">\n\t\t\t\t\t\t\t<div class=\"elementor-row\">\n\t\t\t\t\t<div class=\"elementor-column elementor-col-100 elementor-top-column elementor-element elementor-element-7b648aa\" data-id=\"7b648aa\" data-element_type=\"column\">\n\t\t\t<div class=\"elementor-column-wrap elementor-element-populated\">\n\t\t\t\t\t\t\t<div class=\"elementor-widget-wrap\">\n\t\t\t\t\t\t<div class=\"elementor-element elementor-element-13ee6a5 elementor-widget elementor-widget-text-editor\" data-id=\"13ee6a5\" data-element_type=\"widget\" data-widget_type=\"text-editor.default\">\n\t\t\t\t<div class=\"elementor-widget-container\">\n\t\t\t\t\t<div class=\"elementor-text-editor elementor-clearfix\"><div class=\"kvgmc6g5 cxmmr5t8 oygrvhab hcukyx3x c1et5uql ii04i59q\"><div dir=\"auto\"><span style=\"text-decoration: underline;\"><strong>PERIODO DE VALIDEZ DE LAS 06:00 HRS. A LAS 18:00 HRS. DEL D\u00cdA 21 DE FEBRERO DEL 2022.<\/strong><\/span><\/div><div dir=\"auto\">\u00a0<\/div><div dir=\"auto\"><strong>SINOPSIS:<\/strong><\/div><div dir=\"auto\">\u00a0<\/div><div dir=\"auto\">Con base en la valoraci\u00f3n y an\u00e1lisis de la informaci\u00f3n meteorol\u00f3gica en general realizada y lo relativo a los pron\u00f3sticos del Servicio Meteorol\u00f3gico Nacional; la Coordinaci\u00f3n Estatal de Protecci\u00f3n Civil informa lo siguiente:<\/div><div dir=\"auto\">\u00a0<\/div><\/div><div class=\"cxmmr5t8 oygrvhab hcukyx3x c1et5uql o9v6fnle ii04i59q\"><div dir=\"auto\">1.- La entrada de aire mar\u00edtimo tropical con variable contenido de humedad procedente del Golfo de M\u00e9xico y mar Caribe hacia la Pen\u00ednsula de Yucat\u00e1n; interacciona con los remanentes del aire polar continental modificado; est\u00e1n provocando la permanencia de temperaturas frescas durante la madrugada y calurosas a muy calurosas en el transcurso del d\u00eda, nubosidad variable con lluvias aisladas con chubascos ocasionales sobre el estado de Quintana Roo, m\u00e1s frecuentes por la tarde o noche.<\/div><div dir=\"auto\">\u00a0<\/div><\/div><div class=\"cxmmr5t8 oygrvhab hcukyx3x c1et5uql o9v6fnle ii04i59q\"><div dir=\"auto\"><strong>TIEMPO PROBABLE:<\/strong><\/div><div dir=\"auto\">\u00a0<\/div><div dir=\"auto\">OTH\u00d3N P. BLANCO.- Medio nublado con nublados aislados, lluvias dispersas con chubascos ocasionales, viento del este y noreste de 15 a 25 kph., con rachas ocasionales.<\/div><div dir=\"auto\">\u00a0<\/div><\/div><div class=\"cxmmr5t8 oygrvhab hcukyx3x c1et5uql o9v6fnle ii04i59q\"><div dir=\"auto\">Sensaci\u00f3n t\u00e9rmica al Medio d\u00eda: 36\u00b0C.<\/div><div dir=\"auto\">Sensaci\u00f3n t\u00e9rmica m\u00ednima para ma\u00f1ana: 19\u00aaC.<\/div><div dir=\"auto\">\u00a0<\/div><\/div><div class=\"cxmmr5t8 oygrvhab hcukyx3x c1et5uql o9v6fnle ii04i59q\"><div dir=\"auto\">TEMPERATURA MAXIMA: 32 a 34\u00aaC.<\/div><div dir=\"auto\">TEMPERATURA MINIMA: 19 a 21\u00aaC.<\/div><div dir=\"auto\">\u00a0<\/div><div dir=\"auto\">SALIDA DEL SOL: 07:16 hrs.<\/div><div dir=\"auto\">PUESTA DEL SOL: 18:19 hrs.<\/div><div dir=\"auto\">\u00a0<\/div><\/div><div class=\"cxmmr5t8 oygrvhab hcukyx3x c1et5uql o9v6fnle ii04i59q\"><div dir=\"auto\"><strong>NOTA:<\/strong><\/div><div dir=\"auto\">La Coordinaci\u00f3n Estatal de Protecci\u00f3n Civil; emite las siguientes recomendaciones a la poblaci\u00f3n en general.<\/div><div dir=\"auto\">\u00a0<\/div><ul><li dir=\"auto\">Consultar peri\u00f3dicamente la emisi\u00f3n de los boletines meteorol\u00f3gicos los cuales se publican y actualizan en las redes sociales y la p\u00e1gina Web de la Coordinaci\u00f3n Estatal de Protecci\u00f3n Civil y del Gobierno del Estado de Quintana Roo.<\/li><\/ul><div dir=\"auto\">\u00a0<\/div><ul><li>Mantener las precauciones a la navegaci\u00f3n mar\u00edtima y actividades acu\u00e1ticas a lo largo de las costas del estado de Quintana Roo y Canal de Yucat\u00e1n por los efectos del viento, lluvia y oleaje.<\/li><\/ul><div dir=\"auto\">\u00a0<\/div><ul><li>Al transitar en carretera o en zonas urbanas; extremar precauciones por los bancos de niebla que se forman por las ma\u00f1anas y noches.<\/li><\/ul><div dir=\"auto\">\u00a0<\/div><ul><li>Tomar las medidas necesarias de protecci\u00f3n ante los cambios de temperaturas, as\u00ed como la de proteger a ni\u00f1os y adultos mayores, principalmente en las comunidades rurales del Estado<\/li><\/ul><\/div><\/div>\n\t\t\t\t<\/div>\n\t\t\t\t<\/div>\n\t\t\t\t\t\t<\/div>\n\t\t\t\t\t<\/div>\n\t\t<\/div>\n\t\t\t\t\t\t\t\t<\/div>\n\t\t\t\t\t<\/div>\n\t\t<\/section>\n\t\t\t\t<section class=\"elementor-section elementor-top-section elementor-element elementor-element-7780090 elementor-section-boxed elementor-section-height-default elementor-section-height-default\" data-id=\"7780090\" data-element_type=\"section\">\n\t\t\t\t\t\t<div class=\"elementor-container elementor-column-gap-default\">\n\t\t\t\t\t\t\t<div class=\"elementor-row\">\n\t\t\t\t\t<div class=\"elementor-column elementor-col-100 elementor-top-column elementor-element elementor-element-0519608\" data-id=\"0519608\" data-element_type=\"column\">\n\t\t\t<div class=\"elementor-column-wrap elementor-element-populated\">\n\t\t\t\t\t\t\t<div class=\"elementor-widget-wrap\">\n\t\t\t\t\t\t<div class=\"elementor-element elementor-element-2a477a3 elementor-widget elementor-widget-spacer\" data-id=\"2a477a3\" data-element_type=\"widget\" data-widget_type=\"spacer.default\">\n\t\t\t\t<div class=\"elementor-widget-container\">\n\t\t\t\t\t<div class=\"elementor-spacer\">\n\t\t\t<div class=\"elementor-spacer-inner\"><\/div>\n\t\t<\/div>\n\t\t\t\t<\/div>\n\t\t\t\t<\/div>\n\t\t\t\t\t\t<\/div>\n\t\t\t\t\t<\/div>\n\t\t<\/div>\n\t\t\t\t\t\t\t\t<\/div>\n\t\t\t\t\t<\/div>\n\t\t<\/section>\n\t\t\t\t<section class=\"elementor-section elementor-top-section elementor-element elementor-element-fe676fa elementor-section-boxed elementor-section-height-default elementor-section-height-default\" data-id=\"fe676fa\" data-element_type=\"section\">\n\t\t\t\t\t\t<div class=\"elementor-container elementor-column-gap-default\">\n\t\t\t\t\t\t\t<div class=\"elementor-row\">\n\t\t\t\t\t<div class=\"elementor-column elementor-col-100 elementor-top-column elementor-element elementor-element-63a1996\" data-id=\"63a1996\" data-element_type=\"column\">\n\t\t\t<div class=\"elementor-column-wrap elementor-element-populated\">\n\t\t\t\t\t\t\t<div class=\"elementor-widget-wrap\">\n\t\t\t\t\t\t<div class=\"elementor-element elementor-element-09d6468 elementor-widget elementor-widget-image\" data-id=\"09d6468\" data-element_type=\"widget\" data-widget_type=\"image.default\">\n\t\t\t\t<div class=\"elementor-widget-container\">\n\t\t\t\t\t<div class=\"elementor-image\">\n\t\t\t\t\t\t\t\t\t\t\t<a href=\"https:\/\/www.facebook.com\/236425840062787\/photos\/a.323793914659312\/1530729417299083\/\">\n\t\t\t\t\t\t\t<img width=\"826\" height=\"694\" src=\"http:\/\/www.opb.gob.mx\/portal\/wp-content\/uploads\/2022\/02\/BOLETIN-METEOROLOGICO-21-DE-FEBRERO-DEL-2022-826x694.jpg\" class=\"attachment-large size-large\" alt=\"\" loading=\"lazy\" \/>\t\t\t\t\t\t\t\t<\/a>\n\t\t\t\t\t\t\t\t\t\t\t<\/div>\n\t\t\t\t<\/div>\n\t\t\t\t<\/div>\n\t\t\t\t\t\t<\/div>\n\t\t\t\t\t<\/div>\n\t\t<\/div>\n\t\t\t\t\t\t\t\t<\/div>\n\t\t\t\t\t<\/div>\n\t\t<\/section>\n\t\t\t\t\t\t<\/div>\n\t\t\t\t\t\t<\/div>\n\t\t\t\t\t<\/div>\n\t\t","protected":false},"excerpt":{"rendered":"<p>PERIODO DE VALIDEZ DE LAS 06:00 HRS. A LAS 18:00 HRS. DEL D\u00cdA 21 DE FEBRERO DEL 2022.\u00a0SINOPSIS:\u00a0Con base en la valoraci\u00f3n y an\u00e1lisis de la informaci\u00f3n meteorol\u00f3gica en general realizada y lo relativo a los pron\u00f3sticos del Servicio Meteorol\u00f3gico Nacional; la Coordinaci\u00f3n Estatal de Protecci\u00f3n Civil informa lo siguiente:\u00a01.- La entrada de aire mar\u00edtimo<\/p>\n","protected":false},"author":7,"featured_media":21164,"comment_status":"closed","ping_status":"open","sticky":false,"template":"","format":"standard","meta":[],"categories":[28],"tags":[],"_links":{"self":[{"href":"http:\/\/www.opb.gob.mx\/portal\/index.php?rest_route=\/wp\/v2\/posts\/21162"}],"collection":[{"href":"http:\/\/www.opb.gob.mx\/portal\/index.php?rest_route=\/wp\/v2\/posts"}],"about":[{"href":"http:\/\/www.opb.gob.mx\/portal\/index.php?rest_route=\/wp\/v2\/types\/post"}],"author":[{"embeddable":true,"href":"http:\/\/www.opb.gob.mx\/portal\/index.php?rest_route=\/wp\/v2\/users\/7"}],"replies":[{"embeddable":true,"href":"http:\/\/www.opb.gob.mx\/portal\/index.php?rest_route=%2Fwp%2Fv2%2Fcomments&post=21162"}],"version-history":[{"count":3,"href":"http:\/\/www.opb.gob.mx\/portal\/index.php?rest_route=\/wp\/v2\/posts\/21162\/revisions"}],"predecessor-version":[{"id":21166,"href":"http:\/\/www.opb.gob.mx\/portal\/index.php?rest_route=\/wp\/v2\/posts\/21162\/revisions\/21166"}],"wp:featuredmedia":[{"embeddable":true,"href":"http:\/\/www.opb.gob.mx\/portal\/index.php?rest_route=\/wp\/v2\/media\/21164"}],"wp:attachment":[{"href":"http:\/\/www.opb.gob.mx\/portal\/index.php?rest_route=%2Fwp%2Fv2%2Fmedia&parent=21162"}],"wp:term":[{"taxonomy":"category","embeddable":true,"href":"http:\/\/www.opb.gob.mx\/portal\/index.php?rest_route=%2Fwp%2Fv2%2Fcategories&post=21162"},{"taxonomy":"post_tag","embeddable":true,"href":"http:\/\/www.opb.gob.mx\/portal\/index.php?rest_route=%2Fwp%2Fv2%2Ftags&post=21162"}],"curies":[{"name":"wp","href":"https:\/\/api.w.org\/{rel}","templated":true}]}}