{"id":21313,"date":"2022-03-14T16:25:42","date_gmt":"2022-03-14T16:25:42","guid":{"rendered":"http:\/\/www.opb.gob.mx\/portal\/?p=21313"},"modified":"2022-03-14T16:28:16","modified_gmt":"2022-03-14T16:28:16","slug":"boletin-meteorologico-del-dia-14-de-marzo-del-2022","status":"publish","type":"post","link":"http:\/\/www.opb.gob.mx\/portal\/?p=21313","title":{"rendered":"BOLET\u00cdN METEOROL\u00d3GICO DEL D\u00cdA 14 DE MARZO DEL 2022"},"content":{"rendered":"\t\t<div data-elementor-type=\"wp-post\" data-elementor-id=\"21313\" class=\"elementor elementor-21313\" data-elementor-settings=\"[]\">\n\t\t\t\t\t\t<div class=\"elementor-inner\">\n\t\t\t\t\t\t\t<div class=\"elementor-section-wrap\">\n\t\t\t\t\t\t\t<section class=\"elementor-section elementor-top-section elementor-element elementor-element-7c68877 elementor-section-boxed elementor-section-height-default elementor-section-height-default\" data-id=\"7c68877\" data-element_type=\"section\">\n\t\t\t\t\t\t<div class=\"elementor-container elementor-column-gap-default\">\n\t\t\t\t\t\t\t<div class=\"elementor-row\">\n\t\t\t\t\t<div class=\"elementor-column elementor-col-100 elementor-top-column elementor-element elementor-element-35c7fa8\" data-id=\"35c7fa8\" data-element_type=\"column\">\n\t\t\t<div class=\"elementor-column-wrap elementor-element-populated\">\n\t\t\t\t\t\t\t<div class=\"elementor-widget-wrap\">\n\t\t\t\t\t\t<div class=\"elementor-element elementor-element-e0ec95b elementor-widget elementor-widget-text-editor\" data-id=\"e0ec95b\" data-element_type=\"widget\" data-widget_type=\"text-editor.default\">\n\t\t\t\t<div class=\"elementor-widget-container\">\n\t\t\t\t\t<div class=\"elementor-text-editor elementor-clearfix\"><p><span style=\"text-decoration: underline;\"><strong>PERIODO DE VALIDEZ DE LAS 06:00 HRS. A LAS 18:00 HRS. DEL D\u00cdA 14 DE MARZO DEL 2022.<\/strong><\/span><\/p><p><br \/><strong>SINOPSIS:<\/strong><\/p><p><br \/>Con base en la valoraci\u00f3n y an\u00e1lisis de la informaci\u00f3n meteorol\u00f3gica en general realizada y lo relativo a los pron\u00f3sticos del Servicio Meteorol\u00f3gico Nacional; la Coordinaci\u00f3n Estatal de Protecci\u00f3n Civil informa lo siguiente:<br \/><br \/>El frente n\u00famero 35 se localiza sobre el occidente del Mar Caribe, dejando de afectar a la Pen\u00ednsula de Yucat\u00e1n. La masa de aire fr\u00edo asociada empezar\u00e1 a modificar sus caracter\u00edsticas t\u00e9rmicas durante la tarde, favoreciendo un gradual ascenso en las temperaturas vespertinas en gran parte del territorio nacional, sin embargo, se mantendr\u00e1 ambiente fresco en el Estado, as\u00ed como viento de componente norte en la pen\u00ednsula, disminuyendo en el transcurso de la tarde.<br \/><br \/>Por otro lado, canal de baja presi\u00f3n sobre en el interior del territorio nacional y la Pen\u00ednsula de Yucat\u00e1n, en interacci\u00f3n con la entrada de humedad del mar Caribe, originar\u00e1 lluvias y chubascos que podr\u00e1n acompa\u00f1arse de descargas el\u00e9ctricas en la Pen\u00ednsula de Yucat\u00e1n. Finalmente, persistir\u00e1 ambiente vespertino de caluroso a muy caluros.<br \/><br \/><strong>TIEMPO PROBABLE:<\/strong><\/p><p>\u00a0<\/p><p>OTHON P. BLANCO.- Medio nublado con nublados aislados, lluvias dispersas con chubascos ocasionales, viento del este y noreste de 15 a 25 kph., con rachas ocasionales.<br \/><br \/><strong>NOTA:<\/strong><\/p><p>La Coordinaci\u00f3n Estatal de Protecci\u00f3n Civil; emite las siguientes recomendaciones a la poblaci\u00f3n en general.<\/p><ul><li><br \/>Consultar peri\u00f3dicamente la emisi\u00f3n de los boletines meteorol\u00f3gicos los cuales se publican y actualizan en las redes sociales y la p\u00e1gina Web de la Coordinaci\u00f3n Estatal de Protecci\u00f3n Civil y del Gobierno del Estado de Quintana Roo.<\/li><li><br \/>Mantener las precauciones a la navegaci\u00f3n mar\u00edtima y actividades acu\u00e1ticas a lo largo de las costas del estado de Quintana Roo y Canal de Yucat\u00e1n por los efectos del viento, lluvia y oleaje.<\/li><li><br \/>Al transitar en carretera o en zonas urbanas; extremar precauciones por los bancos de niebla que se forman por las ma\u00f1anas y noches.<\/li><li><br \/>Tomar las medidas necesarias de protecci\u00f3n ante los cambios de temperaturas, as\u00ed como la de proteger a ni\u00f1os y adultos mayores, principalmente en las comunidades rurales del Estado.<\/li><\/ul><\/div>\n\t\t\t\t<\/div>\n\t\t\t\t<\/div>\n\t\t\t\t\t\t<\/div>\n\t\t\t\t\t<\/div>\n\t\t<\/div>\n\t\t\t\t\t\t\t\t<\/div>\n\t\t\t\t\t<\/div>\n\t\t<\/section>\n\t\t\t\t<section class=\"elementor-section elementor-top-section elementor-element elementor-element-dc25441 elementor-section-boxed elementor-section-height-default elementor-section-height-default\" data-id=\"dc25441\" data-element_type=\"section\">\n\t\t\t\t\t\t<div class=\"elementor-container elementor-column-gap-default\">\n\t\t\t\t\t\t\t<div class=\"elementor-row\">\n\t\t\t\t\t<div class=\"elementor-column elementor-col-100 elementor-top-column elementor-element elementor-element-d24ee0a\" data-id=\"d24ee0a\" data-element_type=\"column\">\n\t\t\t<div class=\"elementor-column-wrap elementor-element-populated\">\n\t\t\t\t\t\t\t<div class=\"elementor-widget-wrap\">\n\t\t\t\t\t\t<div class=\"elementor-element elementor-element-02facd1 elementor-widget elementor-widget-spacer\" data-id=\"02facd1\" data-element_type=\"widget\" data-widget_type=\"spacer.default\">\n\t\t\t\t<div class=\"elementor-widget-container\">\n\t\t\t\t\t<div class=\"elementor-spacer\">\n\t\t\t<div class=\"elementor-spacer-inner\"><\/div>\n\t\t<\/div>\n\t\t\t\t<\/div>\n\t\t\t\t<\/div>\n\t\t\t\t\t\t<\/div>\n\t\t\t\t\t<\/div>\n\t\t<\/div>\n\t\t\t\t\t\t\t\t<\/div>\n\t\t\t\t\t<\/div>\n\t\t<\/section>\n\t\t\t\t<section class=\"elementor-section elementor-top-section elementor-element elementor-element-18376b9 elementor-section-boxed elementor-section-height-default elementor-section-height-default\" data-id=\"18376b9\" data-element_type=\"section\">\n\t\t\t\t\t\t<div class=\"elementor-container elementor-column-gap-default\">\n\t\t\t\t\t\t\t<div class=\"elementor-row\">\n\t\t\t\t\t<div class=\"elementor-column elementor-col-100 elementor-top-column elementor-element elementor-element-dddc691\" data-id=\"dddc691\" data-element_type=\"column\">\n\t\t\t<div class=\"elementor-column-wrap elementor-element-populated\">\n\t\t\t\t\t\t\t<div class=\"elementor-widget-wrap\">\n\t\t\t\t\t\t<div class=\"elementor-element elementor-element-8c5bf63 elementor-widget elementor-widget-image\" data-id=\"8c5bf63\" data-element_type=\"widget\" data-widget_type=\"image.default\">\n\t\t\t\t<div class=\"elementor-widget-container\">\n\t\t\t\t\t<div class=\"elementor-image\">\n\t\t\t\t\t\t\t\t\t\t\t<a href=\"https:\/\/www.facebook.com\/236425840062787\/photos\/a.323793914659312\/1544692292569462\/\">\n\t\t\t\t\t\t\t<img width=\"826\" height=\"694\" src=\"http:\/\/www.opb.gob.mx\/portal\/wp-content\/uploads\/2022\/03\/BOLETIN-METEOROLOGICO-14-DE-MARZO-DEL-2022-826x694.jpg\" class=\"attachment-large size-large\" alt=\"\" loading=\"lazy\" \/>\t\t\t\t\t\t\t\t<\/a>\n\t\t\t\t\t\t\t\t\t\t\t<\/div>\n\t\t\t\t<\/div>\n\t\t\t\t<\/div>\n\t\t\t\t\t\t<\/div>\n\t\t\t\t\t<\/div>\n\t\t<\/div>\n\t\t\t\t\t\t\t\t<\/div>\n\t\t\t\t\t<\/div>\n\t\t<\/section>\n\t\t\t\t<section class=\"elementor-section elementor-top-section elementor-element elementor-element-ed3806c elementor-section-boxed elementor-section-height-default elementor-section-height-default\" data-id=\"ed3806c\" data-element_type=\"section\">\n\t\t\t\t\t\t<div class=\"elementor-container elementor-column-gap-default\">\n\t\t\t\t\t\t\t<div class=\"elementor-row\">\n\t\t\t\t\t<div class=\"elementor-column elementor-col-100 elementor-top-column elementor-element elementor-element-040a44e\" data-id=\"040a44e\" data-element_type=\"column\">\n\t\t\t<div class=\"elementor-column-wrap elementor-element-populated\">\n\t\t\t\t\t\t\t<div class=\"elementor-widget-wrap\">\n\t\t\t\t\t\t<div class=\"elementor-element elementor-element-1248131 elementor-widget elementor-widget-spacer\" data-id=\"1248131\" data-element_type=\"widget\" data-widget_type=\"spacer.default\">\n\t\t\t\t<div class=\"elementor-widget-container\">\n\t\t\t\t\t<div class=\"elementor-spacer\">\n\t\t\t<div class=\"elementor-spacer-inner\"><\/div>\n\t\t<\/div>\n\t\t\t\t<\/div>\n\t\t\t\t<\/div>\n\t\t\t\t\t\t<\/div>\n\t\t\t\t\t<\/div>\n\t\t<\/div>\n\t\t\t\t\t\t\t\t<\/div>\n\t\t\t\t\t<\/div>\n\t\t<\/section>\n\t\t\t\t<section class=\"elementor-section elementor-top-section elementor-element elementor-element-94d9890 elementor-section-boxed elementor-section-height-default elementor-section-height-default\" data-id=\"94d9890\" data-element_type=\"section\">\n\t\t\t\t\t\t<div class=\"elementor-container elementor-column-gap-default\">\n\t\t\t\t\t\t\t<div class=\"elementor-row\">\n\t\t\t\t\t<div class=\"elementor-column elementor-col-100 elementor-top-column elementor-element elementor-element-a76de3b\" data-id=\"a76de3b\" data-element_type=\"column\">\n\t\t\t<div class=\"elementor-column-wrap elementor-element-populated\">\n\t\t\t\t\t\t\t<div class=\"elementor-widget-wrap\">\n\t\t\t\t\t\t<div class=\"elementor-element elementor-element-24dff0d elementor-widget elementor-widget-text-editor\" data-id=\"24dff0d\" data-element_type=\"widget\" data-widget_type=\"text-editor.default\">\n\t\t\t\t<div class=\"elementor-widget-container\">\n\t\t\t\t\t<div class=\"elementor-text-editor elementor-clearfix\"><p>\u00a0((Aviso))\u00a0<span class=\"pq6dq46d tbxw36s4 knj5qynh kvgmc6g5 ditlmg2l oygrvhab nvdbi5me sf5mxxl7 gl3lb2sf hhz5lgdu\"><img loading=\"lazy\" src=\"https:\/\/static.xx.fbcdn.net\/images\/emoji.php\/v9\/t2e\/1\/16\/2744.png\" alt=\"\u2744\ufe0f\" width=\"16\" height=\"16\" \/><\/span>\u00a0La Coordinaci\u00f3n Estatal de Protecci\u00f3n Civil informa que, con base en el Servicio Meteorol\u00f3gico Nacional, las estaciones autom\u00e1ticas y convencionales de la CONAGUA, registraron por el frente fr\u00edo n\u00famero 35 y la masa de aire fr\u00eda la madrugada de este lunes, en la comunidad de Nicolas Braco, Oth\u00f3n P. Blanco, 17.4 y Chetumal 19.4 grados.<\/p><\/div>\n\t\t\t\t<\/div>\n\t\t\t\t<\/div>\n\t\t\t\t\t\t<\/div>\n\t\t\t\t\t<\/div>\n\t\t<\/div>\n\t\t\t\t\t\t\t\t<\/div>\n\t\t\t\t\t<\/div>\n\t\t<\/section>\n\t\t\t\t<section class=\"elementor-section elementor-top-section elementor-element elementor-element-3f7bd2f elementor-section-boxed elementor-section-height-default elementor-section-height-default\" data-id=\"3f7bd2f\" data-element_type=\"section\">\n\t\t\t\t\t\t<div class=\"elementor-container elementor-column-gap-default\">\n\t\t\t\t\t\t\t<div class=\"elementor-row\">\n\t\t\t\t\t<div class=\"elementor-column elementor-col-100 elementor-top-column elementor-element elementor-element-227de55\" data-id=\"227de55\" data-element_type=\"column\">\n\t\t\t<div class=\"elementor-column-wrap elementor-element-populated\">\n\t\t\t\t\t\t\t<div class=\"elementor-widget-wrap\">\n\t\t\t\t\t\t<div class=\"elementor-element elementor-element-bc636aa elementor-widget elementor-widget-spacer\" data-id=\"bc636aa\" data-element_type=\"widget\" data-widget_type=\"spacer.default\">\n\t\t\t\t<div class=\"elementor-widget-container\">\n\t\t\t\t\t<div class=\"elementor-spacer\">\n\t\t\t<div class=\"elementor-spacer-inner\"><\/div>\n\t\t<\/div>\n\t\t\t\t<\/div>\n\t\t\t\t<\/div>\n\t\t\t\t\t\t<\/div>\n\t\t\t\t\t<\/div>\n\t\t<\/div>\n\t\t\t\t\t\t\t\t<\/div>\n\t\t\t\t\t<\/div>\n\t\t<\/section>\n\t\t\t\t<section class=\"elementor-section elementor-top-section elementor-element elementor-element-76ea2fc elementor-section-boxed elementor-section-height-default elementor-section-height-default\" data-id=\"76ea2fc\" data-element_type=\"section\">\n\t\t\t\t\t\t<div class=\"elementor-container elementor-column-gap-default\">\n\t\t\t\t\t\t\t<div class=\"elementor-row\">\n\t\t\t\t\t<div class=\"elementor-column elementor-col-100 elementor-top-column elementor-element elementor-element-47e5ad3\" data-id=\"47e5ad3\" data-element_type=\"column\">\n\t\t\t<div class=\"elementor-column-wrap elementor-element-populated\">\n\t\t\t\t\t\t\t<div class=\"elementor-widget-wrap\">\n\t\t\t\t\t\t<div class=\"elementor-element elementor-element-ab7b14a elementor-widget elementor-widget-image\" data-id=\"ab7b14a\" data-element_type=\"widget\" data-widget_type=\"image.default\">\n\t\t\t\t<div class=\"elementor-widget-container\">\n\t\t\t\t\t<div class=\"elementor-image\">\n\t\t\t\t\t\t\t\t\t\t\t<a href=\"https:\/\/www.facebook.com\/236425840062787\/photos\/a.323793914659312\/1544801235891901\/\">\n\t\t\t\t\t\t\t<img width=\"832\" height=\"501\" src=\"http:\/\/www.opb.gob.mx\/portal\/wp-content\/uploads\/2022\/03\/FRENTE-FRIO-NUMERO-35.jpg\" class=\"attachment-large size-large\" alt=\"\" loading=\"lazy\" srcset=\"http:\/\/www.opb.gob.mx\/portal\/wp-content\/uploads\/2022\/03\/FRENTE-FRIO-NUMERO-35.jpg 832w, http:\/\/www.opb.gob.mx\/portal\/wp-content\/uploads\/2022\/03\/FRENTE-FRIO-NUMERO-35-768x462.jpg 768w\" sizes=\"(max-width: 832px) 100vw, 832px\" \/>\t\t\t\t\t\t\t\t<\/a>\n\t\t\t\t\t\t\t\t\t\t\t<\/div>\n\t\t\t\t<\/div>\n\t\t\t\t<\/div>\n\t\t\t\t\t\t<\/div>\n\t\t\t\t\t<\/div>\n\t\t<\/div>\n\t\t\t\t\t\t\t\t<\/div>\n\t\t\t\t\t<\/div>\n\t\t<\/section>\n\t\t\t\t\t\t<\/div>\n\t\t\t\t\t\t<\/div>\n\t\t\t\t\t<\/div>\n\t\t","protected":false},"excerpt":{"rendered":"<p>PERIODO DE VALIDEZ DE LAS 06:00 HRS. A LAS 18:00 HRS. DEL D\u00cdA 14 DE MARZO DEL 2022. SINOPSIS: Con base en la valoraci\u00f3n y an\u00e1lisis de la informaci\u00f3n meteorol\u00f3gica en general realizada y lo relativo a los pron\u00f3sticos del Servicio Meteorol\u00f3gico Nacional; la Coordinaci\u00f3n Estatal de Protecci\u00f3n Civil informa lo siguiente: El frente n\u00famero<\/p>\n","protected":false},"author":7,"featured_media":21315,"comment_status":"closed","ping_status":"open","sticky":false,"template":"","format":"standard","meta":[],"categories":[28],"tags":[],"_links":{"self":[{"href":"http:\/\/www.opb.gob.mx\/portal\/index.php?rest_route=\/wp\/v2\/posts\/21313"}],"collection":[{"href":"http:\/\/www.opb.gob.mx\/portal\/index.php?rest_route=\/wp\/v2\/posts"}],"about":[{"href":"http:\/\/www.opb.gob.mx\/portal\/index.php?rest_route=\/wp\/v2\/types\/post"}],"author":[{"embeddable":true,"href":"http:\/\/www.opb.gob.mx\/portal\/index.php?rest_route=\/wp\/v2\/users\/7"}],"replies":[{"embeddable":true,"href":"http:\/\/www.opb.gob.mx\/portal\/index.php?rest_route=%2Fwp%2Fv2%2Fcomments&post=21313"}],"version-history":[{"count":3,"href":"http:\/\/www.opb.gob.mx\/portal\/index.php?rest_route=\/wp\/v2\/posts\/21313\/revisions"}],"predecessor-version":[{"id":21318,"href":"http:\/\/www.opb.gob.mx\/portal\/index.php?rest_route=\/wp\/v2\/posts\/21313\/revisions\/21318"}],"wp:featuredmedia":[{"embeddable":true,"href":"http:\/\/www.opb.gob.mx\/portal\/index.php?rest_route=\/wp\/v2\/media\/21315"}],"wp:attachment":[{"href":"http:\/\/www.opb.gob.mx\/portal\/index.php?rest_route=%2Fwp%2Fv2%2Fmedia&parent=21313"}],"wp:term":[{"taxonomy":"category","embeddable":true,"href":"http:\/\/www.opb.gob.mx\/portal\/index.php?rest_route=%2Fwp%2Fv2%2Fcategories&post=21313"},{"taxonomy":"post_tag","embeddable":true,"href":"http:\/\/www.opb.gob.mx\/portal\/index.php?rest_route=%2Fwp%2Fv2%2Ftags&post=21313"}],"curies":[{"name":"wp","href":"https:\/\/api.w.org\/{rel}","templated":true}]}}