{"id":22256,"date":"2022-07-01T13:00:07","date_gmt":"2022-07-01T13:00:07","guid":{"rendered":"http:\/\/www.opb.gob.mx\/portal\/?p=22256"},"modified":"2022-07-01T19:02:30","modified_gmt":"2022-07-01T19:02:30","slug":"comision-de-rastros-mercados-funerarias-y-panteones-recibe-a-vecinos-de-residencial-santa-elena-para-escuchar-sus-problematicas","status":"publish","type":"post","link":"http:\/\/www.opb.gob.mx\/portal\/?p=22256","title":{"rendered":"COMISI\u00d3N DE RASTROS, MERCADOS, FUNERARIAS Y PANTEONES, RECIBE A VECINOS DE RESIDENCIAL SANTA ELENA PARA ESCUCHAR SUS PROBLEM\u00c1TICAS"},"content":{"rendered":"\t\t<div data-elementor-type=\"wp-post\" data-elementor-id=\"22256\" class=\"elementor elementor-22256\" data-elementor-settings=\"[]\">\n\t\t\t\t\t\t<div class=\"elementor-inner\">\n\t\t\t\t\t\t\t<div class=\"elementor-section-wrap\">\n\t\t\t\t\t\t\t<section class=\"elementor-section elementor-top-section elementor-element elementor-element-e7e0d18 elementor-section-boxed elementor-section-height-default elementor-section-height-default\" data-id=\"e7e0d18\" data-element_type=\"section\">\n\t\t\t\t\t\t<div class=\"elementor-container elementor-column-gap-default\">\n\t\t\t\t\t\t\t<div class=\"elementor-row\">\n\t\t\t\t\t<div class=\"elementor-column elementor-col-100 elementor-top-column elementor-element elementor-element-d595e2e\" data-id=\"d595e2e\" data-element_type=\"column\">\n\t\t\t<div class=\"elementor-column-wrap elementor-element-populated\">\n\t\t\t\t\t\t\t<div class=\"elementor-widget-wrap\">\n\t\t\t\t\t\t<div class=\"elementor-element elementor-element-5508138 elementor-widget elementor-widget-text-editor\" data-id=\"5508138\" data-element_type=\"widget\" data-widget_type=\"text-editor.default\">\n\t\t\t\t<div class=\"elementor-widget-container\">\n\t\t\t\t\t<div class=\"elementor-text-editor elementor-clearfix\"><p>Chetumal, Q. Roo a 1 de julio. \u2013 En cumplimiento al tercer eje prioritario de gobierno, de ser una administraci\u00f3n abierta y transparente, este viernes por la ma\u00f1ana, en sesi\u00f3n de la comisi\u00f3n de rastros, mercados, funerarias y panteones, se dio oportunidad a una audiencia con los vecinos del fraccionamiento residencial Santa Elena para escuchar sus problem\u00e1ticas y buscar soluciones.<\/p><p>De este modo, los integrantes de la comisi\u00f3n, el presidente Jos\u00e9 \u00c1ngel Mu\u00f1oz, la secretaria, Victoria Manrique, y la vocal Lidia Rojas, escucharon atentamente las peticiones de los pobladores, quienes expresaron su inconformidad sobre una empresa que construy\u00f3 y puso en marcha un crematorio, ya que emana humo de manera frecuente y con ello, olores muy fuertes.<\/p><p>En este sentido, solicitaron la reubicaci\u00f3n del negocio, a trav\u00e9s de la verificaci\u00f3n de la normativa para la realizaci\u00f3n de sus labores, as\u00ed como tambi\u00e9n con el cumplimiento de los permisos requeridos.<\/p><p>Agregaron que, varias familias que ah\u00ed residen ya han tenido problemas respiratorios que se han complicado por la emanaci\u00f3n de humo, adem\u00e1s de la molestia generalizada, que esto causa.<\/p><p>Las y los regidores, se comprometieron a trabajar de manera inmediata en la verificaci\u00f3n de lo requerido, empezando por los permisos que debi\u00f3 otorgar el Ayuntamiento y bajo los lineamientos que se dio, de igual forma a brindarle seguimiento a la denuncia interpuesta por los vecinos ante la Procuradur\u00eda de Protecci\u00f3n al Ambiente.<\/p><p>Finalmente, agradecieron a la gente por acercarse al Ayuntamiento, para poder trabajar juntos y efectivamente en las problem\u00e1ticas que presentan, con ello, tambi\u00e9n se da muestra al gobierno abierto que ha establecido la alcaldesa capitalina, Yensunni Mart\u00ednez Hern\u00e1ndez.<\/p><\/div>\n\t\t\t\t<\/div>\n\t\t\t\t<\/div>\n\t\t\t\t\t\t<\/div>\n\t\t\t\t\t<\/div>\n\t\t<\/div>\n\t\t\t\t\t\t\t\t<\/div>\n\t\t\t\t\t<\/div>\n\t\t<\/section>\n\t\t\t\t<section class=\"elementor-section elementor-top-section elementor-element elementor-element-66dea7c elementor-section-boxed elementor-section-height-default elementor-section-height-default\" data-id=\"66dea7c\" data-element_type=\"section\">\n\t\t\t\t\t\t<div class=\"elementor-container elementor-column-gap-default\">\n\t\t\t\t\t\t\t<div class=\"elementor-row\">\n\t\t\t\t\t<div class=\"elementor-column elementor-col-100 elementor-top-column elementor-element elementor-element-8cc0354\" data-id=\"8cc0354\" data-element_type=\"column\">\n\t\t\t<div class=\"elementor-column-wrap elementor-element-populated\">\n\t\t\t\t\t\t\t<div class=\"elementor-widget-wrap\">\n\t\t\t\t\t\t<div class=\"elementor-element elementor-element-8407448 elementor-widget elementor-widget-image-gallery\" data-id=\"8407448\" data-element_type=\"widget\" data-widget_type=\"image-gallery.default\">\n\t\t\t\t<div class=\"elementor-widget-container\">\n\t\t\t\t\t<div class=\"elementor-image-gallery\">\n\t\t\t<div id='gallery-1' class='gallery galleryid-22256 gallery-columns-4 gallery-size-medium'><figure class='gallery-item'>\n\t\t\t<div class='gallery-icon landscape'>\n\t\t\t\t<a data-elementor-open-lightbox=\"yes\" data-elementor-lightbox-slideshow=\"8407448\" data-elementor-lightbox-title=\"WhatsApp Image 2022-07-01 at 1.57.06 PM\" href='http:\/\/www.opb.gob.mx\/portal\/wp-content\/uploads\/2022\/07\/WhatsApp-Image-2022-07-01-at-1.57.06-PM.jpeg'><img width=\"768\" height=\"456\" src=\"http:\/\/www.opb.gob.mx\/portal\/wp-content\/uploads\/2022\/07\/WhatsApp-Image-2022-07-01-at-1.57.06-PM-768x456.jpeg\" class=\"attachment-medium size-medium\" alt=\"\" loading=\"lazy\" srcset=\"http:\/\/www.opb.gob.mx\/portal\/wp-content\/uploads\/2022\/07\/WhatsApp-Image-2022-07-01-at-1.57.06-PM-768x456.jpeg 768w, http:\/\/www.opb.gob.mx\/portal\/wp-content\/uploads\/2022\/07\/WhatsApp-Image-2022-07-01-at-1.57.06-PM-1170x694.jpeg 1170w\" sizes=\"(max-width: 768px) 100vw, 768px\" \/><\/a>\n\t\t\t<\/div><\/figure><figure class='gallery-item'>\n\t\t\t<div class='gallery-icon landscape'>\n\t\t\t\t<a data-elementor-open-lightbox=\"yes\" data-elementor-lightbox-slideshow=\"8407448\" data-elementor-lightbox-title=\"WhatsApp Image 2022-07-01 at 1.57.06 PM (1)\" href='http:\/\/www.opb.gob.mx\/portal\/wp-content\/uploads\/2022\/07\/WhatsApp-Image-2022-07-01-at-1.57.06-PM-1.jpeg'><img width=\"768\" height=\"456\" src=\"http:\/\/www.opb.gob.mx\/portal\/wp-content\/uploads\/2022\/07\/WhatsApp-Image-2022-07-01-at-1.57.06-PM-1-768x456.jpeg\" class=\"attachment-medium size-medium\" alt=\"\" loading=\"lazy\" srcset=\"http:\/\/www.opb.gob.mx\/portal\/wp-content\/uploads\/2022\/07\/WhatsApp-Image-2022-07-01-at-1.57.06-PM-1-768x456.jpeg 768w, http:\/\/www.opb.gob.mx\/portal\/wp-content\/uploads\/2022\/07\/WhatsApp-Image-2022-07-01-at-1.57.06-PM-1-1170x694.jpeg 1170w\" sizes=\"(max-width: 768px) 100vw, 768px\" \/><\/a>\n\t\t\t<\/div><\/figure><figure class='gallery-item'>\n\t\t\t<div class='gallery-icon landscape'>\n\t\t\t\t<a data-elementor-open-lightbox=\"yes\" data-elementor-lightbox-slideshow=\"8407448\" data-elementor-lightbox-title=\"WhatsApp Image 2022-07-01 at 1.57.07 PM\" href='http:\/\/www.opb.gob.mx\/portal\/wp-content\/uploads\/2022\/07\/WhatsApp-Image-2022-07-01-at-1.57.07-PM.jpeg'><img width=\"768\" height=\"456\" src=\"http:\/\/www.opb.gob.mx\/portal\/wp-content\/uploads\/2022\/07\/WhatsApp-Image-2022-07-01-at-1.57.07-PM-768x456.jpeg\" class=\"attachment-medium size-medium\" alt=\"\" loading=\"lazy\" srcset=\"http:\/\/www.opb.gob.mx\/portal\/wp-content\/uploads\/2022\/07\/WhatsApp-Image-2022-07-01-at-1.57.07-PM-768x456.jpeg 768w, http:\/\/www.opb.gob.mx\/portal\/wp-content\/uploads\/2022\/07\/WhatsApp-Image-2022-07-01-at-1.57.07-PM-1170x694.jpeg 1170w\" sizes=\"(max-width: 768px) 100vw, 768px\" \/><\/a>\n\t\t\t<\/div><\/figure><figure class='gallery-item'>\n\t\t\t<div class='gallery-icon landscape'>\n\t\t\t\t<a data-elementor-open-lightbox=\"yes\" data-elementor-lightbox-slideshow=\"8407448\" data-elementor-lightbox-title=\"WhatsApp Image 2022-07-01 at 1.57.08 PM\" href='http:\/\/www.opb.gob.mx\/portal\/wp-content\/uploads\/2022\/07\/WhatsApp-Image-2022-07-01-at-1.57.08-PM.jpeg'><img width=\"768\" height=\"456\" src=\"http:\/\/www.opb.gob.mx\/portal\/wp-content\/uploads\/2022\/07\/WhatsApp-Image-2022-07-01-at-1.57.08-PM-768x456.jpeg\" class=\"attachment-medium size-medium\" alt=\"\" loading=\"lazy\" srcset=\"http:\/\/www.opb.gob.mx\/portal\/wp-content\/uploads\/2022\/07\/WhatsApp-Image-2022-07-01-at-1.57.08-PM-768x456.jpeg 768w, http:\/\/www.opb.gob.mx\/portal\/wp-content\/uploads\/2022\/07\/WhatsApp-Image-2022-07-01-at-1.57.08-PM-1170x694.jpeg 1170w\" sizes=\"(max-width: 768px) 100vw, 768px\" \/><\/a>\n\t\t\t<\/div><\/figure>\n\t\t<\/div>\n\t\t<\/div>\n\t\t\t\t<\/div>\n\t\t\t\t<\/div>\n\t\t\t\t\t\t<\/div>\n\t\t\t\t\t<\/div>\n\t\t<\/div>\n\t\t\t\t\t\t\t\t<\/div>\n\t\t\t\t\t<\/div>\n\t\t<\/section>\n\t\t\t\t\t\t<\/div>\n\t\t\t\t\t\t<\/div>\n\t\t\t\t\t<\/div>\n\t\t","protected":false},"excerpt":{"rendered":"<p>En pl\u00e1tica abierta, regidoras y regidores atienden a ciudadanos acerca de problem\u00e1tica ambiental en su colonia.<\/p>\n","protected":false},"author":9,"featured_media":22257,"comment_status":"closed","ping_status":"open","sticky":false,"template":"","format":"standard","meta":[],"categories":[27],"tags":[],"_links":{"self":[{"href":"http:\/\/www.opb.gob.mx\/portal\/index.php?rest_route=\/wp\/v2\/posts\/22256"}],"collection":[{"href":"http:\/\/www.opb.gob.mx\/portal\/index.php?rest_route=\/wp\/v2\/posts"}],"about":[{"href":"http:\/\/www.opb.gob.mx\/portal\/index.php?rest_route=\/wp\/v2\/types\/post"}],"author":[{"embeddable":true,"href":"http:\/\/www.opb.gob.mx\/portal\/index.php?rest_route=\/wp\/v2\/users\/9"}],"replies":[{"embeddable":true,"href":"http:\/\/www.opb.gob.mx\/portal\/index.php?rest_route=%2Fwp%2Fv2%2Fcomments&post=22256"}],"version-history":[{"count":2,"href":"http:\/\/www.opb.gob.mx\/portal\/index.php?rest_route=\/wp\/v2\/posts\/22256\/revisions"}],"predecessor-version":[{"id":22262,"href":"http:\/\/www.opb.gob.mx\/portal\/index.php?rest_route=\/wp\/v2\/posts\/22256\/revisions\/22262"}],"wp:featuredmedia":[{"embeddable":true,"href":"http:\/\/www.opb.gob.mx\/portal\/index.php?rest_route=\/wp\/v2\/media\/22257"}],"wp:attachment":[{"href":"http:\/\/www.opb.gob.mx\/portal\/index.php?rest_route=%2Fwp%2Fv2%2Fmedia&parent=22256"}],"wp:term":[{"taxonomy":"category","embeddable":true,"href":"http:\/\/www.opb.gob.mx\/portal\/index.php?rest_route=%2Fwp%2Fv2%2Fcategories&post=22256"},{"taxonomy":"post_tag","embeddable":true,"href":"http:\/\/www.opb.gob.mx\/portal\/index.php?rest_route=%2Fwp%2Fv2%2Ftags&post=22256"}],"curies":[{"name":"wp","href":"https:\/\/api.w.org\/{rel}","templated":true}]}}