{"id":22799,"date":"2022-08-02T15:20:24","date_gmt":"2022-08-02T15:20:24","guid":{"rendered":"http:\/\/www.opb.gob.mx\/portal\/?p=22799"},"modified":"2022-08-02T22:22:23","modified_gmt":"2022-08-02T22:22:23","slug":"sesion-de-comision-de-desarrollo-urbano-y-transporte","status":"publish","type":"post","link":"http:\/\/www.opb.gob.mx\/portal\/?p=22799","title":{"rendered":"SESI\u00d3N DE COMISION DE DESARROLLO URBANO Y TRANSPORTE."},"content":{"rendered":"\t\t<div data-elementor-type=\"wp-post\" data-elementor-id=\"22799\" class=\"elementor elementor-22799\" data-elementor-settings=\"[]\">\n\t\t\t\t\t\t<div class=\"elementor-inner\">\n\t\t\t\t\t\t\t<div class=\"elementor-section-wrap\">\n\t\t\t\t\t\t\t<section class=\"elementor-section elementor-top-section elementor-element elementor-element-a31d17c elementor-section-boxed elementor-section-height-default elementor-section-height-default\" data-id=\"a31d17c\" data-element_type=\"section\">\n\t\t\t\t\t\t<div class=\"elementor-container elementor-column-gap-default\">\n\t\t\t\t\t\t\t<div class=\"elementor-row\">\n\t\t\t\t\t<div class=\"elementor-column elementor-col-100 elementor-top-column elementor-element elementor-element-2a651d1\" data-id=\"2a651d1\" data-element_type=\"column\">\n\t\t\t<div class=\"elementor-column-wrap elementor-element-populated\">\n\t\t\t\t\t\t\t<div class=\"elementor-widget-wrap\">\n\t\t\t\t\t\t<div class=\"elementor-element elementor-element-ad43730 elementor-widget elementor-widget-text-editor\" data-id=\"ad43730\" data-element_type=\"widget\" data-widget_type=\"text-editor.default\">\n\t\t\t\t<div class=\"elementor-widget-container\">\n\t\t\t\t\t<div class=\"elementor-text-editor elementor-clearfix\"><p>Chetumal, Q. Roo a 2 de agosto. \u2013 Este martes, en sesi\u00f3n de la comisi\u00f3n de Desarrollo Urbano y Transporte, fue presentada la iniciativa que contempla la firma de un convenio marco, entre la Secretar\u00eda de Ecolog\u00eda y Medio Ambiente y el Ayuntamiento de Oth\u00f3n P. Blanco.<\/p><p>En este sentido, el secretario de SEMA, Efra\u00edn Villanueva Arcos, explic\u00f3 que el convenio de coordinaci\u00f3n permitir\u00e1 avanzar de manera significativa en materia ambiental, as\u00ed como tambi\u00e9n en ordenamiento territorial, manteniendo un equilibro entre ambas.<\/p><p>Dijo que el municipio Oth\u00f3n P. Blanco, requiere de tener un mayor crecimiento, pero ordenado y en cumplimiento a la legalidad, respetando las normativas ecol\u00f3gicas y ambientales. Agreg\u00f3 que otro de los beneficios que contempla el convenio, es la armonizaci\u00f3n con la SEMARNAT y la SEDATU.<\/p><p>El regidor presidente de la comisi\u00f3n de desarrollo urbano y transporte, \u00c1ngel Rivero Palomo, agradeci\u00f3 al secretario, por tomarse el tiempo de brindar una explicaci\u00f3n pertinente al pleno de la comisi\u00f3n, en la que tambi\u00e9n estuvieron presentes regidoras y regidores del Cabildo.<\/p><p>Finalmente, indic\u00f3 que en comisiones unidas, realizar\u00e1n los estudios pertinentes, para verificar las condiciones del convenio.<\/p><\/div>\n\t\t\t\t<\/div>\n\t\t\t\t<\/div>\n\t\t\t\t\t\t<\/div>\n\t\t\t\t\t<\/div>\n\t\t<\/div>\n\t\t\t\t\t\t\t\t<\/div>\n\t\t\t\t\t<\/div>\n\t\t<\/section>\n\t\t\t\t<section class=\"elementor-section elementor-top-section elementor-element elementor-element-c0d90a8 elementor-section-boxed elementor-section-height-default elementor-section-height-default\" data-id=\"c0d90a8\" data-element_type=\"section\">\n\t\t\t\t\t\t<div class=\"elementor-container elementor-column-gap-default\">\n\t\t\t\t\t\t\t<div class=\"elementor-row\">\n\t\t\t\t\t<div class=\"elementor-column elementor-col-100 elementor-top-column elementor-element elementor-element-dad028a\" data-id=\"dad028a\" data-element_type=\"column\">\n\t\t\t<div class=\"elementor-column-wrap elementor-element-populated\">\n\t\t\t\t\t\t\t<div class=\"elementor-widget-wrap\">\n\t\t\t\t\t\t<div class=\"elementor-element elementor-element-b912965 elementor-widget elementor-widget-image-gallery\" data-id=\"b912965\" data-element_type=\"widget\" data-widget_type=\"image-gallery.default\">\n\t\t\t\t<div class=\"elementor-widget-container\">\n\t\t\t\t\t<div class=\"elementor-image-gallery\">\n\t\t\t<div id='gallery-1' class='gallery galleryid-22799 gallery-columns-4 gallery-size-medium'><figure class='gallery-item'>\n\t\t\t<div class='gallery-icon landscape'>\n\t\t\t\t<a data-elementor-open-lightbox=\"yes\" data-elementor-lightbox-slideshow=\"b912965\" data-elementor-lightbox-title=\"WhatsApp Image 2022-08-02 at 4.10.57 PM\" href='http:\/\/www.opb.gob.mx\/portal\/wp-content\/uploads\/2022\/08\/WhatsApp-Image-2022-08-02-at-4.10.57-PM.jpeg'><img width=\"768\" height=\"456\" src=\"http:\/\/www.opb.gob.mx\/portal\/wp-content\/uploads\/2022\/08\/WhatsApp-Image-2022-08-02-at-4.10.57-PM-768x456.jpeg\" class=\"attachment-medium size-medium\" alt=\"\" loading=\"lazy\" srcset=\"http:\/\/www.opb.gob.mx\/portal\/wp-content\/uploads\/2022\/08\/WhatsApp-Image-2022-08-02-at-4.10.57-PM-768x456.jpeg 768w, http:\/\/www.opb.gob.mx\/portal\/wp-content\/uploads\/2022\/08\/WhatsApp-Image-2022-08-02-at-4.10.57-PM-1170x694.jpeg 1170w\" sizes=\"(max-width: 768px) 100vw, 768px\" \/><\/a>\n\t\t\t<\/div><\/figure><figure class='gallery-item'>\n\t\t\t<div class='gallery-icon landscape'>\n\t\t\t\t<a data-elementor-open-lightbox=\"yes\" data-elementor-lightbox-slideshow=\"b912965\" data-elementor-lightbox-title=\"WhatsApp Image 2022-08-02 at 4.10.47 PM\" href='http:\/\/www.opb.gob.mx\/portal\/wp-content\/uploads\/2022\/08\/WhatsApp-Image-2022-08-02-at-4.10.47-PM.jpeg'><img width=\"768\" height=\"456\" src=\"http:\/\/www.opb.gob.mx\/portal\/wp-content\/uploads\/2022\/08\/WhatsApp-Image-2022-08-02-at-4.10.47-PM-768x456.jpeg\" class=\"attachment-medium size-medium\" alt=\"\" loading=\"lazy\" srcset=\"http:\/\/www.opb.gob.mx\/portal\/wp-content\/uploads\/2022\/08\/WhatsApp-Image-2022-08-02-at-4.10.47-PM-768x456.jpeg 768w, http:\/\/www.opb.gob.mx\/portal\/wp-content\/uploads\/2022\/08\/WhatsApp-Image-2022-08-02-at-4.10.47-PM-1170x694.jpeg 1170w\" sizes=\"(max-width: 768px) 100vw, 768px\" \/><\/a>\n\t\t\t<\/div><\/figure><figure class='gallery-item'>\n\t\t\t<div class='gallery-icon landscape'>\n\t\t\t\t<a data-elementor-open-lightbox=\"yes\" data-elementor-lightbox-slideshow=\"b912965\" data-elementor-lightbox-title=\"WhatsApp Image 2022-08-02 at 4.11.06 PM\" href='http:\/\/www.opb.gob.mx\/portal\/wp-content\/uploads\/2022\/08\/WhatsApp-Image-2022-08-02-at-4.11.06-PM.jpeg'><img width=\"768\" height=\"456\" src=\"http:\/\/www.opb.gob.mx\/portal\/wp-content\/uploads\/2022\/08\/WhatsApp-Image-2022-08-02-at-4.11.06-PM-768x456.jpeg\" class=\"attachment-medium size-medium\" alt=\"\" loading=\"lazy\" srcset=\"http:\/\/www.opb.gob.mx\/portal\/wp-content\/uploads\/2022\/08\/WhatsApp-Image-2022-08-02-at-4.11.06-PM-768x456.jpeg 768w, http:\/\/www.opb.gob.mx\/portal\/wp-content\/uploads\/2022\/08\/WhatsApp-Image-2022-08-02-at-4.11.06-PM-1170x694.jpeg 1170w\" sizes=\"(max-width: 768px) 100vw, 768px\" \/><\/a>\n\t\t\t<\/div><\/figure><figure class='gallery-item'>\n\t\t\t<div class='gallery-icon landscape'>\n\t\t\t\t<a data-elementor-open-lightbox=\"yes\" data-elementor-lightbox-slideshow=\"b912965\" data-elementor-lightbox-title=\"WhatsApp Image 2022-08-02 at 4.11.06 PM (1)\" href='http:\/\/www.opb.gob.mx\/portal\/wp-content\/uploads\/2022\/08\/WhatsApp-Image-2022-08-02-at-4.11.06-PM-1.jpeg'><img width=\"768\" height=\"456\" src=\"http:\/\/www.opb.gob.mx\/portal\/wp-content\/uploads\/2022\/08\/WhatsApp-Image-2022-08-02-at-4.11.06-PM-1-768x456.jpeg\" class=\"attachment-medium size-medium\" alt=\"\" loading=\"lazy\" srcset=\"http:\/\/www.opb.gob.mx\/portal\/wp-content\/uploads\/2022\/08\/WhatsApp-Image-2022-08-02-at-4.11.06-PM-1-768x456.jpeg 768w, http:\/\/www.opb.gob.mx\/portal\/wp-content\/uploads\/2022\/08\/WhatsApp-Image-2022-08-02-at-4.11.06-PM-1-1170x694.jpeg 1170w\" sizes=\"(max-width: 768px) 100vw, 768px\" \/><\/a>\n\t\t\t<\/div><\/figure>\n\t\t<\/div>\n\t\t<\/div>\n\t\t\t\t<\/div>\n\t\t\t\t<\/div>\n\t\t\t\t\t\t<\/div>\n\t\t\t\t\t<\/div>\n\t\t<\/div>\n\t\t\t\t\t\t\t\t<\/div>\n\t\t\t\t\t<\/div>\n\t\t<\/section>\n\t\t\t\t\t\t<\/div>\n\t\t\t\t\t\t<\/div>\n\t\t\t\t\t<\/div>\n\t\t","protected":false},"excerpt":{"rendered":"<p> iniciativa que contempla la firma de un convenio marco, entre la Secretar\u00eda de Ecolog\u00eda y Medio Ambiente y el Ayuntamiento de Oth\u00f3n P. Blanco. <\/p>\n","protected":false},"author":9,"featured_media":22803,"comment_status":"closed","ping_status":"open","sticky":false,"template":"","format":"standard","meta":[],"categories":[27],"tags":[],"_links":{"self":[{"href":"http:\/\/www.opb.gob.mx\/portal\/index.php?rest_route=\/wp\/v2\/posts\/22799"}],"collection":[{"href":"http:\/\/www.opb.gob.mx\/portal\/index.php?rest_route=\/wp\/v2\/posts"}],"about":[{"href":"http:\/\/www.opb.gob.mx\/portal\/index.php?rest_route=\/wp\/v2\/types\/post"}],"author":[{"embeddable":true,"href":"http:\/\/www.opb.gob.mx\/portal\/index.php?rest_route=\/wp\/v2\/users\/9"}],"replies":[{"embeddable":true,"href":"http:\/\/www.opb.gob.mx\/portal\/index.php?rest_route=%2Fwp%2Fv2%2Fcomments&post=22799"}],"version-history":[{"count":2,"href":"http:\/\/www.opb.gob.mx\/portal\/index.php?rest_route=\/wp\/v2\/posts\/22799\/revisions"}],"predecessor-version":[{"id":22805,"href":"http:\/\/www.opb.gob.mx\/portal\/index.php?rest_route=\/wp\/v2\/posts\/22799\/revisions\/22805"}],"wp:featuredmedia":[{"embeddable":true,"href":"http:\/\/www.opb.gob.mx\/portal\/index.php?rest_route=\/wp\/v2\/media\/22803"}],"wp:attachment":[{"href":"http:\/\/www.opb.gob.mx\/portal\/index.php?rest_route=%2Fwp%2Fv2%2Fmedia&parent=22799"}],"wp:term":[{"taxonomy":"category","embeddable":true,"href":"http:\/\/www.opb.gob.mx\/portal\/index.php?rest_route=%2Fwp%2Fv2%2Fcategories&post=22799"},{"taxonomy":"post_tag","embeddable":true,"href":"http:\/\/www.opb.gob.mx\/portal\/index.php?rest_route=%2Fwp%2Fv2%2Ftags&post=22799"}],"curies":[{"name":"wp","href":"https:\/\/api.w.org\/{rel}","templated":true}]}}