{"id":23231,"date":"2022-08-24T16:13:50","date_gmt":"2022-08-24T16:13:50","guid":{"rendered":"http:\/\/www.opb.gob.mx\/portal\/?p=23231"},"modified":"2022-08-24T16:16:25","modified_gmt":"2022-08-24T16:16:25","slug":"boletin-meteorologico-del-dia-24-de-agosto-del-2022","status":"publish","type":"post","link":"http:\/\/www.opb.gob.mx\/portal\/?p=23231","title":{"rendered":"BOLET\u00cdN METEOROL\u00d3GICO DEL D\u00cdA 24 DE AGOSTO DEL 2022."},"content":{"rendered":"\t\t<div data-elementor-type=\"wp-post\" data-elementor-id=\"23231\" class=\"elementor elementor-23231\" data-elementor-settings=\"[]\">\n\t\t\t\t\t\t<div class=\"elementor-inner\">\n\t\t\t\t\t\t\t<div class=\"elementor-section-wrap\">\n\t\t\t\t\t\t\t<section class=\"elementor-section elementor-top-section elementor-element elementor-element-5dff452 elementor-section-boxed elementor-section-height-default elementor-section-height-default\" data-id=\"5dff452\" data-element_type=\"section\">\n\t\t\t\t\t\t<div class=\"elementor-container elementor-column-gap-default\">\n\t\t\t\t\t\t\t<div class=\"elementor-row\">\n\t\t\t\t\t<div class=\"elementor-column elementor-col-100 elementor-top-column elementor-element elementor-element-786aeb6\" data-id=\"786aeb6\" data-element_type=\"column\">\n\t\t\t<div class=\"elementor-column-wrap elementor-element-populated\">\n\t\t\t\t\t\t\t<div class=\"elementor-widget-wrap\">\n\t\t\t\t\t\t<div class=\"elementor-element elementor-element-fcd35e2 elementor-widget elementor-widget-text-editor\" data-id=\"fcd35e2\" data-element_type=\"widget\" data-widget_type=\"text-editor.default\">\n\t\t\t\t<div class=\"elementor-widget-container\">\n\t\t\t\t\t<div class=\"elementor-text-editor elementor-clearfix\"><p style=\"text-align: center;\"><span style=\"text-decoration: underline;\"><em><strong>PERIODO DE VALIDEZ DE LAS 06:00 HRS., A LAS 22:00 HRS. DEL D\u00cdA 24 DE AGOSTO DEL 2022.<\/strong><\/em><\/span><\/p><p><span style=\"text-decoration: underline;\"><strong>SINOPSIS:<\/strong><\/span><\/p><p>En base a la valoraci\u00f3n y an\u00e1lisis de la informaci\u00f3n meteorol\u00f3gica en general realizada y lo relativo a los pron\u00f3sticos del Servicio Meteorol\u00f3gico Nacional; Se informa lo siguiente:<\/p><p><strong>1,<\/strong>.Se mantiene la Vaguada t\u00e9rmica (Canal de Baja Presi\u00f3n) localizada en superficie sobre la porci\u00f3n sur del Golfo de M\u00e9xico, sin movimiento aparente, en su amplia circulaci\u00f3n perif\u00e9rica impulsa Aire Mar\u00edtimo Tropical con variable contenido de humedad del Golfo de M\u00e9xico y Mar Caribe hacia la regi\u00f3n Peninsular; favorece la permanencia de temperaturas calurosas a bochornosas durante el d\u00eda y parte de la noche, cielo medio nublado a nublado; lluvias ocasionalmente moderadas con chubascos acompa\u00f1ados de actividad el\u00e9ctrica ocasional durante el d\u00eda y parte de la noche sobre la mayor parte de la pen\u00ednsula.<\/p><p><strong>2.-<\/strong> Onda Tropical VEINTICUATRO del mar Caribe localizado en superficie su aje a lo largo de la costa oriental de la Pen\u00ednsula de Yucatan, Belice, oeste de Honduras, sobre El Salvador, CA, y mas al sur sobre el Oc\u00e9ano Pacifico, se mueve al oeste, provoca incremento gradual de nubosidad, lluvias ocasionalmente moderadas con chubascos acompa\u00f1ados de actividad el\u00e9ctrica sobre su \u00e1rea de influencia misma que estar\u00e1 influenciando al estado de Quintana Roo y a la Pen\u00ednsula de Yucatan en el transcurso del d\u00eda<\/p><p><span style=\"text-decoration: underline;\"><strong>TIEMPO PROBABLE:<\/strong><\/span><\/p><p><strong>OTHON P. BLANCO.-<\/strong><\/p><p>Medio nublado a nublado, lluvias ocasionalmente moderadas con chubascos acompa\u00f1ados de actividad el\u00e9ctrica, muy caluroso, viento del este y sureste de 15 a 25 kph, con rachas ocasionales.<\/p><p>Sensaci\u00f3n t\u00e9rmica al Medio d\u00eda: 38\u00b0C.<br \/>Sensaci\u00f3n t\u00e9rmica m\u00ednima para ma\u00f1ana: 23\u00aaC.<\/p><p>TEMPERATURA M\u00c1XIMA: 34 a 36\u00aaC.<br \/>TEMPERATURA M\u00cdNIMA: 23 a 25\u00aaC.<\/p><p>SALIDA DEL SOL: 06:15 hrs.<br \/>PUESTA DEL SOL: 19:32 hrs.<\/p><p><span style=\"text-decoration: underline;\"><strong>NOTA:<\/strong> <\/span><\/p><p>La Coordinaci\u00f3n Estatal de Protecci\u00f3n Civil; Emite las siguientes recomendaciones a la Poblaci\u00f3n en General.<br \/>En el Mar Caribe NO evoluciona ning\u00fan sistema cicl\u00f3nico.<br \/>Consultar peri\u00f3dicamente la emisi\u00f3n de los boletines meteorol\u00f3gicos los cuales se publican y actualizan en las redes sociales y la p\u00e1gina Web de la Coordinaci\u00f3n Estatal de Protecci\u00f3n Civil y del Gobierno del Estado de Quintana Roo.<\/p><p>Mantener las precauciones a la navegaci\u00f3n mar\u00edtima y actividades acu\u00e1ticas a lo largo de las costas del Estado de Quintana Roo y canal de Yucat\u00e1n por los efectos del viento, lluvias y oleaje.<\/p><p>Al transitar en carretera o en zonas urbanas; extremar precauciones por los bancos de niebla que se forman por las ma\u00f1anas y noches<\/p><\/div>\n\t\t\t\t<\/div>\n\t\t\t\t<\/div>\n\t\t\t\t\t\t<\/div>\n\t\t\t\t\t<\/div>\n\t\t<\/div>\n\t\t\t\t\t\t\t\t<\/div>\n\t\t\t\t\t<\/div>\n\t\t<\/section>\n\t\t\t\t<section class=\"elementor-section elementor-top-section elementor-element elementor-element-12dafdc elementor-section-boxed elementor-section-height-default elementor-section-height-default\" data-id=\"12dafdc\" data-element_type=\"section\">\n\t\t\t\t\t\t<div class=\"elementor-container elementor-column-gap-default\">\n\t\t\t\t\t\t\t<div class=\"elementor-row\">\n\t\t\t\t\t<div class=\"elementor-column elementor-col-100 elementor-top-column elementor-element elementor-element-78742fa\" data-id=\"78742fa\" data-element_type=\"column\">\n\t\t\t<div class=\"elementor-column-wrap elementor-element-populated\">\n\t\t\t\t\t\t\t<div class=\"elementor-widget-wrap\">\n\t\t\t\t\t\t<div class=\"elementor-element elementor-element-1d150fb elementor-widget elementor-widget-spacer\" data-id=\"1d150fb\" data-element_type=\"widget\" data-widget_type=\"spacer.default\">\n\t\t\t\t<div class=\"elementor-widget-container\">\n\t\t\t\t\t<div class=\"elementor-spacer\">\n\t\t\t<div class=\"elementor-spacer-inner\"><\/div>\n\t\t<\/div>\n\t\t\t\t<\/div>\n\t\t\t\t<\/div>\n\t\t\t\t\t\t<\/div>\n\t\t\t\t\t<\/div>\n\t\t<\/div>\n\t\t\t\t\t\t\t\t<\/div>\n\t\t\t\t\t<\/div>\n\t\t<\/section>\n\t\t\t\t<section class=\"elementor-section elementor-top-section elementor-element elementor-element-4b96de5 elementor-section-boxed elementor-section-height-default elementor-section-height-default\" data-id=\"4b96de5\" data-element_type=\"section\">\n\t\t\t\t\t\t<div class=\"elementor-container elementor-column-gap-default\">\n\t\t\t\t\t\t\t<div class=\"elementor-row\">\n\t\t\t\t\t<div class=\"elementor-column elementor-col-100 elementor-top-column elementor-element elementor-element-ffde95c\" data-id=\"ffde95c\" data-element_type=\"column\">\n\t\t\t<div class=\"elementor-column-wrap elementor-element-populated\">\n\t\t\t\t\t\t\t<div class=\"elementor-widget-wrap\">\n\t\t\t\t\t\t<div class=\"elementor-element elementor-element-db84fce elementor-widget elementor-widget-image\" data-id=\"db84fce\" data-element_type=\"widget\" data-widget_type=\"image.default\">\n\t\t\t\t<div class=\"elementor-widget-container\">\n\t\t\t\t\t<div class=\"elementor-image\">\n\t\t\t\t\t\t\t\t\t\t<img width=\"826\" height=\"694\" src=\"http:\/\/www.opb.gob.mx\/portal\/wp-content\/uploads\/2022\/08\/BOLETIN-METEOROLOGICO-DEL-DIA-24-DE-AGOSTO-DEL-2022-826x694.jpg\" class=\"attachment-large size-large\" alt=\"\" loading=\"lazy\" \/>\t\t\t\t\t\t\t\t\t\t\t<\/div>\n\t\t\t\t<\/div>\n\t\t\t\t<\/div>\n\t\t\t\t\t\t<\/div>\n\t\t\t\t\t<\/div>\n\t\t<\/div>\n\t\t\t\t\t\t\t\t<\/div>\n\t\t\t\t\t<\/div>\n\t\t<\/section>\n\t\t\t\t\t\t<\/div>\n\t\t\t\t\t\t<\/div>\n\t\t\t\t\t<\/div>\n\t\t","protected":false},"excerpt":{"rendered":"<p>PERIODO DE VALIDEZ DE LAS 06:00 HRS., A LAS 22:00 HRS. DEL D\u00cdA 24 DE AGOSTO DEL 2022. SINOPSIS: En base a la valoraci\u00f3n y an\u00e1lisis de la informaci\u00f3n meteorol\u00f3gica en general realizada y lo relativo a los pron\u00f3sticos del Servicio Meteorol\u00f3gico Nacional; Se informa lo siguiente: 1,.Se mantiene la Vaguada t\u00e9rmica (Canal de Baja<\/p>\n","protected":false},"author":7,"featured_media":23233,"comment_status":"closed","ping_status":"open","sticky":false,"template":"","format":"standard","meta":[],"categories":[28],"tags":[],"_links":{"self":[{"href":"http:\/\/www.opb.gob.mx\/portal\/index.php?rest_route=\/wp\/v2\/posts\/23231"}],"collection":[{"href":"http:\/\/www.opb.gob.mx\/portal\/index.php?rest_route=\/wp\/v2\/posts"}],"about":[{"href":"http:\/\/www.opb.gob.mx\/portal\/index.php?rest_route=\/wp\/v2\/types\/post"}],"author":[{"embeddable":true,"href":"http:\/\/www.opb.gob.mx\/portal\/index.php?rest_route=\/wp\/v2\/users\/7"}],"replies":[{"embeddable":true,"href":"http:\/\/www.opb.gob.mx\/portal\/index.php?rest_route=%2Fwp%2Fv2%2Fcomments&post=23231"}],"version-history":[{"count":3,"href":"http:\/\/www.opb.gob.mx\/portal\/index.php?rest_route=\/wp\/v2\/posts\/23231\/revisions"}],"predecessor-version":[{"id":23235,"href":"http:\/\/www.opb.gob.mx\/portal\/index.php?rest_route=\/wp\/v2\/posts\/23231\/revisions\/23235"}],"wp:featuredmedia":[{"embeddable":true,"href":"http:\/\/www.opb.gob.mx\/portal\/index.php?rest_route=\/wp\/v2\/media\/23233"}],"wp:attachment":[{"href":"http:\/\/www.opb.gob.mx\/portal\/index.php?rest_route=%2Fwp%2Fv2%2Fmedia&parent=23231"}],"wp:term":[{"taxonomy":"category","embeddable":true,"href":"http:\/\/www.opb.gob.mx\/portal\/index.php?rest_route=%2Fwp%2Fv2%2Fcategories&post=23231"},{"taxonomy":"post_tag","embeddable":true,"href":"http:\/\/www.opb.gob.mx\/portal\/index.php?rest_route=%2Fwp%2Fv2%2Ftags&post=23231"}],"curies":[{"name":"wp","href":"https:\/\/api.w.org\/{rel}","templated":true}]}}