{"id":23396,"date":"2022-08-31T18:03:39","date_gmt":"2022-08-31T18:03:39","guid":{"rendered":"http:\/\/www.opb.gob.mx\/portal\/?p=23396"},"modified":"2022-08-31T18:07:21","modified_gmt":"2022-08-31T18:07:21","slug":"boletin-meteorologico-del-dia-31-de-agosto-del-2022","status":"publish","type":"post","link":"http:\/\/www.opb.gob.mx\/portal\/?p=23396","title":{"rendered":"BOLET\u00cdN METEOROL\u00d3GICO DEL D\u00cdA 31 DE AGOSTO DEL 2022."},"content":{"rendered":"\t\t<div data-elementor-type=\"wp-post\" data-elementor-id=\"23396\" class=\"elementor elementor-23396\" data-elementor-settings=\"[]\">\n\t\t\t\t\t\t<div class=\"elementor-inner\">\n\t\t\t\t\t\t\t<div class=\"elementor-section-wrap\">\n\t\t\t\t\t\t\t<section class=\"elementor-section elementor-top-section elementor-element elementor-element-15536bd elementor-section-boxed elementor-section-height-default elementor-section-height-default\" data-id=\"15536bd\" data-element_type=\"section\">\n\t\t\t\t\t\t<div class=\"elementor-container elementor-column-gap-default\">\n\t\t\t\t\t\t\t<div class=\"elementor-row\">\n\t\t\t\t\t<div class=\"elementor-column elementor-col-100 elementor-top-column elementor-element elementor-element-f74d0dc\" data-id=\"f74d0dc\" data-element_type=\"column\">\n\t\t\t<div class=\"elementor-column-wrap elementor-element-populated\">\n\t\t\t\t\t\t\t<div class=\"elementor-widget-wrap\">\n\t\t\t\t\t\t<div class=\"elementor-element elementor-element-01b937e elementor-widget elementor-widget-text-editor\" data-id=\"01b937e\" data-element_type=\"widget\" data-widget_type=\"text-editor.default\">\n\t\t\t\t<div class=\"elementor-widget-container\">\n\t\t\t\t\t<div class=\"elementor-text-editor elementor-clearfix\"><p style=\"text-align: center;\"><span style=\"text-decoration: underline;\"><em><strong>PERIODO DE VALIDEZ DE LAS 06:00 HRS., A LAS 22:00 HRS. DEL D\u00cdA 31 DE AGOSTO DEL 2022.<\/strong><\/em><\/span><br \/><br \/><br \/><br \/><strong>SINOPSIS<\/strong><\/p><p><br \/>Con base a la valoraci\u00f3n y an\u00e1lisis de la informaci\u00f3n meteorol\u00f3gica en general realizada y lo relativo a los pron\u00f3sticos del Servicio Meteorol\u00f3gico Nacional; Se informa lo siguiente:<\/p><p><br \/><strong>1.-<\/strong>Continua la Vaguada T\u00e9rmica (Canal de Baja Presi\u00f3n) ubicada en superficie sobre la porci\u00f3n 0ccidental de la Pen\u00ednsula de Yucat\u00e1n, interacciona con la Onda Tropical VEINTICINCO localizado su eje sobre los estados de Tabasco, Chiapas y m\u00e1s al sur sobre el Oc\u00e9ano Pac\u00edfico, en su amplia circulaci\u00f3n perif\u00e9rica impulsa aire mar\u00edtimo tropical con variable contenido de humedad procedente del Golfo de M\u00e9xico y del mar Caribe hacia la regi\u00f3n peninsular; originado temperaturas muy calurosas durante el d\u00eda y parte de la noche, cielo medio nublado a nublado; lluvias dispersas ocasionalmente moderadas con chubascos acompa\u00f1ados de actividad el\u00e9ctrica durante el transcurso del d\u00eda sobre algunas zonas del estado de Quintana Roo.<br \/><br \/><strong>TIEMPO PROBABLE:\u00a0<\/strong><\/p><p><br \/><strong>OTH\u00d3N P. BLANCO.-<\/strong><\/p><p>Medio nublado a nublado, lluvias moderadas ocasionales con chubascos acompa\u00f1ados de actividad el\u00e9ctrica, muy caluroso, viento del Este y sureste de 15 a 25 kph, con rachas ocasionales.<br \/><br \/><br \/>Sensaci\u00f3n t\u00e9rmica al Medio d\u00eda: 39\u00b0C.<br \/>Sensaci\u00f3n t\u00e9rmica m\u00ednima para ma\u00f1ana: 24\u00b0C.<br \/><br \/>TEMPERATURA M\u00c1XIMA: 34 a 36\u00b0C.<br \/>TEMPERATURA M\u00cdNIMA: 24 a 26\u00b0C.<\/p><p><br \/>SALIDA DEL SOL: 06:38 hrs.<br \/>PUESTA DEL SOL: 19:10 hrs.<\/p><p><strong>NOTA:<\/strong><\/p><p>La Coordinaci\u00f3n Estatal de Protecci\u00f3n Civil; Emite las siguientes recomendaciones a la Poblaci\u00f3n en General.<br \/>Consultar peri\u00f3dicamente la emisi\u00f3n de los boletines meteorol\u00f3gicos los cuales se publican y actualizan en las redes sociales y la p\u00e1gina Web de la Coordinaci\u00f3n Estatal de Protecci\u00f3n Civil y del Gobierno del Estado de Quintana Roo.<br \/><br \/>En el mar Caribe NO se desarrolla ning\u00fan sistema cicl\u00f3nico.<br \/><br \/>Mantener las precauciones a la navegaci\u00f3n mar\u00edtima y actividades acu\u00e1ticas a lo largo de las costas del Estado de Quintana Roo y canal de Yucat\u00e1n por los efectos del viento, lluvias y oleaje.<br \/><br \/>Al transitar en carretera o en zonas urbanas; extremar precauciones por los bancos de niebla que se forman por las ma\u00f1anas y noches.<\/p><\/div>\n\t\t\t\t<\/div>\n\t\t\t\t<\/div>\n\t\t\t\t\t\t<\/div>\n\t\t\t\t\t<\/div>\n\t\t<\/div>\n\t\t\t\t\t\t\t\t<\/div>\n\t\t\t\t\t<\/div>\n\t\t<\/section>\n\t\t\t\t<section class=\"elementor-section elementor-top-section elementor-element elementor-element-c7e1e08 elementor-section-boxed elementor-section-height-default elementor-section-height-default\" data-id=\"c7e1e08\" data-element_type=\"section\">\n\t\t\t\t\t\t<div class=\"elementor-container elementor-column-gap-default\">\n\t\t\t\t\t\t\t<div class=\"elementor-row\">\n\t\t\t\t\t<div class=\"elementor-column elementor-col-100 elementor-top-column elementor-element elementor-element-0480d40\" data-id=\"0480d40\" data-element_type=\"column\">\n\t\t\t<div class=\"elementor-column-wrap elementor-element-populated\">\n\t\t\t\t\t\t\t<div class=\"elementor-widget-wrap\">\n\t\t\t\t\t\t<div class=\"elementor-element elementor-element-ff16c67 elementor-widget elementor-widget-spacer\" data-id=\"ff16c67\" data-element_type=\"widget\" data-widget_type=\"spacer.default\">\n\t\t\t\t<div class=\"elementor-widget-container\">\n\t\t\t\t\t<div class=\"elementor-spacer\">\n\t\t\t<div class=\"elementor-spacer-inner\"><\/div>\n\t\t<\/div>\n\t\t\t\t<\/div>\n\t\t\t\t<\/div>\n\t\t\t\t\t\t<\/div>\n\t\t\t\t\t<\/div>\n\t\t<\/div>\n\t\t\t\t\t\t\t\t<\/div>\n\t\t\t\t\t<\/div>\n\t\t<\/section>\n\t\t\t\t<section class=\"elementor-section elementor-top-section elementor-element elementor-element-430a917 elementor-section-boxed elementor-section-height-default elementor-section-height-default\" data-id=\"430a917\" data-element_type=\"section\">\n\t\t\t\t\t\t<div class=\"elementor-container elementor-column-gap-default\">\n\t\t\t\t\t\t\t<div class=\"elementor-row\">\n\t\t\t\t\t<div class=\"elementor-column elementor-col-100 elementor-top-column elementor-element elementor-element-b3d641e\" data-id=\"b3d641e\" data-element_type=\"column\">\n\t\t\t<div class=\"elementor-column-wrap elementor-element-populated\">\n\t\t\t\t\t\t\t<div class=\"elementor-widget-wrap\">\n\t\t\t\t\t\t<div class=\"elementor-element elementor-element-a11cda2 elementor-widget elementor-widget-image\" data-id=\"a11cda2\" data-element_type=\"widget\" data-widget_type=\"image.default\">\n\t\t\t\t<div class=\"elementor-widget-container\">\n\t\t\t\t\t<div class=\"elementor-image\">\n\t\t\t\t\t\t\t\t\t\t<img width=\"826\" height=\"694\" src=\"http:\/\/www.opb.gob.mx\/portal\/wp-content\/uploads\/2022\/08\/BOLETIN-METEOROLOGICO-DEL-DIA-31-DE-AGOSTO-DEL-2022-826x694.jpg\" class=\"attachment-large size-large\" alt=\"\" loading=\"lazy\" \/>\t\t\t\t\t\t\t\t\t\t\t<\/div>\n\t\t\t\t<\/div>\n\t\t\t\t<\/div>\n\t\t\t\t\t\t<\/div>\n\t\t\t\t\t<\/div>\n\t\t<\/div>\n\t\t\t\t\t\t\t\t<\/div>\n\t\t\t\t\t<\/div>\n\t\t<\/section>\n\t\t\t\t\t\t<\/div>\n\t\t\t\t\t\t<\/div>\n\t\t\t\t\t<\/div>\n\t\t","protected":false},"excerpt":{"rendered":"<p>PERIODO DE VALIDEZ DE LAS 06:00 HRS., A LAS 22:00 HRS. DEL D\u00cdA 31 DE AGOSTO DEL 2022. SINOPSIS Con base a la valoraci\u00f3n y an\u00e1lisis de la informaci\u00f3n meteorol\u00f3gica en general realizada y lo relativo a los pron\u00f3sticos del Servicio Meteorol\u00f3gico Nacional; Se informa lo siguiente: 1.-Continua la Vaguada T\u00e9rmica (Canal de Baja Presi\u00f3n)<\/p>\n","protected":false},"author":7,"featured_media":23398,"comment_status":"closed","ping_status":"open","sticky":false,"template":"","format":"standard","meta":[],"categories":[28],"tags":[],"_links":{"self":[{"href":"http:\/\/www.opb.gob.mx\/portal\/index.php?rest_route=\/wp\/v2\/posts\/23396"}],"collection":[{"href":"http:\/\/www.opb.gob.mx\/portal\/index.php?rest_route=\/wp\/v2\/posts"}],"about":[{"href":"http:\/\/www.opb.gob.mx\/portal\/index.php?rest_route=\/wp\/v2\/types\/post"}],"author":[{"embeddable":true,"href":"http:\/\/www.opb.gob.mx\/portal\/index.php?rest_route=\/wp\/v2\/users\/7"}],"replies":[{"embeddable":true,"href":"http:\/\/www.opb.gob.mx\/portal\/index.php?rest_route=%2Fwp%2Fv2%2Fcomments&post=23396"}],"version-history":[{"count":2,"href":"http:\/\/www.opb.gob.mx\/portal\/index.php?rest_route=\/wp\/v2\/posts\/23396\/revisions"}],"predecessor-version":[{"id":23399,"href":"http:\/\/www.opb.gob.mx\/portal\/index.php?rest_route=\/wp\/v2\/posts\/23396\/revisions\/23399"}],"wp:featuredmedia":[{"embeddable":true,"href":"http:\/\/www.opb.gob.mx\/portal\/index.php?rest_route=\/wp\/v2\/media\/23398"}],"wp:attachment":[{"href":"http:\/\/www.opb.gob.mx\/portal\/index.php?rest_route=%2Fwp%2Fv2%2Fmedia&parent=23396"}],"wp:term":[{"taxonomy":"category","embeddable":true,"href":"http:\/\/www.opb.gob.mx\/portal\/index.php?rest_route=%2Fwp%2Fv2%2Fcategories&post=23396"},{"taxonomy":"post_tag","embeddable":true,"href":"http:\/\/www.opb.gob.mx\/portal\/index.php?rest_route=%2Fwp%2Fv2%2Ftags&post=23396"}],"curies":[{"name":"wp","href":"https:\/\/api.w.org\/{rel}","templated":true}]}}