{"id":24025,"date":"2022-10-07T17:16:54","date_gmt":"2022-10-07T17:16:54","guid":{"rendered":"http:\/\/www.opb.gob.mx\/portal\/?p=24025"},"modified":"2022-10-07T22:18:46","modified_gmt":"2022-10-07T22:18:46","slug":"el-escritor-saulo-aguilar-bernes-presenta-su-libro-relatos","status":"publish","type":"post","link":"http:\/\/www.opb.gob.mx\/portal\/?p=24025","title":{"rendered":"EL ESCRITOR SAULO AGUILAR BERN\u00c9S PRESENTA SU LIBRO \u201cRELATOS\u201d"},"content":{"rendered":"\t\t<div data-elementor-type=\"wp-post\" data-elementor-id=\"24025\" class=\"elementor elementor-24025\" data-elementor-settings=\"[]\">\n\t\t\t\t\t\t<div class=\"elementor-inner\">\n\t\t\t\t\t\t\t<div class=\"elementor-section-wrap\">\n\t\t\t\t\t\t\t<section class=\"elementor-section elementor-top-section elementor-element elementor-element-a4165b6 elementor-section-boxed elementor-section-height-default elementor-section-height-default\" data-id=\"a4165b6\" data-element_type=\"section\">\n\t\t\t\t\t\t<div class=\"elementor-container elementor-column-gap-default\">\n\t\t\t\t\t\t\t<div class=\"elementor-row\">\n\t\t\t\t\t<div class=\"elementor-column elementor-col-100 elementor-top-column elementor-element elementor-element-305781c\" data-id=\"305781c\" data-element_type=\"column\">\n\t\t\t<div class=\"elementor-column-wrap elementor-element-populated\">\n\t\t\t\t\t\t\t<div class=\"elementor-widget-wrap\">\n\t\t\t\t\t\t<div class=\"elementor-element elementor-element-4190b00 elementor-widget elementor-widget-text-editor\" data-id=\"4190b00\" data-element_type=\"widget\" data-widget_type=\"text-editor.default\">\n\t\t\t\t<div class=\"elementor-widget-container\">\n\t\t\t\t\t<div class=\"elementor-text-editor elementor-clearfix\"><p>Chetumal, Q. Roo a 7 de octubre. &#8211; La tarde de este viernes, el escritor Saulo Aguilar Bern\u00e9s realiz\u00f3 la presentaci\u00f3n de su libro \u201cRelatos\u201d, basado en fragmentos de sus anteriores obras literarias de tipo narrativo.<\/p><p>En este evento que se realiz\u00f3 en las instalaciones de la escuela estatal de artes pl\u00e1sticas ubicada en el parque de los Caimanes, Saulo Aguilar Bern\u00e9s explic\u00f3 que su escritura tipo narrativo toca temas como las redes sociales y el internet que han modificado la conducta del ser humano.<\/p><p>En este sentido dio lectura a peque\u00f1os cuentos como los denominados \u201cLos Reels nunca acaban\u201d y \u201cPeque\u00f1os Monstruos\u201d que forman parte de su reciente obra \u201cRelatos\u201d.<\/p><p>En este evento estuvieron presentes la regidora Grecia Coral Pasos; el secretario general del ayuntamiento de Oth\u00f3n P. Blanco, Adri\u00e1n S\u00e1nchez Dom\u00ednguez; la directora del Instituto Quintanarroense de la Juventud, Alma Alvarado Moo; la artista pl\u00e1stica Guadalupe Ram\u00edrez Chan; la s\u00edndico del cabildo juvenil, Mar\u00eda Guadalupe V\u00e1zquez; y directores del Ayuntamiento capitalino.<\/p><\/div>\n\t\t\t\t<\/div>\n\t\t\t\t<\/div>\n\t\t\t\t\t\t<\/div>\n\t\t\t\t\t<\/div>\n\t\t<\/div>\n\t\t\t\t\t\t\t\t<\/div>\n\t\t\t\t\t<\/div>\n\t\t<\/section>\n\t\t\t\t<section class=\"elementor-section elementor-top-section elementor-element elementor-element-5bef305 elementor-section-boxed elementor-section-height-default elementor-section-height-default\" data-id=\"5bef305\" data-element_type=\"section\">\n\t\t\t\t\t\t<div class=\"elementor-container elementor-column-gap-default\">\n\t\t\t\t\t\t\t<div class=\"elementor-row\">\n\t\t\t\t\t<div class=\"elementor-column elementor-col-100 elementor-top-column elementor-element elementor-element-a90e857\" data-id=\"a90e857\" data-element_type=\"column\">\n\t\t\t<div class=\"elementor-column-wrap elementor-element-populated\">\n\t\t\t\t\t\t\t<div class=\"elementor-widget-wrap\">\n\t\t\t\t\t\t<div class=\"elementor-element elementor-element-8de088d elementor-widget elementor-widget-image-gallery\" data-id=\"8de088d\" data-element_type=\"widget\" data-widget_type=\"image-gallery.default\">\n\t\t\t\t<div class=\"elementor-widget-container\">\n\t\t\t\t\t<div class=\"elementor-image-gallery\">\n\t\t\t<div id='gallery-1' class='gallery galleryid-24025 gallery-columns-4 gallery-size-medium'><figure class='gallery-item'>\n\t\t\t<div class='gallery-icon landscape'>\n\t\t\t\t<a data-elementor-open-lightbox=\"yes\" data-elementor-lightbox-slideshow=\"8de088d\" data-elementor-lightbox-title=\"WhatsApp Image 2022-10-07 at 4.44.39 PM\" href='http:\/\/www.opb.gob.mx\/portal\/wp-content\/uploads\/2022\/10\/WhatsApp-Image-2022-10-07-at-4.44.39-PM.jpeg'><img width=\"768\" height=\"456\" src=\"http:\/\/www.opb.gob.mx\/portal\/wp-content\/uploads\/2022\/10\/WhatsApp-Image-2022-10-07-at-4.44.39-PM-768x456.jpeg\" class=\"attachment-medium size-medium\" alt=\"\" loading=\"lazy\" srcset=\"http:\/\/www.opb.gob.mx\/portal\/wp-content\/uploads\/2022\/10\/WhatsApp-Image-2022-10-07-at-4.44.39-PM-768x456.jpeg 768w, http:\/\/www.opb.gob.mx\/portal\/wp-content\/uploads\/2022\/10\/WhatsApp-Image-2022-10-07-at-4.44.39-PM-1170x694.jpeg 1170w\" sizes=\"(max-width: 768px) 100vw, 768px\" \/><\/a>\n\t\t\t<\/div><\/figure><figure class='gallery-item'>\n\t\t\t<div class='gallery-icon landscape'>\n\t\t\t\t<a data-elementor-open-lightbox=\"yes\" data-elementor-lightbox-slideshow=\"8de088d\" data-elementor-lightbox-title=\"WhatsApp Image 2022-10-07 at 4.44.39 PM (1)\" href='http:\/\/www.opb.gob.mx\/portal\/wp-content\/uploads\/2022\/10\/WhatsApp-Image-2022-10-07-at-4.44.39-PM-1.jpeg'><img width=\"768\" height=\"456\" src=\"http:\/\/www.opb.gob.mx\/portal\/wp-content\/uploads\/2022\/10\/WhatsApp-Image-2022-10-07-at-4.44.39-PM-1-768x456.jpeg\" class=\"attachment-medium size-medium\" alt=\"\" loading=\"lazy\" srcset=\"http:\/\/www.opb.gob.mx\/portal\/wp-content\/uploads\/2022\/10\/WhatsApp-Image-2022-10-07-at-4.44.39-PM-1-768x456.jpeg 768w, http:\/\/www.opb.gob.mx\/portal\/wp-content\/uploads\/2022\/10\/WhatsApp-Image-2022-10-07-at-4.44.39-PM-1-1170x694.jpeg 1170w\" sizes=\"(max-width: 768px) 100vw, 768px\" \/><\/a>\n\t\t\t<\/div><\/figure><figure class='gallery-item'>\n\t\t\t<div class='gallery-icon landscape'>\n\t\t\t\t<a data-elementor-open-lightbox=\"yes\" data-elementor-lightbox-slideshow=\"8de088d\" data-elementor-lightbox-title=\"WhatsApp Image 2022-10-07 at 4.44.41 PM\" href='http:\/\/www.opb.gob.mx\/portal\/wp-content\/uploads\/2022\/10\/WhatsApp-Image-2022-10-07-at-4.44.41-PM.jpeg'><img width=\"768\" height=\"456\" src=\"http:\/\/www.opb.gob.mx\/portal\/wp-content\/uploads\/2022\/10\/WhatsApp-Image-2022-10-07-at-4.44.41-PM-768x456.jpeg\" class=\"attachment-medium size-medium\" alt=\"\" loading=\"lazy\" srcset=\"http:\/\/www.opb.gob.mx\/portal\/wp-content\/uploads\/2022\/10\/WhatsApp-Image-2022-10-07-at-4.44.41-PM-768x456.jpeg 768w, http:\/\/www.opb.gob.mx\/portal\/wp-content\/uploads\/2022\/10\/WhatsApp-Image-2022-10-07-at-4.44.41-PM-1170x694.jpeg 1170w\" sizes=\"(max-width: 768px) 100vw, 768px\" \/><\/a>\n\t\t\t<\/div><\/figure><figure class='gallery-item'>\n\t\t\t<div class='gallery-icon landscape'>\n\t\t\t\t<a data-elementor-open-lightbox=\"yes\" data-elementor-lightbox-slideshow=\"8de088d\" data-elementor-lightbox-title=\"WhatsApp Image 2022-10-07 at 4.44.42 PM\" href='http:\/\/www.opb.gob.mx\/portal\/wp-content\/uploads\/2022\/10\/WhatsApp-Image-2022-10-07-at-4.44.42-PM.jpeg'><img width=\"768\" height=\"456\" src=\"http:\/\/www.opb.gob.mx\/portal\/wp-content\/uploads\/2022\/10\/WhatsApp-Image-2022-10-07-at-4.44.42-PM-768x456.jpeg\" class=\"attachment-medium size-medium\" alt=\"\" loading=\"lazy\" srcset=\"http:\/\/www.opb.gob.mx\/portal\/wp-content\/uploads\/2022\/10\/WhatsApp-Image-2022-10-07-at-4.44.42-PM-768x456.jpeg 768w, http:\/\/www.opb.gob.mx\/portal\/wp-content\/uploads\/2022\/10\/WhatsApp-Image-2022-10-07-at-4.44.42-PM-1170x694.jpeg 1170w\" sizes=\"(max-width: 768px) 100vw, 768px\" \/><\/a>\n\t\t\t<\/div><\/figure>\n\t\t<\/div>\n\t\t<\/div>\n\t\t\t\t<\/div>\n\t\t\t\t<\/div>\n\t\t\t\t\t\t<\/div>\n\t\t\t\t\t<\/div>\n\t\t<\/div>\n\t\t\t\t\t\t\t\t<\/div>\n\t\t\t\t\t<\/div>\n\t\t<\/section>\n\t\t\t\t\t\t<\/div>\n\t\t\t\t\t\t<\/div>\n\t\t\t\t\t<\/div>\n\t\t","protected":false},"excerpt":{"rendered":"<p>El actual primer regidor del Ayuntamiento de OPB abarca temas actuales en relatos relacionados con las redes sociales.<\/p>\n","protected":false},"author":9,"featured_media":24026,"comment_status":"closed","ping_status":"open","sticky":false,"template":"","format":"standard","meta":[],"categories":[27],"tags":[],"_links":{"self":[{"href":"http:\/\/www.opb.gob.mx\/portal\/index.php?rest_route=\/wp\/v2\/posts\/24025"}],"collection":[{"href":"http:\/\/www.opb.gob.mx\/portal\/index.php?rest_route=\/wp\/v2\/posts"}],"about":[{"href":"http:\/\/www.opb.gob.mx\/portal\/index.php?rest_route=\/wp\/v2\/types\/post"}],"author":[{"embeddable":true,"href":"http:\/\/www.opb.gob.mx\/portal\/index.php?rest_route=\/wp\/v2\/users\/9"}],"replies":[{"embeddable":true,"href":"http:\/\/www.opb.gob.mx\/portal\/index.php?rest_route=%2Fwp%2Fv2%2Fcomments&post=24025"}],"version-history":[{"count":2,"href":"http:\/\/www.opb.gob.mx\/portal\/index.php?rest_route=\/wp\/v2\/posts\/24025\/revisions"}],"predecessor-version":[{"id":24031,"href":"http:\/\/www.opb.gob.mx\/portal\/index.php?rest_route=\/wp\/v2\/posts\/24025\/revisions\/24031"}],"wp:featuredmedia":[{"embeddable":true,"href":"http:\/\/www.opb.gob.mx\/portal\/index.php?rest_route=\/wp\/v2\/media\/24026"}],"wp:attachment":[{"href":"http:\/\/www.opb.gob.mx\/portal\/index.php?rest_route=%2Fwp%2Fv2%2Fmedia&parent=24025"}],"wp:term":[{"taxonomy":"category","embeddable":true,"href":"http:\/\/www.opb.gob.mx\/portal\/index.php?rest_route=%2Fwp%2Fv2%2Fcategories&post=24025"},{"taxonomy":"post_tag","embeddable":true,"href":"http:\/\/www.opb.gob.mx\/portal\/index.php?rest_route=%2Fwp%2Fv2%2Ftags&post=24025"}],"curies":[{"name":"wp","href":"https:\/\/api.w.org\/{rel}","templated":true}]}}