{"id":24559,"date":"2022-11-14T09:01:41","date_gmt":"2022-11-14T09:01:41","guid":{"rendered":"http:\/\/www.opb.gob.mx\/portal\/?p=24559"},"modified":"2022-11-14T21:14:11","modified_gmt":"2022-11-14T21:14:11","slug":"inicia-con-gran-exito-el-foro-juvenil-con-la-conferencia-elegir-es-tu-poder","status":"publish","type":"post","link":"http:\/\/www.opb.gob.mx\/portal\/?p=24559","title":{"rendered":"INICIA CON GRAN \u00c9XITO EL \u201cFORO JUVENIL\u201d CON LA CONFERENCIA \u201cELEGIR ES TU PODER\u201d"},"content":{"rendered":"<p>Chetumal, Q. Roo a 14 de noviembre. \u2013 Con la finalidad de cumplir con el segundo eje prioritario de gobierno como ha indicado la presidenta municipal de Oth\u00f3n P. Blanco, Yensunni Mart\u00ednez Hern\u00e1ndez, de fortalecer programas y acciones tendientes a dar atenci\u00f3n a los derechos sociales b\u00e1sicos; este lunes inici\u00f3 el \u201cForo Juvenil\u201d llevado a cabo en el teatro de la Universidad Aut\u00f3noma del Estado de Quintana Roo (UQRoo).<\/p>\n<p>En su mensaje de inauguraci\u00f3n, en representaci\u00f3n de la alcaldesa capitalina, el regidor Saulo Aguilar Bern\u00e9s, agradeci\u00f3 a la Universidad Aut\u00f3noma del Estado de Quintana Roo por la coordinaci\u00f3n con el Ayuntamiento othonense y abrir las puertas a este evento tan importante que trajo informaci\u00f3n fidedigna que busca crear conciencia en las y los j\u00f3venes.<\/p>\n<p>Por su parte, la directora General del Instituto Quintanarroense de la Juventud, Alma Alvarado Moo, felicit\u00f3 al Ayuntamiento de Oth\u00f3n P. Blanco, quien a trav\u00e9s del IMJUVE hizo realidad este proyecto que toma relevancia en tocar temas como los derechos sociales y reproductivos de la juventud, previniendo con ello diversas problem\u00e1ticas que suceden por falta de informaci\u00f3n.<\/p>\n<p>El foro realizado en coordinaci\u00f3n con el Instituto Quintanarroense la Juventud y la empresa multinacional de preservativos \u201cPRUDENCE\u201d, ante m\u00e1s de 500 j\u00f3venes de diversos niveles educativos, inici\u00f3 con la conferencia \u201cElegir es tu Poder\u201d, impartido por la coordinadora regional zona sureste DKT School, Diana Carolina Gonz\u00e1lez S\u00e1nchez.<\/p>\n<p>Cabe mencionar que este martes 15 del presente, continuar\u00e1n las actividades en el mismo escenario del teatro de la UQRoo que nueva cuenta, esperan la asistencia de m\u00e1s de 500 j\u00f3venes.<\/p>\n<p>Asistieron como invitados especiales, las y los regidores, Cindy Livier Yah May; Alfredo Ceballos Santiago; Grecia Coral Pasos; Mar\u00eda del Carmen Garc\u00eda Guevara; Santiago Aja Vaca; Lidia Rojas Fabro; y Rufina Cruz Mart\u00ednez.<\/p>\n<figure class=\"gallery-item\">\n\t\t\t\t<a data-elementor-open-lightbox=\"yes\" data-elementor-lightbox-slideshow=\"aa0f2af\" data-elementor-lightbox-title=\"WhatsApp Image 2022-11-14 at 3.04.23 PM\" href=\"http:\/\/www.opb.gob.mx\/portal\/wp-content\/uploads\/2022\/11\/WhatsApp-Image-2022-11-14-at-3.04.23-PM.jpeg\"><img width=\"768\" height=\"456\" src=\"http:\/\/www.opb.gob.mx\/portal\/wp-content\/uploads\/2022\/11\/WhatsApp-Image-2022-11-14-at-3.04.23-PM-768x456.jpeg\" alt=\"\" loading=\"lazy\"><\/a><\/figure>\n<figure class=\"gallery-item\">\n\t\t\t\t<a data-elementor-open-lightbox=\"yes\" data-elementor-lightbox-slideshow=\"aa0f2af\" data-elementor-lightbox-title=\"WhatsApp Image 2022-11-14 at 3.04.23 PM (1)\" href=\"http:\/\/www.opb.gob.mx\/portal\/wp-content\/uploads\/2022\/11\/WhatsApp-Image-2022-11-14-at-3.04.23-PM-1.jpeg\"><img width=\"768\" height=\"456\" src=\"http:\/\/www.opb.gob.mx\/portal\/wp-content\/uploads\/2022\/11\/WhatsApp-Image-2022-11-14-at-3.04.23-PM-1-768x456.jpeg\" alt=\"\" loading=\"lazy\" srcset=\"http:\/\/www.opb.gob.mx\/portal\/wp-content\/uploads\/2022\/11\/WhatsApp-Image-2022-11-14-at-3.04.23-PM-1-768x456.jpeg 768w, http:\/\/www.opb.gob.mx\/portal\/wp-content\/uploads\/2022\/11\/WhatsApp-Image-2022-11-14-at-3.04.23-PM-1-1170x694.jpeg 1170w\" sizes=\"(max-width: 768px) 100vw, 768px\"><\/a><\/figure>\n<figure class=\"gallery-item\">\n\t\t\t\t<a data-elementor-open-lightbox=\"yes\" data-elementor-lightbox-slideshow=\"aa0f2af\" data-elementor-lightbox-title=\"WhatsApp Image 2022-11-14 at 3.04.24 PM\" href=\"http:\/\/www.opb.gob.mx\/portal\/wp-content\/uploads\/2022\/11\/WhatsApp-Image-2022-11-14-at-3.04.24-PM.jpeg\"><img width=\"768\" height=\"456\" src=\"http:\/\/www.opb.gob.mx\/portal\/wp-content\/uploads\/2022\/11\/WhatsApp-Image-2022-11-14-at-3.04.24-PM-768x456.jpeg\" alt=\"\" loading=\"lazy\" srcset=\"http:\/\/www.opb.gob.mx\/portal\/wp-content\/uploads\/2022\/11\/WhatsApp-Image-2022-11-14-at-3.04.24-PM-768x456.jpeg 768w, http:\/\/www.opb.gob.mx\/portal\/wp-content\/uploads\/2022\/11\/WhatsApp-Image-2022-11-14-at-3.04.24-PM-1170x694.jpeg 1170w\" sizes=\"(max-width: 768px) 100vw, 768px\"><\/a><\/figure>\n<figure class=\"gallery-item\">\n\t\t\t\t<a data-elementor-open-lightbox=\"yes\" data-elementor-lightbox-slideshow=\"aa0f2af\" data-elementor-lightbox-title=\"WhatsApp Image 2022-11-14 at 3.04.25 PM\" href=\"http:\/\/www.opb.gob.mx\/portal\/wp-content\/uploads\/2022\/11\/WhatsApp-Image-2022-11-14-at-3.04.25-PM.jpeg\"><img width=\"768\" height=\"456\" src=\"http:\/\/www.opb.gob.mx\/portal\/wp-content\/uploads\/2022\/11\/WhatsApp-Image-2022-11-14-at-3.04.25-PM-768x456.jpeg\" alt=\"\" loading=\"lazy\" srcset=\"http:\/\/www.opb.gob.mx\/portal\/wp-content\/uploads\/2022\/11\/WhatsApp-Image-2022-11-14-at-3.04.25-PM-768x456.jpeg 768w, http:\/\/www.opb.gob.mx\/portal\/wp-content\/uploads\/2022\/11\/WhatsApp-Image-2022-11-14-at-3.04.25-PM-1170x694.jpeg 1170w\" sizes=\"(max-width: 768px) 100vw, 768px\"><\/a><\/figure>\n<figure class=\"gallery-item\">\n\t\t\t\t<a data-elementor-open-lightbox=\"yes\" data-elementor-lightbox-slideshow=\"aa0f2af\" data-elementor-lightbox-title=\"WhatsApp Image 2022-11-14 at 3.04.25 PM (1)\" href=\"http:\/\/www.opb.gob.mx\/portal\/wp-content\/uploads\/2022\/11\/WhatsApp-Image-2022-11-14-at-3.04.25-PM-1.jpeg\"><img width=\"768\" height=\"456\" src=\"http:\/\/www.opb.gob.mx\/portal\/wp-content\/uploads\/2022\/11\/WhatsApp-Image-2022-11-14-at-3.04.25-PM-1-768x456.jpeg\" alt=\"\" loading=\"lazy\" srcset=\"http:\/\/www.opb.gob.mx\/portal\/wp-content\/uploads\/2022\/11\/WhatsApp-Image-2022-11-14-at-3.04.25-PM-1-768x456.jpeg 768w, http:\/\/www.opb.gob.mx\/portal\/wp-content\/uploads\/2022\/11\/WhatsApp-Image-2022-11-14-at-3.04.25-PM-1-1170x694.jpeg 1170w\" sizes=\"(max-width: 768px) 100vw, 768px\"><\/a><\/figure>\n","protected":false},"excerpt":{"rendered":"<p>\u201cForo Juvenil\u201d se lleva a cabo este lunes 14 y martes 15 de noviembre en el teatro de la UAEQROO. <\/p>\n","protected":false},"author":9,"featured_media":24564,"comment_status":"open","ping_status":"open","sticky":false,"template":"","format":"standard","meta":[],"categories":[27],"tags":[],"_links":{"self":[{"href":"http:\/\/www.opb.gob.mx\/portal\/index.php?rest_route=\/wp\/v2\/posts\/24559"}],"collection":[{"href":"http:\/\/www.opb.gob.mx\/portal\/index.php?rest_route=\/wp\/v2\/posts"}],"about":[{"href":"http:\/\/www.opb.gob.mx\/portal\/index.php?rest_route=\/wp\/v2\/types\/post"}],"author":[{"embeddable":true,"href":"http:\/\/www.opb.gob.mx\/portal\/index.php?rest_route=\/wp\/v2\/users\/9"}],"replies":[{"embeddable":true,"href":"http:\/\/www.opb.gob.mx\/portal\/index.php?rest_route=%2Fwp%2Fv2%2Fcomments&post=24559"}],"version-history":[{"count":3,"href":"http:\/\/www.opb.gob.mx\/portal\/index.php?rest_route=\/wp\/v2\/posts\/24559\/revisions"}],"predecessor-version":[{"id":24567,"href":"http:\/\/www.opb.gob.mx\/portal\/index.php?rest_route=\/wp\/v2\/posts\/24559\/revisions\/24567"}],"wp:featuredmedia":[{"embeddable":true,"href":"http:\/\/www.opb.gob.mx\/portal\/index.php?rest_route=\/wp\/v2\/media\/24564"}],"wp:attachment":[{"href":"http:\/\/www.opb.gob.mx\/portal\/index.php?rest_route=%2Fwp%2Fv2%2Fmedia&parent=24559"}],"wp:term":[{"taxonomy":"category","embeddable":true,"href":"http:\/\/www.opb.gob.mx\/portal\/index.php?rest_route=%2Fwp%2Fv2%2Fcategories&post=24559"},{"taxonomy":"post_tag","embeddable":true,"href":"http:\/\/www.opb.gob.mx\/portal\/index.php?rest_route=%2Fwp%2Fv2%2Ftags&post=24559"}],"curies":[{"name":"wp","href":"https:\/\/api.w.org\/{rel}","templated":true}]}}