{"id":25145,"date":"2023-01-09T06:53:48","date_gmt":"2023-01-09T06:53:48","guid":{"rendered":"http:\/\/www.opb.gob.mx\/portal\/?p=25145"},"modified":"2023-01-09T18:56:26","modified_gmt":"2023-01-09T18:56:26","slug":"cierra-con-gran-afluencia-de-visitantes-programa-de-fin-de-vacaciones-decembrinas-en-el-zoologico-payo-obispo","status":"publish","type":"post","link":"http:\/\/www.opb.gob.mx\/portal\/?p=25145","title":{"rendered":"CIERRA CON GRAN AFLUENCIA DE VISITANTES PROGRAMA DE FIN DE VACACIONES DECEMBRINAS EN EL ZOOL\u00d3GICO PAYO OBISPO"},"content":{"rendered":"\t\t<div data-elementor-type=\"wp-post\" data-elementor-id=\"25145\" class=\"elementor elementor-25145\" data-elementor-settings=\"[]\">\n\t\t\t\t\t\t<div class=\"elementor-inner\">\n\t\t\t\t\t\t\t<div class=\"elementor-section-wrap\">\n\t\t\t\t\t\t\t<section class=\"elementor-section elementor-top-section elementor-element elementor-element-7b2850d elementor-section-boxed elementor-section-height-default elementor-section-height-default\" data-id=\"7b2850d\" data-element_type=\"section\">\n\t\t\t\t\t\t<div class=\"elementor-container elementor-column-gap-default\">\n\t\t\t\t\t\t\t<div class=\"elementor-row\">\n\t\t\t\t\t<div class=\"elementor-column elementor-col-100 elementor-top-column elementor-element elementor-element-5232f57\" data-id=\"5232f57\" data-element_type=\"column\">\n\t\t\t<div class=\"elementor-column-wrap elementor-element-populated\">\n\t\t\t\t\t\t\t<div class=\"elementor-widget-wrap\">\n\t\t\t\t\t\t<div class=\"elementor-element elementor-element-83af4e8 elementor-widget elementor-widget-text-editor\" data-id=\"83af4e8\" data-element_type=\"widget\" data-widget_type=\"text-editor.default\">\n\t\t\t\t<div class=\"elementor-widget-container\">\n\t\t\t\t\t<div class=\"elementor-text-editor elementor-clearfix\"><p>Chetumal, Q. Roo a 9 de enero.- M\u00e1s de mil personas entre ni\u00f1as, ni\u00f1os, y adultos asistieron los d\u00edas s\u00e1bado 7 y domingo 8 de enero, al Zool\u00f3gico Payo Obispo de Chetumal con motivo del cierre de las vacaciones decembrinas y el programa de educaci\u00f3n ambiental y convivencia familiar que por instrucciones de la presidenta municipal de Oth\u00f3n P. Blanco, Yensunni Mart\u00ednez Hern\u00e1ndez, organizaron las autoridades del hist\u00f3rico parque de contacto con la naturaleza y especies.<\/p><p>Al respecto, la directora de dicho parque, Bianca Novelo Dur\u00e1n, dijo que, para estos d\u00edas, se prepararon varias actividades para las ni\u00f1as y ni\u00f1os que asistieron sumando un total de mil 77 personas que corresponden a 198 ni\u00f1as y ni\u00f1os el d\u00eda s\u00e1bado; y 218 el domingo, mientras que los adultos fueron 286 el primer d\u00eda, y 375 el segundo.<\/p><p>Mencion\u00f3 que dentro de las actividades que realizaron en el zool\u00f3gico, fue el tradicional corte de rosca de reyes donde a ni\u00f1as y ni\u00f1os asistentes, se les otorg\u00f3 un obsequio significativo que disfrutaron mucho, adem\u00e1s los que \u201csacaron\u201d mu\u00f1eco\u201d, ganaron un pase para participar en alguna actividad como alimentar a los peces, entre muchas otras.<\/p><p>Novelo Dur\u00e1n explic\u00f3 que durante las actividades de la feria interactiva \u201cFeria de Reyes\u201d (desp\u00eddete de las vacaciones como un rey), se realizaron pl\u00e1ticas y din\u00e1micas como: la \u201calimentaci\u00f3n de peces\u201d, \u201cel mono ara\u00f1a y su importancia ecol\u00f3gica\u201d, \u201cel proceso de la oruga\u201d, \u201clas guacamayas y sus brillantes colores\u201d, y \u201cconoce sobre las serpientes\u201d.<\/p><p>Asimismo, \u201cMaya el hipop\u00f3tamo, come rosca\u201d, \u201clos pavos tambi\u00e9n son reyes\u201d, \u201clas guacamayas disfrutan de sus regalos\u201d, y \u201clos capibaras y su rosca\u201d, adem\u00e1s, por actividades donde participaban, las y los menores juntaban fichas y con hasta 5 de ellas, pod\u00edan canjearlas por diversos obsequios.<\/p><p>Para finalizar, la directora del Zool\u00f3gico Payo Obispo coment\u00f3 que este tipo de acciones se llevan a cabo en el marco del cuarto eje prioritario de gobierno donde se destaca la recuperaci\u00f3n de espacios p\u00fablicos como el hist\u00f3rico parque que adem\u00e1s busca la sustentabilidad social y ambiental del lugar.<\/p><\/div>\n\t\t\t\t<\/div>\n\t\t\t\t<\/div>\n\t\t\t\t\t\t<\/div>\n\t\t\t\t\t<\/div>\n\t\t<\/div>\n\t\t\t\t\t\t\t\t<\/div>\n\t\t\t\t\t<\/div>\n\t\t<\/section>\n\t\t\t\t<section class=\"elementor-section elementor-top-section elementor-element elementor-element-263577e elementor-section-boxed elementor-section-height-default elementor-section-height-default\" data-id=\"263577e\" data-element_type=\"section\">\n\t\t\t\t\t\t<div class=\"elementor-container elementor-column-gap-default\">\n\t\t\t\t\t\t\t<div class=\"elementor-row\">\n\t\t\t\t\t<div class=\"elementor-column elementor-col-100 elementor-top-column elementor-element elementor-element-af4b2d0\" data-id=\"af4b2d0\" data-element_type=\"column\">\n\t\t\t<div class=\"elementor-column-wrap elementor-element-populated\">\n\t\t\t\t\t\t\t<div class=\"elementor-widget-wrap\">\n\t\t\t\t\t\t<div class=\"elementor-element elementor-element-c5d49ac elementor-widget elementor-widget-image-gallery\" data-id=\"c5d49ac\" data-element_type=\"widget\" data-widget_type=\"image-gallery.default\">\n\t\t\t\t<div class=\"elementor-widget-container\">\n\t\t\t\t\t<div class=\"elementor-image-gallery\">\n\t\t\t<div id='gallery-1' class='gallery galleryid-25145 gallery-columns-4 gallery-size-medium'><figure class='gallery-item'>\n\t\t\t<div class='gallery-icon portrait'>\n\t\t\t\t<a data-elementor-open-lightbox=\"yes\" data-elementor-lightbox-slideshow=\"c5d49ac\" data-elementor-lightbox-title=\"WhatsApp Image 2023-01-09 at 1.24.04 PM\" href='http:\/\/www.opb.gob.mx\/portal\/wp-content\/uploads\/2023\/01\/WhatsApp-Image-2023-01-09-at-1.24.04-PM.jpeg'><img width=\"768\" height=\"456\" src=\"http:\/\/www.opb.gob.mx\/portal\/wp-content\/uploads\/2023\/01\/WhatsApp-Image-2023-01-09-at-1.24.04-PM-768x456.jpeg\" class=\"attachment-medium size-medium\" alt=\"\" loading=\"lazy\" \/><\/a>\n\t\t\t<\/div><\/figure><figure class='gallery-item'>\n\t\t\t<div class='gallery-icon portrait'>\n\t\t\t\t<a data-elementor-open-lightbox=\"yes\" data-elementor-lightbox-slideshow=\"c5d49ac\" data-elementor-lightbox-title=\"WhatsApp Image 2023-01-09 at 1.24.04 PM (1)\" href='http:\/\/www.opb.gob.mx\/portal\/wp-content\/uploads\/2023\/01\/WhatsApp-Image-2023-01-09-at-1.24.04-PM-1.jpeg'><img width=\"768\" height=\"456\" src=\"http:\/\/www.opb.gob.mx\/portal\/wp-content\/uploads\/2023\/01\/WhatsApp-Image-2023-01-09-at-1.24.04-PM-1-768x456.jpeg\" class=\"attachment-medium size-medium\" alt=\"\" loading=\"lazy\" \/><\/a>\n\t\t\t<\/div><\/figure><figure class='gallery-item'>\n\t\t\t<div class='gallery-icon portrait'>\n\t\t\t\t<a data-elementor-open-lightbox=\"yes\" data-elementor-lightbox-slideshow=\"c5d49ac\" data-elementor-lightbox-title=\"WhatsApp Image 2023-01-09 at 1.24.05 PM (3)\" href='http:\/\/www.opb.gob.mx\/portal\/wp-content\/uploads\/2023\/01\/WhatsApp-Image-2023-01-09-at-1.24.05-PM-3.jpeg'><img width=\"768\" height=\"456\" src=\"http:\/\/www.opb.gob.mx\/portal\/wp-content\/uploads\/2023\/01\/WhatsApp-Image-2023-01-09-at-1.24.05-PM-3-768x456.jpeg\" class=\"attachment-medium size-medium\" alt=\"\" loading=\"lazy\" \/><\/a>\n\t\t\t<\/div><\/figure><figure class='gallery-item'>\n\t\t\t<div class='gallery-icon portrait'>\n\t\t\t\t<a data-elementor-open-lightbox=\"yes\" data-elementor-lightbox-slideshow=\"c5d49ac\" data-elementor-lightbox-title=\"WhatsApp Image 2023-01-09 at 1.24.05 PM (4)\" href='http:\/\/www.opb.gob.mx\/portal\/wp-content\/uploads\/2023\/01\/WhatsApp-Image-2023-01-09-at-1.24.05-PM-4.jpeg'><img width=\"768\" height=\"456\" src=\"http:\/\/www.opb.gob.mx\/portal\/wp-content\/uploads\/2023\/01\/WhatsApp-Image-2023-01-09-at-1.24.05-PM-4-768x456.jpeg\" class=\"attachment-medium size-medium\" alt=\"\" loading=\"lazy\" \/><\/a>\n\t\t\t<\/div><\/figure><figure class='gallery-item'>\n\t\t\t<div class='gallery-icon portrait'>\n\t\t\t\t<a data-elementor-open-lightbox=\"yes\" data-elementor-lightbox-slideshow=\"c5d49ac\" data-elementor-lightbox-title=\"WhatsApp Image 2023-01-09 at 1.24.05 PM\" href='http:\/\/www.opb.gob.mx\/portal\/wp-content\/uploads\/2023\/01\/WhatsApp-Image-2023-01-09-at-1.24.05-PM.jpeg'><img width=\"768\" height=\"456\" src=\"http:\/\/www.opb.gob.mx\/portal\/wp-content\/uploads\/2023\/01\/WhatsApp-Image-2023-01-09-at-1.24.05-PM-768x456.jpeg\" class=\"attachment-medium size-medium\" alt=\"\" loading=\"lazy\" \/><\/a>\n\t\t\t<\/div><\/figure><figure class='gallery-item'>\n\t\t\t<div class='gallery-icon portrait'>\n\t\t\t\t<a data-elementor-open-lightbox=\"yes\" data-elementor-lightbox-slideshow=\"c5d49ac\" data-elementor-lightbox-title=\"WhatsApp Image 2023-01-09 at 1.24.05 PM (1)\" href='http:\/\/www.opb.gob.mx\/portal\/wp-content\/uploads\/2023\/01\/WhatsApp-Image-2023-01-09-at-1.24.05-PM-1.jpeg'><img width=\"768\" height=\"456\" src=\"http:\/\/www.opb.gob.mx\/portal\/wp-content\/uploads\/2023\/01\/WhatsApp-Image-2023-01-09-at-1.24.05-PM-1-768x456.jpeg\" class=\"attachment-medium size-medium\" alt=\"\" loading=\"lazy\" \/><\/a>\n\t\t\t<\/div><\/figure><figure class='gallery-item'>\n\t\t\t<div class='gallery-icon landscape'>\n\t\t\t\t<a data-elementor-open-lightbox=\"yes\" data-elementor-lightbox-slideshow=\"c5d49ac\" data-elementor-lightbox-title=\"WhatsApp Image 2023-01-09 at 1.24.05 PM (2)\" href='http:\/\/www.opb.gob.mx\/portal\/wp-content\/uploads\/2023\/01\/WhatsApp-Image-2023-01-09-at-1.24.05-PM-2.jpeg'><img width=\"768\" height=\"456\" src=\"http:\/\/www.opb.gob.mx\/portal\/wp-content\/uploads\/2023\/01\/WhatsApp-Image-2023-01-09-at-1.24.05-PM-2-768x456.jpeg\" class=\"attachment-medium size-medium\" alt=\"\" loading=\"lazy\" srcset=\"http:\/\/www.opb.gob.mx\/portal\/wp-content\/uploads\/2023\/01\/WhatsApp-Image-2023-01-09-at-1.24.05-PM-2-768x456.jpeg 768w, http:\/\/www.opb.gob.mx\/portal\/wp-content\/uploads\/2023\/01\/WhatsApp-Image-2023-01-09-at-1.24.05-PM-2-1170x694.jpeg 1170w\" sizes=\"(max-width: 768px) 100vw, 768px\" \/><\/a>\n\t\t\t<\/div><\/figure>\n\t\t<\/div>\n\t\t<\/div>\n\t\t\t\t<\/div>\n\t\t\t\t<\/div>\n\t\t\t\t\t\t<\/div>\n\t\t\t\t\t<\/div>\n\t\t<\/div>\n\t\t\t\t\t\t\t\t<\/div>\n\t\t\t\t\t<\/div>\n\t\t<\/section>\n\t\t\t\t\t\t<\/div>\n\t\t\t\t\t\t<\/div>\n\t\t\t\t\t<\/div>\n\t\t","protected":false},"excerpt":{"rendered":"<p>Responde la ciudadan\u00eda al programa de educaci\u00f3n ambiental y convivencia familiar en el hist\u00f3rico zool\u00f3gico.<\/p>\n","protected":false},"author":9,"featured_media":25152,"comment_status":"closed","ping_status":"open","sticky":false,"template":"","format":"standard","meta":[],"categories":[27],"tags":[],"_links":{"self":[{"href":"http:\/\/www.opb.gob.mx\/portal\/index.php?rest_route=\/wp\/v2\/posts\/25145"}],"collection":[{"href":"http:\/\/www.opb.gob.mx\/portal\/index.php?rest_route=\/wp\/v2\/posts"}],"about":[{"href":"http:\/\/www.opb.gob.mx\/portal\/index.php?rest_route=\/wp\/v2\/types\/post"}],"author":[{"embeddable":true,"href":"http:\/\/www.opb.gob.mx\/portal\/index.php?rest_route=\/wp\/v2\/users\/9"}],"replies":[{"embeddable":true,"href":"http:\/\/www.opb.gob.mx\/portal\/index.php?rest_route=%2Fwp%2Fv2%2Fcomments&post=25145"}],"version-history":[{"count":2,"href":"http:\/\/www.opb.gob.mx\/portal\/index.php?rest_route=\/wp\/v2\/posts\/25145\/revisions"}],"predecessor-version":[{"id":25154,"href":"http:\/\/www.opb.gob.mx\/portal\/index.php?rest_route=\/wp\/v2\/posts\/25145\/revisions\/25154"}],"wp:featuredmedia":[{"embeddable":true,"href":"http:\/\/www.opb.gob.mx\/portal\/index.php?rest_route=\/wp\/v2\/media\/25152"}],"wp:attachment":[{"href":"http:\/\/www.opb.gob.mx\/portal\/index.php?rest_route=%2Fwp%2Fv2%2Fmedia&parent=25145"}],"wp:term":[{"taxonomy":"category","embeddable":true,"href":"http:\/\/www.opb.gob.mx\/portal\/index.php?rest_route=%2Fwp%2Fv2%2Fcategories&post=25145"},{"taxonomy":"post_tag","embeddable":true,"href":"http:\/\/www.opb.gob.mx\/portal\/index.php?rest_route=%2Fwp%2Fv2%2Ftags&post=25145"}],"curies":[{"name":"wp","href":"https:\/\/api.w.org\/{rel}","templated":true}]}}