{"id":26558,"date":"2023-04-02T14:51:47","date_gmt":"2023-04-02T14:51:47","guid":{"rendered":"http:\/\/www.opb.gob.mx\/portal\/?p=26558"},"modified":"2023-04-03T15:06:00","modified_gmt":"2023-04-03T15:06:00","slug":"realizan-trabajos-de-mantenimiento-en-el-panteon-campos-del-recuerdo","status":"publish","type":"post","link":"http:\/\/www.opb.gob.mx\/portal\/?p=26558","title":{"rendered":"REALIZAN TRABAJOS DE MANTENIMIENTO EN EL PANTE\u00d3N CAMPOS DEL RECUERDO"},"content":{"rendered":"\t\t<div data-elementor-type=\"wp-post\" data-elementor-id=\"26558\" class=\"elementor elementor-26558\" data-elementor-settings=\"[]\">\n\t\t\t\t\t\t<div class=\"elementor-inner\">\n\t\t\t\t\t\t\t<div class=\"elementor-section-wrap\">\n\t\t\t\t\t\t\t<section class=\"elementor-section elementor-top-section elementor-element elementor-element-9df141a elementor-section-boxed elementor-section-height-default elementor-section-height-default\" data-id=\"9df141a\" data-element_type=\"section\">\n\t\t\t\t\t\t<div class=\"elementor-container elementor-column-gap-default\">\n\t\t\t\t\t\t\t<div class=\"elementor-row\">\n\t\t\t\t\t<div class=\"elementor-column elementor-col-100 elementor-top-column elementor-element elementor-element-ade7820\" data-id=\"ade7820\" data-element_type=\"column\">\n\t\t\t<div class=\"elementor-column-wrap elementor-element-populated\">\n\t\t\t\t\t\t\t<div class=\"elementor-widget-wrap\">\n\t\t\t\t\t\t<div class=\"elementor-element elementor-element-62fda5f elementor-widget elementor-widget-text-editor\" data-id=\"62fda5f\" data-element_type=\"widget\" data-widget_type=\"text-editor.default\">\n\t\t\t\t<div class=\"elementor-widget-container\">\n\t\t\t\t\t<div class=\"elementor-text-editor elementor-clearfix\"><p>Chetumal, Q. Roo a 2 de abril. &#8211; El Ayuntamiento de Oth\u00f3n P. Blanco que preside la alcaldesa Yensunni Mart\u00ednez Hern\u00e1ndez, a trav\u00e9s del departamento de panteones y funerarias, se encuentra trabajando en el mantenimiento del pante\u00f3n \u201cCampos del Recuerdo\u201d de la ciudad capital.<\/p><p>El titular de esa \u00e1rea, H\u00e9ctor Esc\u00e1rcega Ojeda, explic\u00f3 que actualmente se realizan trabajos de limpieza en los pasillos y podado del \u00e1rea de las b\u00f3vedas con una superficie de cinco hect\u00e1reas de ocho en total y tambi\u00e9n el podado de espacios externos al pante\u00f3n, acciones cumplidas hacia el fina de la pasada semana.<\/p><p>Dijo que todos estos trabajos de podado se realizaron en coordinaci\u00f3n con la direcci\u00f3n de servicios p\u00fablicos municipales, adem\u00e1s tambi\u00e9n se est\u00e1n realizando trabajos de la oficina (\u00e1rea administrativa) como la reparaci\u00f3n de la instalaci\u00f3n el\u00e9ctrica, colocaci\u00f3n de l\u00e1mparas y trabajos de herrer\u00eda.<\/p><p>Esc\u00e1rcega Ojeda mencion\u00f3 que dentro de los pr\u00f3ximos d\u00edas, se realizar\u00e1n trabajos de reparaci\u00f3n en la puerta principal y trabajos de pintura con la finalidad de dar una mejor imagen a los visitantes que acuden a recordar a sus seres queridos.<\/p><p>Puntualiz\u00f3 que, las personas que deseen realizar alg\u00fan tr\u00e1mite para el pante\u00f3n \u201cCampos del Recuerdo\u201d como: inhumaci\u00f3n, exhumaci\u00f3n, refrendo y expedici\u00f3n de t\u00edtulo entre otros, deben acudir a las oficinas ubicadas en la funeraria municipal en la ciudad de Chetumal.<\/p><p>Estas oficinas est\u00e1n ubicadas sobre la avenida Ju\u00e1rez entre Plutarco El\u00edas Calles y L\u00e1zaro C\u00e1rdenas, en la colonia Centro, segundo piso en horario de 8 am a 2:30 pm en d\u00edas h\u00e1biles con guardias de atenci\u00f3n los d\u00edas s\u00e1bados y domingos durante las 24 horas y para mayor informaci\u00f3n, est\u00e1 a disposici\u00f3n el tel\u00e9fono 983 832 0690.<\/p><p>Para finalizar dijo que estos trabajos de rehabilitaci\u00f3n se encuentran contemplados dentro del actual plan de Gobierno Municipal que encabeza la presidenta municipal Yensunni Mart\u00ednez en el cuarto eje prioritario, enfocado en la recuperaci\u00f3n de espacios p\u00fablicos de calidad buscando la sustentabilidad social\u00a0y\u00a0ambiental.<\/p><\/div>\n\t\t\t\t<\/div>\n\t\t\t\t<\/div>\n\t\t\t\t\t\t<\/div>\n\t\t\t\t\t<\/div>\n\t\t<\/div>\n\t\t\t\t\t\t\t\t<\/div>\n\t\t\t\t\t<\/div>\n\t\t<\/section>\n\t\t\t\t<section class=\"elementor-section elementor-top-section elementor-element elementor-element-e8d3124 elementor-section-boxed elementor-section-height-default elementor-section-height-default\" data-id=\"e8d3124\" data-element_type=\"section\">\n\t\t\t\t\t\t<div class=\"elementor-container elementor-column-gap-default\">\n\t\t\t\t\t\t\t<div class=\"elementor-row\">\n\t\t\t\t\t<div class=\"elementor-column elementor-col-100 elementor-top-column elementor-element elementor-element-c6f24d6\" data-id=\"c6f24d6\" data-element_type=\"column\">\n\t\t\t<div class=\"elementor-column-wrap elementor-element-populated\">\n\t\t\t\t\t\t\t<div class=\"elementor-widget-wrap\">\n\t\t\t\t\t\t<div class=\"elementor-element elementor-element-79c0564 elementor-widget elementor-widget-image-gallery\" data-id=\"79c0564\" data-element_type=\"widget\" data-widget_type=\"image-gallery.default\">\n\t\t\t\t<div class=\"elementor-widget-container\">\n\t\t\t\t\t<div class=\"elementor-image-gallery\">\n\t\t\t<div id='gallery-1' class='gallery galleryid-26558 gallery-columns-4 gallery-size-medium'><figure class='gallery-item'>\n\t\t\t<div class='gallery-icon portrait'>\n\t\t\t\t<a data-elementor-open-lightbox=\"yes\" data-elementor-lightbox-slideshow=\"79c0564\" data-elementor-lightbox-title=\"Imagen de WhatsApp 2023-04-02 a las 15.05.301\" href='http:\/\/www.opb.gob.mx\/portal\/wp-content\/uploads\/2023\/04\/Imagen-de-WhatsApp-2023-04-02-a-las-15.05.301.jpg'><img width=\"768\" height=\"456\" src=\"http:\/\/www.opb.gob.mx\/portal\/wp-content\/uploads\/2023\/04\/Imagen-de-WhatsApp-2023-04-02-a-las-15.05.301-768x456.jpg\" class=\"attachment-medium size-medium\" alt=\"\" loading=\"lazy\" srcset=\"http:\/\/www.opb.gob.mx\/portal\/wp-content\/uploads\/2023\/04\/Imagen-de-WhatsApp-2023-04-02-a-las-15.05.301-768x456.jpg 768w, http:\/\/www.opb.gob.mx\/portal\/wp-content\/uploads\/2023\/04\/Imagen-de-WhatsApp-2023-04-02-a-las-15.05.301-1170x694.jpg 1170w\" sizes=\"(max-width: 768px) 100vw, 768px\" \/><\/a>\n\t\t\t<\/div><\/figure><figure class='gallery-item'>\n\t\t\t<div class='gallery-icon landscape'>\n\t\t\t\t<a data-elementor-open-lightbox=\"yes\" data-elementor-lightbox-slideshow=\"79c0564\" data-elementor-lightbox-title=\"Imagen de WhatsApp 2023-04-02 a las 15.05.30\" href='http:\/\/www.opb.gob.mx\/portal\/wp-content\/uploads\/2023\/04\/Imagen-de-WhatsApp-2023-04-02-a-las-15.05.30.jpg'><img width=\"768\" height=\"456\" src=\"http:\/\/www.opb.gob.mx\/portal\/wp-content\/uploads\/2023\/04\/Imagen-de-WhatsApp-2023-04-02-a-las-15.05.30-768x456.jpg\" class=\"attachment-medium size-medium\" alt=\"\" loading=\"lazy\" srcset=\"http:\/\/www.opb.gob.mx\/portal\/wp-content\/uploads\/2023\/04\/Imagen-de-WhatsApp-2023-04-02-a-las-15.05.30-768x456.jpg 768w, http:\/\/www.opb.gob.mx\/portal\/wp-content\/uploads\/2023\/04\/Imagen-de-WhatsApp-2023-04-02-a-las-15.05.30-1170x694.jpg 1170w\" sizes=\"(max-width: 768px) 100vw, 768px\" \/><\/a>\n\t\t\t<\/div><\/figure><figure class='gallery-item'>\n\t\t\t<div class='gallery-icon portrait'>\n\t\t\t\t<a data-elementor-open-lightbox=\"yes\" data-elementor-lightbox-slideshow=\"79c0564\" data-elementor-lightbox-title=\"Imagen de WhatsApp 2023-04-02 a las 15.05.3155\" href='http:\/\/www.opb.gob.mx\/portal\/wp-content\/uploads\/2023\/04\/Imagen-de-WhatsApp-2023-04-02-a-las-15.05.3155.jpg'><img width=\"768\" height=\"456\" src=\"http:\/\/www.opb.gob.mx\/portal\/wp-content\/uploads\/2023\/04\/Imagen-de-WhatsApp-2023-04-02-a-las-15.05.3155-768x456.jpg\" class=\"attachment-medium size-medium\" alt=\"\" loading=\"lazy\" srcset=\"http:\/\/www.opb.gob.mx\/portal\/wp-content\/uploads\/2023\/04\/Imagen-de-WhatsApp-2023-04-02-a-las-15.05.3155-768x456.jpg 768w, http:\/\/www.opb.gob.mx\/portal\/wp-content\/uploads\/2023\/04\/Imagen-de-WhatsApp-2023-04-02-a-las-15.05.3155-1170x694.jpg 1170w\" sizes=\"(max-width: 768px) 100vw, 768px\" \/><\/a>\n\t\t\t<\/div><\/figure><figure class='gallery-item'>\n\t\t\t<div class='gallery-icon portrait'>\n\t\t\t\t<a data-elementor-open-lightbox=\"yes\" data-elementor-lightbox-slideshow=\"79c0564\" data-elementor-lightbox-title=\"Imagen de WhatsApp 2023-04-02 a las 15.05.318\" href='http:\/\/www.opb.gob.mx\/portal\/wp-content\/uploads\/2023\/04\/Imagen-de-WhatsApp-2023-04-02-a-las-15.05.318.jpg'><img width=\"768\" height=\"456\" src=\"http:\/\/www.opb.gob.mx\/portal\/wp-content\/uploads\/2023\/04\/Imagen-de-WhatsApp-2023-04-02-a-las-15.05.318-768x456.jpg\" class=\"attachment-medium size-medium\" alt=\"\" loading=\"lazy\" srcset=\"http:\/\/www.opb.gob.mx\/portal\/wp-content\/uploads\/2023\/04\/Imagen-de-WhatsApp-2023-04-02-a-las-15.05.318-768x456.jpg 768w, http:\/\/www.opb.gob.mx\/portal\/wp-content\/uploads\/2023\/04\/Imagen-de-WhatsApp-2023-04-02-a-las-15.05.318-1170x694.jpg 1170w\" sizes=\"(max-width: 768px) 100vw, 768px\" \/><\/a>\n\t\t\t<\/div><\/figure><figure class='gallery-item'>\n\t\t\t<div class='gallery-icon landscape'>\n\t\t\t\t<a data-elementor-open-lightbox=\"yes\" data-elementor-lightbox-slideshow=\"79c0564\" data-elementor-lightbox-title=\"Imagen de WhatsApp 2023-04-02 a las 15.05.315\" href='http:\/\/www.opb.gob.mx\/portal\/wp-content\/uploads\/2023\/04\/Imagen-de-WhatsApp-2023-04-02-a-las-15.05.315.jpg'><img width=\"768\" height=\"456\" src=\"http:\/\/www.opb.gob.mx\/portal\/wp-content\/uploads\/2023\/04\/Imagen-de-WhatsApp-2023-04-02-a-las-15.05.315-768x456.jpg\" class=\"attachment-medium size-medium\" alt=\"\" loading=\"lazy\" srcset=\"http:\/\/www.opb.gob.mx\/portal\/wp-content\/uploads\/2023\/04\/Imagen-de-WhatsApp-2023-04-02-a-las-15.05.315-768x456.jpg 768w, http:\/\/www.opb.gob.mx\/portal\/wp-content\/uploads\/2023\/04\/Imagen-de-WhatsApp-2023-04-02-a-las-15.05.315-1170x694.jpg 1170w\" sizes=\"(max-width: 768px) 100vw, 768px\" \/><\/a>\n\t\t\t<\/div><\/figure>\n\t\t<\/div>\n\t\t<\/div>\n\t\t\t\t<\/div>\n\t\t\t\t<\/div>\n\t\t\t\t\t\t<\/div>\n\t\t\t\t\t<\/div>\n\t\t<\/div>\n\t\t\t\t\t\t\t\t<\/div>\n\t\t\t\t\t<\/div>\n\t\t<\/section>\n\t\t\t\t\t\t<\/div>\n\t\t\t\t\t\t<\/div>\n\t\t\t\t\t<\/div>\n\t\t","protected":false},"excerpt":{"rendered":"<p>Todos los interesados en realizar alg\u00fan tr\u00e1mite del pante\u00f3n Campos del Recuerdo, deber\u00e1n asistir a las oficinas de la funeraria municipal de OPB.<\/p>\n","protected":false},"author":9,"featured_media":26563,"comment_status":"closed","ping_status":"open","sticky":false,"template":"","format":"standard","meta":[],"categories":[27],"tags":[],"_links":{"self":[{"href":"http:\/\/www.opb.gob.mx\/portal\/index.php?rest_route=\/wp\/v2\/posts\/26558"}],"collection":[{"href":"http:\/\/www.opb.gob.mx\/portal\/index.php?rest_route=\/wp\/v2\/posts"}],"about":[{"href":"http:\/\/www.opb.gob.mx\/portal\/index.php?rest_route=\/wp\/v2\/types\/post"}],"author":[{"embeddable":true,"href":"http:\/\/www.opb.gob.mx\/portal\/index.php?rest_route=\/wp\/v2\/users\/9"}],"replies":[{"embeddable":true,"href":"http:\/\/www.opb.gob.mx\/portal\/index.php?rest_route=%2Fwp%2Fv2%2Fcomments&post=26558"}],"version-history":[{"count":2,"href":"http:\/\/www.opb.gob.mx\/portal\/index.php?rest_route=\/wp\/v2\/posts\/26558\/revisions"}],"predecessor-version":[{"id":26565,"href":"http:\/\/www.opb.gob.mx\/portal\/index.php?rest_route=\/wp\/v2\/posts\/26558\/revisions\/26565"}],"wp:featuredmedia":[{"embeddable":true,"href":"http:\/\/www.opb.gob.mx\/portal\/index.php?rest_route=\/wp\/v2\/media\/26563"}],"wp:attachment":[{"href":"http:\/\/www.opb.gob.mx\/portal\/index.php?rest_route=%2Fwp%2Fv2%2Fmedia&parent=26558"}],"wp:term":[{"taxonomy":"category","embeddable":true,"href":"http:\/\/www.opb.gob.mx\/portal\/index.php?rest_route=%2Fwp%2Fv2%2Fcategories&post=26558"},{"taxonomy":"post_tag","embeddable":true,"href":"http:\/\/www.opb.gob.mx\/portal\/index.php?rest_route=%2Fwp%2Fv2%2Ftags&post=26558"}],"curies":[{"name":"wp","href":"https:\/\/api.w.org\/{rel}","templated":true}]}}