{"id":26904,"date":"2023-04-25T11:21:23","date_gmt":"2023-04-25T11:21:23","guid":{"rendered":"http:\/\/www.opb.gob.mx\/portal\/?p=26904"},"modified":"2023-04-25T23:25:01","modified_gmt":"2023-04-25T23:25:01","slug":"abre-convocatoria-para-la-medalla-al-merito-ciudadano-othon-pompeyo-blanco","status":"publish","type":"post","link":"http:\/\/www.opb.gob.mx\/portal\/?p=26904","title":{"rendered":"ABRE CONVOCATORIA PARA LA MEDALLA AL M\u00c9RITO CIUDADANO \u201cOTH\u00d3N POMPEYO BLANCO\u201d"},"content":{"rendered":"\t\t<div data-elementor-type=\"wp-post\" data-elementor-id=\"26904\" class=\"elementor elementor-26904\" data-elementor-settings=\"[]\">\n\t\t\t\t\t\t<div class=\"elementor-inner\">\n\t\t\t\t\t\t\t<div class=\"elementor-section-wrap\">\n\t\t\t\t\t\t\t<section class=\"elementor-section elementor-top-section elementor-element elementor-element-a0ccbdf elementor-section-boxed elementor-section-height-default elementor-section-height-default\" data-id=\"a0ccbdf\" data-element_type=\"section\">\n\t\t\t\t\t\t<div class=\"elementor-container elementor-column-gap-default\">\n\t\t\t\t\t\t\t<div class=\"elementor-row\">\n\t\t\t\t\t<div class=\"elementor-column elementor-col-100 elementor-top-column elementor-element elementor-element-8de0f10\" data-id=\"8de0f10\" data-element_type=\"column\">\n\t\t\t<div class=\"elementor-column-wrap elementor-element-populated\">\n\t\t\t\t\t\t\t<div class=\"elementor-widget-wrap\">\n\t\t\t\t\t\t<div class=\"elementor-element elementor-element-b93dd93 elementor-widget elementor-widget-text-editor\" data-id=\"b93dd93\" data-element_type=\"widget\" data-widget_type=\"text-editor.default\">\n\t\t\t\t<div class=\"elementor-widget-container\">\n\t\t\t\t\t<div class=\"elementor-text-editor elementor-clearfix\"><p>Chetumal, Q. Roo a 25 de abril. &#8211; Cada a\u00f1o el Ayuntamiento de Oth\u00f3n P. Blanco que encabeza la presidenta municipal, Yensunni Mart\u00ednez Hern\u00e1ndez, entrega la medalla al m\u00e9rito ciudadano consciente de la importancia de la participaci\u00f3n ciudadana y por ello, en d\u00edas pasados se lanz\u00f3 la convocatoria de inscripci\u00f3n para recibir las propuestas para la adjudicaci\u00f3n.<\/p><p>El secretario general de la comuna, Adri\u00e1n S\u00e1nchez Dom\u00ednguez, explic\u00f3 que esta medalla se otorga a las personas que hayan destacado por sus acciones para engrandecer el municipio Oth\u00f3n P. Blanco y los hagan hacer merecedores de este premio.<\/p><p>Asimismo, dijo que pueden participan personas f\u00edsicas y morales siempre y cuando sean nacidos en este municipio o puedan comprobar una residencia de al menos 5 a\u00f1os, y en el caso de la persona moral, deber\u00e1 estar legalmente constituida.<\/p><p>Esta convocatoria estar\u00e1 vigente hasta el 21 de mayo del presente a\u00f1o y las propuestas deber\u00e1n presentarse en sobre cerrado dirigido al consejo de adjudicaci\u00f3n con sede en la secretar\u00eda general del Ayuntamiento, ubicada en la segunda planta de palacio municipal en la avenida \u00c1lvaro Obreg\u00f3n, en horario de 9:00 a 16:00 horas en d\u00edas h\u00e1biles.<\/p><p>S\u00e1nchez Dom\u00ednguez dijo que el consejo de adjudicaci\u00f3n de la \u201cmedalla al m\u00e9rito ciudadano Oth\u00f3n Pompeyo Blanco\u201d ser\u00e1 quien determine por mayor\u00eda de votos al acreedor o acreedora el d\u00eda 22 de mayo.<\/p><p>Dicho comit\u00e9 estar\u00e1 conformado por el secretario general del Ayuntamiento, Adri\u00e1n S\u00e1nchez Dom\u00ednguez, los regidores que presiden las comisiones de anticorrupci\u00f3n y participaci\u00f3n ciudadana; de desarrollo social; de educaci\u00f3n, cultura; y deportes, as\u00ed como la presidenta Yensunni Mart\u00ednez, el secretario del consejo consultivo ciudadano y el cronista de la ciudad.<\/p><p>Para finalizar, mencion\u00f3 que es importante recalcar que para la adjudicaci\u00f3n de la medalla al M\u00e9rito Ciudadano \u201cOth\u00f3n Pompeyo Blanco\u201d, se reconoce a la o el galardonado por haber destacado en labores cient\u00edficas, human\u00edsticas o cualquier otra vinculada con la vida c\u00edvica del municipio.<\/p><p>Puedes consultar la convocatoria en:<br \/>https:\/\/www.facebook.com\/photo?fbid=613006274187849&amp;set=pcb.613006304187846<\/p><\/div>\n\t\t\t\t<\/div>\n\t\t\t\t<\/div>\n\t\t\t\t\t\t<\/div>\n\t\t\t\t\t<\/div>\n\t\t<\/div>\n\t\t\t\t\t\t\t\t<\/div>\n\t\t\t\t\t<\/div>\n\t\t<\/section>\n\t\t\t\t<section class=\"elementor-section elementor-top-section elementor-element elementor-element-d24967c elementor-section-boxed elementor-section-height-default elementor-section-height-default\" data-id=\"d24967c\" data-element_type=\"section\">\n\t\t\t\t\t\t<div class=\"elementor-container elementor-column-gap-default\">\n\t\t\t\t\t\t\t<div class=\"elementor-row\">\n\t\t\t\t\t<div class=\"elementor-column elementor-col-100 elementor-top-column elementor-element elementor-element-b7e0cf4\" data-id=\"b7e0cf4\" data-element_type=\"column\">\n\t\t\t<div class=\"elementor-column-wrap elementor-element-populated\">\n\t\t\t\t\t\t\t<div class=\"elementor-widget-wrap\">\n\t\t\t\t\t\t<div class=\"elementor-element elementor-element-2ccb96b elementor-widget elementor-widget-image-gallery\" data-id=\"2ccb96b\" data-element_type=\"widget\" data-widget_type=\"image-gallery.default\">\n\t\t\t\t<div class=\"elementor-widget-container\">\n\t\t\t\t\t<div class=\"elementor-image-gallery\">\n\t\t\t<div id='gallery-1' class='gallery galleryid-26904 gallery-columns-4 gallery-size-medium'><figure class='gallery-item'>\n\t\t\t<div class='gallery-icon landscape'>\n\t\t\t\t<a data-elementor-open-lightbox=\"yes\" data-elementor-lightbox-slideshow=\"2ccb96b\" data-elementor-lightbox-title=\"WhatsApp Image 2023-04-25 at 3.00.51 PM\" href='http:\/\/www.opb.gob.mx\/portal\/wp-content\/uploads\/2023\/04\/WhatsApp-Image-2023-04-25-at-3.00.51-PM.jpeg'><img width=\"768\" height=\"456\" src=\"http:\/\/www.opb.gob.mx\/portal\/wp-content\/uploads\/2023\/04\/WhatsApp-Image-2023-04-25-at-3.00.51-PM-768x456.jpeg\" class=\"attachment-medium size-medium\" alt=\"\" loading=\"lazy\" srcset=\"http:\/\/www.opb.gob.mx\/portal\/wp-content\/uploads\/2023\/04\/WhatsApp-Image-2023-04-25-at-3.00.51-PM-768x456.jpeg 768w, http:\/\/www.opb.gob.mx\/portal\/wp-content\/uploads\/2023\/04\/WhatsApp-Image-2023-04-25-at-3.00.51-PM-1170x694.jpeg 1170w\" sizes=\"(max-width: 768px) 100vw, 768px\" \/><\/a>\n\t\t\t<\/div><\/figure><figure class='gallery-item'>\n\t\t\t<div class='gallery-icon landscape'>\n\t\t\t\t<a data-elementor-open-lightbox=\"yes\" data-elementor-lightbox-slideshow=\"2ccb96b\" data-elementor-lightbox-title=\"WhatsApp Image 2023-04-25 at 3.00.51 PM (1)\" href='http:\/\/www.opb.gob.mx\/portal\/wp-content\/uploads\/2023\/04\/WhatsApp-Image-2023-04-25-at-3.00.51-PM-1.jpeg'><img width=\"768\" height=\"456\" src=\"http:\/\/www.opb.gob.mx\/portal\/wp-content\/uploads\/2023\/04\/WhatsApp-Image-2023-04-25-at-3.00.51-PM-1-768x456.jpeg\" class=\"attachment-medium size-medium\" alt=\"\" loading=\"lazy\" srcset=\"http:\/\/www.opb.gob.mx\/portal\/wp-content\/uploads\/2023\/04\/WhatsApp-Image-2023-04-25-at-3.00.51-PM-1-768x456.jpeg 768w, http:\/\/www.opb.gob.mx\/portal\/wp-content\/uploads\/2023\/04\/WhatsApp-Image-2023-04-25-at-3.00.51-PM-1-1170x694.jpeg 1170w\" sizes=\"(max-width: 768px) 100vw, 768px\" \/><\/a>\n\t\t\t<\/div><\/figure><figure class='gallery-item'>\n\t\t\t<div class='gallery-icon landscape'>\n\t\t\t\t<a data-elementor-open-lightbox=\"yes\" data-elementor-lightbox-slideshow=\"2ccb96b\" data-elementor-lightbox-title=\"WhatsApp Image 2023-04-25 at 3.00.52 PM\" href='http:\/\/www.opb.gob.mx\/portal\/wp-content\/uploads\/2023\/04\/WhatsApp-Image-2023-04-25-at-3.00.52-PM.jpeg'><img width=\"768\" height=\"456\" src=\"http:\/\/www.opb.gob.mx\/portal\/wp-content\/uploads\/2023\/04\/WhatsApp-Image-2023-04-25-at-3.00.52-PM-768x456.jpeg\" class=\"attachment-medium size-medium\" alt=\"\" loading=\"lazy\" srcset=\"http:\/\/www.opb.gob.mx\/portal\/wp-content\/uploads\/2023\/04\/WhatsApp-Image-2023-04-25-at-3.00.52-PM-768x456.jpeg 768w, http:\/\/www.opb.gob.mx\/portal\/wp-content\/uploads\/2023\/04\/WhatsApp-Image-2023-04-25-at-3.00.52-PM-1170x694.jpeg 1170w\" sizes=\"(max-width: 768px) 100vw, 768px\" \/><\/a>\n\t\t\t<\/div><\/figure><figure class='gallery-item'>\n\t\t\t<div class='gallery-icon landscape'>\n\t\t\t\t<a data-elementor-open-lightbox=\"yes\" data-elementor-lightbox-slideshow=\"2ccb96b\" data-elementor-lightbox-title=\"WhatsApp Image 2023-04-25 at 3.00.52 PM (1)\" href='http:\/\/www.opb.gob.mx\/portal\/wp-content\/uploads\/2023\/04\/WhatsApp-Image-2023-04-25-at-3.00.52-PM-1.jpeg'><img width=\"768\" height=\"456\" src=\"http:\/\/www.opb.gob.mx\/portal\/wp-content\/uploads\/2023\/04\/WhatsApp-Image-2023-04-25-at-3.00.52-PM-1-768x456.jpeg\" class=\"attachment-medium size-medium\" alt=\"\" loading=\"lazy\" srcset=\"http:\/\/www.opb.gob.mx\/portal\/wp-content\/uploads\/2023\/04\/WhatsApp-Image-2023-04-25-at-3.00.52-PM-1-768x456.jpeg 768w, http:\/\/www.opb.gob.mx\/portal\/wp-content\/uploads\/2023\/04\/WhatsApp-Image-2023-04-25-at-3.00.52-PM-1-1170x694.jpeg 1170w\" sizes=\"(max-width: 768px) 100vw, 768px\" \/><\/a>\n\t\t\t<\/div><\/figure>\n\t\t<\/div>\n\t\t<\/div>\n\t\t\t\t<\/div>\n\t\t\t\t<\/div>\n\t\t\t\t\t\t<\/div>\n\t\t\t\t\t<\/div>\n\t\t<\/div>\n\t\t\t\t\t\t\t\t<\/div>\n\t\t\t\t\t<\/div>\n\t\t<\/section>\n\t\t\t\t\t\t<\/div>\n\t\t\t\t\t\t<\/div>\n\t\t\t\t\t<\/div>\n\t\t","protected":false},"excerpt":{"rendered":"<p>Los interesados deber\u00e1n entregar sus propuestas en la secretaria general del Ayuntamiento, en segundo piso de palacio municipal.<\/p>\n","protected":false},"author":9,"featured_media":26908,"comment_status":"closed","ping_status":"open","sticky":false,"template":"","format":"standard","meta":[],"categories":[27],"tags":[],"_links":{"self":[{"href":"http:\/\/www.opb.gob.mx\/portal\/index.php?rest_route=\/wp\/v2\/posts\/26904"}],"collection":[{"href":"http:\/\/www.opb.gob.mx\/portal\/index.php?rest_route=\/wp\/v2\/posts"}],"about":[{"href":"http:\/\/www.opb.gob.mx\/portal\/index.php?rest_route=\/wp\/v2\/types\/post"}],"author":[{"embeddable":true,"href":"http:\/\/www.opb.gob.mx\/portal\/index.php?rest_route=\/wp\/v2\/users\/9"}],"replies":[{"embeddable":true,"href":"http:\/\/www.opb.gob.mx\/portal\/index.php?rest_route=%2Fwp%2Fv2%2Fcomments&post=26904"}],"version-history":[{"count":2,"href":"http:\/\/www.opb.gob.mx\/portal\/index.php?rest_route=\/wp\/v2\/posts\/26904\/revisions"}],"predecessor-version":[{"id":26910,"href":"http:\/\/www.opb.gob.mx\/portal\/index.php?rest_route=\/wp\/v2\/posts\/26904\/revisions\/26910"}],"wp:featuredmedia":[{"embeddable":true,"href":"http:\/\/www.opb.gob.mx\/portal\/index.php?rest_route=\/wp\/v2\/media\/26908"}],"wp:attachment":[{"href":"http:\/\/www.opb.gob.mx\/portal\/index.php?rest_route=%2Fwp%2Fv2%2Fmedia&parent=26904"}],"wp:term":[{"taxonomy":"category","embeddable":true,"href":"http:\/\/www.opb.gob.mx\/portal\/index.php?rest_route=%2Fwp%2Fv2%2Fcategories&post=26904"},{"taxonomy":"post_tag","embeddable":true,"href":"http:\/\/www.opb.gob.mx\/portal\/index.php?rest_route=%2Fwp%2Fv2%2Ftags&post=26904"}],"curies":[{"name":"wp","href":"https:\/\/api.w.org\/{rel}","templated":true}]}}