{"id":27483,"date":"2023-06-29T11:23:31","date_gmt":"2023-06-29T11:23:31","guid":{"rendered":"http:\/\/www.opb.gob.mx\/portal\/?p=27483"},"modified":"2023-06-29T23:25:41","modified_gmt":"2023-06-29T23:25:41","slug":"instalan-el-consejo-consultivo-ciudadano-municipal-para-la-atencion-y-bienestar-animal-de-opb","status":"publish","type":"post","link":"http:\/\/www.opb.gob.mx\/portal\/?p=27483","title":{"rendered":"INSTALAN EL CONSEJO CONSULTIVO CIUDADANO MUNICIPAL PARA LA ATENCI\u00d3N Y BIENESTAR ANIMAL DE OPB"},"content":{"rendered":"\t\t<div data-elementor-type=\"wp-post\" data-elementor-id=\"27483\" class=\"elementor elementor-27483\" data-elementor-settings=\"[]\">\n\t\t\t\t\t\t<div class=\"elementor-inner\">\n\t\t\t\t\t\t\t<div class=\"elementor-section-wrap\">\n\t\t\t\t\t\t\t<section class=\"elementor-section elementor-top-section elementor-element elementor-element-b1c31cc elementor-section-boxed elementor-section-height-default elementor-section-height-default\" data-id=\"b1c31cc\" data-element_type=\"section\">\n\t\t\t\t\t\t<div class=\"elementor-container elementor-column-gap-default\">\n\t\t\t\t\t\t\t<div class=\"elementor-row\">\n\t\t\t\t\t<div class=\"elementor-column elementor-col-100 elementor-top-column elementor-element elementor-element-8e7a7df\" data-id=\"8e7a7df\" data-element_type=\"column\">\n\t\t\t<div class=\"elementor-column-wrap elementor-element-populated\">\n\t\t\t\t\t\t\t<div class=\"elementor-widget-wrap\">\n\t\t\t\t\t\t<div class=\"elementor-element elementor-element-146730b elementor-widget elementor-widget-text-editor\" data-id=\"146730b\" data-element_type=\"widget\" data-widget_type=\"text-editor.default\">\n\t\t\t\t<div class=\"elementor-widget-container\">\n\t\t\t\t\t<div class=\"elementor-text-editor elementor-clearfix\"><p>Chetumal, Q. Roo a 29 de junio. \u2013 El Ayuntamiento de Oth\u00f3n P. Blanco, que encabeza la presidenta municipal Yensunni Mart\u00ednez Hern\u00e1ndez, trabaja por brindar las mismas oportunidades a los grupos m\u00e1s vulnerables, por ello, este jueves rindieron protesta de ley los integrantes del consejo consultivo municipal para la atenci\u00f3n y bienestar animal.<\/p><p>En representaci\u00f3n de la alcaldesa capitalina, el regidor presidente de la comisi\u00f3n de salud p\u00fablica y asistencia social, Juan Ortiz Card\u00edn, tom\u00f3 la protesta y destac\u00f3 la importancia de la instalaci\u00f3n de este consejo ya que deben establecerse regulaciones, control y posesi\u00f3n responsable de animales dom\u00e9sticos que ayudar\u00e1n a construir una comunidad saludable y consciente.<\/p><p>En asuntos generales el integrante de este consejo y representante de la asociaci\u00f3n civil \u201cToda Vida es Importante\u201d, Efr\u00e9n Romero, agradeci\u00f3 a las autoridades del Ayuntamiento y coment\u00f3 que es un gran paso el instalar el consejo consultivo ciudadano municipal para la atenci\u00f3n y bienestar animal, por generar planes y estrategias en beneficio de los que no tienen voz.<\/p><p>Tambi\u00e9n asistieron: el regidor y presidente de la comisi\u00f3n de ecolog\u00eda, ambiente y protecci\u00f3n animal, Santiago Aja Vaca; la s\u00edndica, Alejandra del \u00c1ngel Carmona; las regidoras Felicia Manrique Alcocer y Mariana Baeza Ku.<\/p><p>De igual forma, el secretario general del Ayuntamiento, Adri\u00e1n S\u00e1nchez Dom\u00ednguez; de la procuradur\u00eda de protecci\u00f3n al medio ambiente, Lucio Cruz Varela; y la presencia de los representantes de asociaciones y ambientalistas del municipio Oth\u00f3n P. Blanco.<\/p><\/div>\n\t\t\t\t<\/div>\n\t\t\t\t<\/div>\n\t\t\t\t\t\t<\/div>\n\t\t\t\t\t<\/div>\n\t\t<\/div>\n\t\t\t\t\t\t\t\t<\/div>\n\t\t\t\t\t<\/div>\n\t\t<\/section>\n\t\t\t\t<section class=\"elementor-section elementor-top-section elementor-element elementor-element-71a7c5d elementor-section-boxed elementor-section-height-default elementor-section-height-default\" data-id=\"71a7c5d\" data-element_type=\"section\">\n\t\t\t\t\t\t<div class=\"elementor-container elementor-column-gap-default\">\n\t\t\t\t\t\t\t<div class=\"elementor-row\">\n\t\t\t\t\t<div class=\"elementor-column elementor-col-100 elementor-top-column elementor-element elementor-element-17d9aab\" data-id=\"17d9aab\" data-element_type=\"column\">\n\t\t\t<div class=\"elementor-column-wrap elementor-element-populated\">\n\t\t\t\t\t\t\t<div class=\"elementor-widget-wrap\">\n\t\t\t\t\t\t<div class=\"elementor-element elementor-element-b854f52 elementor-widget elementor-widget-image-gallery\" data-id=\"b854f52\" data-element_type=\"widget\" data-widget_type=\"image-gallery.default\">\n\t\t\t\t<div class=\"elementor-widget-container\">\n\t\t\t\t\t<div class=\"elementor-image-gallery\">\n\t\t\t<div id='gallery-1' class='gallery galleryid-27483 gallery-columns-4 gallery-size-medium'><figure class='gallery-item'>\n\t\t\t<div class='gallery-icon landscape'>\n\t\t\t\t<a data-elementor-open-lightbox=\"yes\" data-elementor-lightbox-slideshow=\"b854f52\" data-elementor-lightbox-title=\"WhatsApp Image 2023-06-29 at 3.15.19 PM\" href='http:\/\/www.opb.gob.mx\/portal\/wp-content\/uploads\/2023\/06\/WhatsApp-Image-2023-06-29-at-3.15.19-PM.jpeg'><img width=\"768\" height=\"456\" src=\"http:\/\/www.opb.gob.mx\/portal\/wp-content\/uploads\/2023\/06\/WhatsApp-Image-2023-06-29-at-3.15.19-PM-768x456.jpeg\" class=\"attachment-medium size-medium\" alt=\"\" loading=\"lazy\" srcset=\"http:\/\/www.opb.gob.mx\/portal\/wp-content\/uploads\/2023\/06\/WhatsApp-Image-2023-06-29-at-3.15.19-PM-768x456.jpeg 768w, http:\/\/www.opb.gob.mx\/portal\/wp-content\/uploads\/2023\/06\/WhatsApp-Image-2023-06-29-at-3.15.19-PM-1170x694.jpeg 1170w\" sizes=\"(max-width: 768px) 100vw, 768px\" \/><\/a>\n\t\t\t<\/div><\/figure><figure class='gallery-item'>\n\t\t\t<div class='gallery-icon landscape'>\n\t\t\t\t<a data-elementor-open-lightbox=\"yes\" data-elementor-lightbox-slideshow=\"b854f52\" data-elementor-lightbox-title=\"WhatsApp Image 2023-06-29 at 3.15.19 PM (1)\" href='http:\/\/www.opb.gob.mx\/portal\/wp-content\/uploads\/2023\/06\/WhatsApp-Image-2023-06-29-at-3.15.19-PM-1.jpeg'><img width=\"768\" height=\"456\" src=\"http:\/\/www.opb.gob.mx\/portal\/wp-content\/uploads\/2023\/06\/WhatsApp-Image-2023-06-29-at-3.15.19-PM-1-768x456.jpeg\" class=\"attachment-medium size-medium\" alt=\"\" loading=\"lazy\" srcset=\"http:\/\/www.opb.gob.mx\/portal\/wp-content\/uploads\/2023\/06\/WhatsApp-Image-2023-06-29-at-3.15.19-PM-1-768x456.jpeg 768w, http:\/\/www.opb.gob.mx\/portal\/wp-content\/uploads\/2023\/06\/WhatsApp-Image-2023-06-29-at-3.15.19-PM-1-1170x694.jpeg 1170w\" sizes=\"(max-width: 768px) 100vw, 768px\" \/><\/a>\n\t\t\t<\/div><\/figure><figure class='gallery-item'>\n\t\t\t<div class='gallery-icon landscape'>\n\t\t\t\t<a data-elementor-open-lightbox=\"yes\" data-elementor-lightbox-slideshow=\"b854f52\" data-elementor-lightbox-title=\"WhatsApp Image 2023-06-29 at 3.15.20 PM\" href='http:\/\/www.opb.gob.mx\/portal\/wp-content\/uploads\/2023\/06\/WhatsApp-Image-2023-06-29-at-3.15.20-PM.jpeg'><img width=\"768\" height=\"456\" src=\"http:\/\/www.opb.gob.mx\/portal\/wp-content\/uploads\/2023\/06\/WhatsApp-Image-2023-06-29-at-3.15.20-PM-768x456.jpeg\" class=\"attachment-medium size-medium\" alt=\"\" loading=\"lazy\" srcset=\"http:\/\/www.opb.gob.mx\/portal\/wp-content\/uploads\/2023\/06\/WhatsApp-Image-2023-06-29-at-3.15.20-PM-768x456.jpeg 768w, http:\/\/www.opb.gob.mx\/portal\/wp-content\/uploads\/2023\/06\/WhatsApp-Image-2023-06-29-at-3.15.20-PM-1170x694.jpeg 1170w\" sizes=\"(max-width: 768px) 100vw, 768px\" \/><\/a>\n\t\t\t<\/div><\/figure><figure class='gallery-item'>\n\t\t\t<div class='gallery-icon landscape'>\n\t\t\t\t<a data-elementor-open-lightbox=\"yes\" data-elementor-lightbox-slideshow=\"b854f52\" data-elementor-lightbox-title=\"WhatsApp Image 2023-06-29 at 3.15.21 PM\" href='http:\/\/www.opb.gob.mx\/portal\/wp-content\/uploads\/2023\/06\/WhatsApp-Image-2023-06-29-at-3.15.21-PM.jpeg'><img width=\"768\" height=\"456\" src=\"http:\/\/www.opb.gob.mx\/portal\/wp-content\/uploads\/2023\/06\/WhatsApp-Image-2023-06-29-at-3.15.21-PM-768x456.jpeg\" class=\"attachment-medium size-medium\" alt=\"\" loading=\"lazy\" srcset=\"http:\/\/www.opb.gob.mx\/portal\/wp-content\/uploads\/2023\/06\/WhatsApp-Image-2023-06-29-at-3.15.21-PM-768x456.jpeg 768w, http:\/\/www.opb.gob.mx\/portal\/wp-content\/uploads\/2023\/06\/WhatsApp-Image-2023-06-29-at-3.15.21-PM-1170x694.jpeg 1170w\" sizes=\"(max-width: 768px) 100vw, 768px\" \/><\/a>\n\t\t\t<\/div><\/figure><figure class='gallery-item'>\n\t\t\t<div class='gallery-icon landscape'>\n\t\t\t\t<a data-elementor-open-lightbox=\"yes\" data-elementor-lightbox-slideshow=\"b854f52\" data-elementor-lightbox-title=\"WhatsApp Image 2023-06-29 at 3.15.20 PM (1)\" href='http:\/\/www.opb.gob.mx\/portal\/wp-content\/uploads\/2023\/06\/WhatsApp-Image-2023-06-29-at-3.15.20-PM-1.jpeg'><img width=\"768\" height=\"456\" src=\"http:\/\/www.opb.gob.mx\/portal\/wp-content\/uploads\/2023\/06\/WhatsApp-Image-2023-06-29-at-3.15.20-PM-1-768x456.jpeg\" class=\"attachment-medium size-medium\" alt=\"\" loading=\"lazy\" srcset=\"http:\/\/www.opb.gob.mx\/portal\/wp-content\/uploads\/2023\/06\/WhatsApp-Image-2023-06-29-at-3.15.20-PM-1-768x456.jpeg 768w, http:\/\/www.opb.gob.mx\/portal\/wp-content\/uploads\/2023\/06\/WhatsApp-Image-2023-06-29-at-3.15.20-PM-1-1170x694.jpeg 1170w\" sizes=\"(max-width: 768px) 100vw, 768px\" \/><\/a>\n\t\t\t<\/div><\/figure>\n\t\t<\/div>\n\t\t<\/div>\n\t\t\t\t<\/div>\n\t\t\t\t<\/div>\n\t\t\t\t\t\t<\/div>\n\t\t\t\t\t<\/div>\n\t\t<\/div>\n\t\t\t\t\t\t\t\t<\/div>\n\t\t\t\t\t<\/div>\n\t\t<\/section>\n\t\t\t\t\t\t<\/div>\n\t\t\t\t\t\t<\/div>\n\t\t\t\t\t<\/div>\n\t\t","protected":false},"excerpt":{"rendered":"<p>Trabajo por el bienestar de grupos vulnerables con planes en apoyo para quienes no tienen voz. <\/p>\n","protected":false},"author":9,"featured_media":27484,"comment_status":"closed","ping_status":"open","sticky":false,"template":"","format":"standard","meta":[],"categories":[27],"tags":[],"_links":{"self":[{"href":"http:\/\/www.opb.gob.mx\/portal\/index.php?rest_route=\/wp\/v2\/posts\/27483"}],"collection":[{"href":"http:\/\/www.opb.gob.mx\/portal\/index.php?rest_route=\/wp\/v2\/posts"}],"about":[{"href":"http:\/\/www.opb.gob.mx\/portal\/index.php?rest_route=\/wp\/v2\/types\/post"}],"author":[{"embeddable":true,"href":"http:\/\/www.opb.gob.mx\/portal\/index.php?rest_route=\/wp\/v2\/users\/9"}],"replies":[{"embeddable":true,"href":"http:\/\/www.opb.gob.mx\/portal\/index.php?rest_route=%2Fwp%2Fv2%2Fcomments&post=27483"}],"version-history":[{"count":2,"href":"http:\/\/www.opb.gob.mx\/portal\/index.php?rest_route=\/wp\/v2\/posts\/27483\/revisions"}],"predecessor-version":[{"id":27490,"href":"http:\/\/www.opb.gob.mx\/portal\/index.php?rest_route=\/wp\/v2\/posts\/27483\/revisions\/27490"}],"wp:featuredmedia":[{"embeddable":true,"href":"http:\/\/www.opb.gob.mx\/portal\/index.php?rest_route=\/wp\/v2\/media\/27484"}],"wp:attachment":[{"href":"http:\/\/www.opb.gob.mx\/portal\/index.php?rest_route=%2Fwp%2Fv2%2Fmedia&parent=27483"}],"wp:term":[{"taxonomy":"category","embeddable":true,"href":"http:\/\/www.opb.gob.mx\/portal\/index.php?rest_route=%2Fwp%2Fv2%2Fcategories&post=27483"},{"taxonomy":"post_tag","embeddable":true,"href":"http:\/\/www.opb.gob.mx\/portal\/index.php?rest_route=%2Fwp%2Fv2%2Ftags&post=27483"}],"curies":[{"name":"wp","href":"https:\/\/api.w.org\/{rel}","templated":true}]}}