{"id":28166,"date":"2023-12-07T12:42:48","date_gmt":"2023-12-07T12:42:48","guid":{"rendered":"http:\/\/www.opb.gob.mx\/portal\/?p=28166"},"modified":"2023-12-07T17:46:18","modified_gmt":"2023-12-07T17:46:18","slug":"reconoce-opb-a-personas-con-aporte-para-inclusion-de-la-discapacidad-en-el-dia-a-dia","status":"publish","type":"post","link":"http:\/\/www.opb.gob.mx\/portal\/?p=28166","title":{"rendered":"RECONOCE OPB A PERSONAS CON APORTE PARA INCLUSI\u00d3N DE LA DISCAPACIDAD EN EL D\u00cdA A D\u00cdA"},"content":{"rendered":"\t\t<div data-elementor-type=\"wp-post\" data-elementor-id=\"28166\" class=\"elementor elementor-28166\" data-elementor-settings=\"[]\">\n\t\t\t\t\t\t<div class=\"elementor-inner\">\n\t\t\t\t\t\t\t<div class=\"elementor-section-wrap\">\n\t\t\t\t\t\t\t<section class=\"elementor-section elementor-top-section elementor-element elementor-element-35dd7d9 elementor-section-boxed elementor-section-height-default elementor-section-height-default\" data-id=\"35dd7d9\" data-element_type=\"section\">\n\t\t\t\t\t\t<div class=\"elementor-container elementor-column-gap-default\">\n\t\t\t\t\t\t\t<div class=\"elementor-row\">\n\t\t\t\t\t<div class=\"elementor-column elementor-col-100 elementor-top-column elementor-element elementor-element-bbd2a2f\" data-id=\"bbd2a2f\" data-element_type=\"column\">\n\t\t\t<div class=\"elementor-column-wrap elementor-element-populated\">\n\t\t\t\t\t\t\t<div class=\"elementor-widget-wrap\">\n\t\t\t\t\t\t<div class=\"elementor-element elementor-element-138ffcb elementor-widget elementor-widget-text-editor\" data-id=\"138ffcb\" data-element_type=\"widget\" data-widget_type=\"text-editor.default\">\n\t\t\t\t<div class=\"elementor-widget-container\">\n\t\t\t\t\t<div class=\"elementor-text-editor elementor-clearfix\"><p>Chetumal, Q. Roo a 7 de diciembre.- El Ayuntamiento de Oth\u00f3n P. Blanco, que preside Yensunni Mart\u00ednez Hern\u00e1ndez, entreg\u00f3 el reconocimiento \u201cAl Valor de las Personas con Discapacidad de Oth\u00f3n P. Blanco\u201d 2023, en tres categor\u00edas, a Paulina de Lourdes Carrillo Murillo, Melissa Stephany Tapia G\u00f3mez, as\u00ed como al Club Inclusivo Barracudas, durante la D\u00e9cimo Quinta Sesi\u00f3n P\u00fablica y Solemne de Cabildo que se celebr\u00f3 este mi\u00e9rcoles, en el domo del parque \u201cL\u00e1zaro C\u00e1rdenas Del R\u00edo\u201d de esta ciudad capital, conocido como \u201cParque de la Alameda\u201d.<\/p><p>En su intervenci\u00f3n, la presidenta municipal Yensunni Mart\u00ednez felicit\u00f3 y reconoci\u00f3 a los tres personas homenajeadas por sus destacadas acciones a favor de la inclusi\u00f3n, a favor de las personas con discapacidad, y aprovech\u00f3 la ocasi\u00f3n para invitarles a seguir construyendo una sociedad inclusiva, construyendo el municipio que todas y todos queremos.<\/p><p>Por su parte el regidor Alfredo Ceballos Santiago, presidente de la Comisi\u00f3n de Desarrollo Familiar y Grupos en Situaci\u00f3n de Vulnerabilidad, fue el encargado de dar lectura a la exposici\u00f3n de motivos en donde mencion\u00f3 las categor\u00edas en las que los homenajeados fueron reconocidos.<\/p><p>En la Categor\u00eda de Organizaci\u00f3n y Asociaci\u00f3n Civil que destac\u00f3 por acciones a favor de los Derechos Humanos de las personas con Discapacidad, en la cual se otorga el reconocimiento al Club Inclusivo Barracudas a trav\u00e9s de su representante Marcela Hoy Gonz\u00e1lez quien destac\u00f3 la importancia de ser inclusivos y sacar adelante a quienes presentan alg\u00fan tipo de discapacidad con voluntad para integrar a las personas a la sociedad.<\/p><p>Asimismo, las categor\u00eda de persona con discapacidad que destaque por acciones a favor de los Derechos Humanos de las Personas con Discapacidad, en la cual se reconoce la labor de Paulina de Lourdes Carrillo Murillo quien habl\u00f3 de la entrega de quienes apoyan a las personas con alguna discapacidad y salir adelante en momentos complicados sin perder la esperanza.<\/p><p>Y en la Categor\u00eda de persona con discapacidad que destaque por logros personales, en la que se reconoci\u00f3 la trayectoria de Melissa Stephany Tapia G\u00f3mez, estudiante de la Universidad Aut\u00f3noma de Quintana Roo, quien en su intervenci\u00f3n solicit\u00f3 a las autoridades ser m\u00e1s inclusivas.<\/p><p>A la Sesi\u00f3n acudieron, en representaci\u00f3n de la gobernadora de Quintana Roo, Mara Lezama Espinosa, el subsecretario de la zona sur de los Servicios Estatales de Salud, Jorge Guti\u00e9rrez Contreras; en representaci\u00f3n de la XVII Legislatura de Congreso del Estado, la diputada Elda Xix Eu\u00e1n; y en representaci\u00f3n del Tribunal Superior de Justicia de la entidad, la titular de la Unidad de Derechos Humanos de dicho poder, Gabriela Rodr\u00edguez D\u00edaz.<\/p><p>Asimismo, asistieron las y los integrantes de Cabildo de Oth\u00f3n P. Blanco, as\u00ed como funcionarios de diversas \u00e1reas de los tres \u00f3rdenes de gobierno.<\/p><\/div>\n\t\t\t\t<\/div>\n\t\t\t\t<\/div>\n\t\t\t\t\t\t<\/div>\n\t\t\t\t\t<\/div>\n\t\t<\/div>\n\t\t\t\t\t\t\t\t<\/div>\n\t\t\t\t\t<\/div>\n\t\t<\/section>\n\t\t\t\t<section class=\"elementor-section elementor-top-section elementor-element elementor-element-901caa7 elementor-section-boxed elementor-section-height-default elementor-section-height-default\" data-id=\"901caa7\" data-element_type=\"section\">\n\t\t\t\t\t\t<div class=\"elementor-container elementor-column-gap-default\">\n\t\t\t\t\t\t\t<div class=\"elementor-row\">\n\t\t\t\t\t<div class=\"elementor-column elementor-col-100 elementor-top-column elementor-element elementor-element-363d852\" data-id=\"363d852\" data-element_type=\"column\">\n\t\t\t<div class=\"elementor-column-wrap elementor-element-populated\">\n\t\t\t\t\t\t\t<div class=\"elementor-widget-wrap\">\n\t\t\t\t\t\t<div class=\"elementor-element elementor-element-d2aa81a elementor-widget elementor-widget-image-gallery\" data-id=\"d2aa81a\" data-element_type=\"widget\" data-widget_type=\"image-gallery.default\">\n\t\t\t\t<div class=\"elementor-widget-container\">\n\t\t\t\t\t<div class=\"elementor-image-gallery\">\n\t\t\t<div id='gallery-1' class='gallery galleryid-28166 gallery-columns-4 gallery-size-medium'><figure class='gallery-item'>\n\t\t\t<div class='gallery-icon landscape'>\n\t\t\t\t<a data-elementor-open-lightbox=\"yes\" data-elementor-lightbox-slideshow=\"d2aa81a\" data-elementor-lightbox-title=\"WhatsApp Image 2023-12-07 at 12.38.51 PM\" href='http:\/\/www.opb.gob.mx\/portal\/wp-content\/uploads\/2023\/12\/WhatsApp-Image-2023-12-07-at-12.38.51-PM.jpeg'><img width=\"768\" height=\"456\" src=\"http:\/\/www.opb.gob.mx\/portal\/wp-content\/uploads\/2023\/12\/WhatsApp-Image-2023-12-07-at-12.38.51-PM-768x456.jpeg\" class=\"attachment-medium size-medium\" alt=\"\" loading=\"lazy\" \/><\/a>\n\t\t\t<\/div><\/figure><figure class='gallery-item'>\n\t\t\t<div class='gallery-icon landscape'>\n\t\t\t\t<a data-elementor-open-lightbox=\"yes\" data-elementor-lightbox-slideshow=\"d2aa81a\" data-elementor-lightbox-title=\"WhatsApp Image 2023-12-07 at 12.38.51 PM (1)\" href='http:\/\/www.opb.gob.mx\/portal\/wp-content\/uploads\/2023\/12\/WhatsApp-Image-2023-12-07-at-12.38.51-PM-1.jpeg'><img width=\"768\" height=\"456\" src=\"http:\/\/www.opb.gob.mx\/portal\/wp-content\/uploads\/2023\/12\/WhatsApp-Image-2023-12-07-at-12.38.51-PM-1-768x456.jpeg\" class=\"attachment-medium size-medium\" alt=\"\" loading=\"lazy\" \/><\/a>\n\t\t\t<\/div><\/figure><figure class='gallery-item'>\n\t\t\t<div class='gallery-icon landscape'>\n\t\t\t\t<a data-elementor-open-lightbox=\"yes\" data-elementor-lightbox-slideshow=\"d2aa81a\" data-elementor-lightbox-title=\"WhatsApp Image 2023-12-07 at 12.38.52 PM\" href='http:\/\/www.opb.gob.mx\/portal\/wp-content\/uploads\/2023\/12\/WhatsApp-Image-2023-12-07-at-12.38.52-PM.jpeg'><img width=\"768\" height=\"456\" src=\"http:\/\/www.opb.gob.mx\/portal\/wp-content\/uploads\/2023\/12\/WhatsApp-Image-2023-12-07-at-12.38.52-PM-768x456.jpeg\" class=\"attachment-medium size-medium\" alt=\"\" loading=\"lazy\" \/><\/a>\n\t\t\t<\/div><\/figure><figure class='gallery-item'>\n\t\t\t<div class='gallery-icon landscape'>\n\t\t\t\t<a data-elementor-open-lightbox=\"yes\" data-elementor-lightbox-slideshow=\"d2aa81a\" data-elementor-lightbox-title=\"WhatsApp Image 2023-12-07 at 12.38.52 PM (1)\" href='http:\/\/www.opb.gob.mx\/portal\/wp-content\/uploads\/2023\/12\/WhatsApp-Image-2023-12-07-at-12.38.52-PM-1.jpeg'><img width=\"768\" height=\"456\" src=\"http:\/\/www.opb.gob.mx\/portal\/wp-content\/uploads\/2023\/12\/WhatsApp-Image-2023-12-07-at-12.38.52-PM-1-768x456.jpeg\" class=\"attachment-medium size-medium\" alt=\"\" loading=\"lazy\" \/><\/a>\n\t\t\t<\/div><\/figure><figure class='gallery-item'>\n\t\t\t<div class='gallery-icon landscape'>\n\t\t\t\t<a data-elementor-open-lightbox=\"yes\" data-elementor-lightbox-slideshow=\"d2aa81a\" data-elementor-lightbox-title=\"WhatsApp Image 2023-12-07 at 12.38.53 PM\" href='http:\/\/www.opb.gob.mx\/portal\/wp-content\/uploads\/2023\/12\/WhatsApp-Image-2023-12-07-at-12.38.53-PM.jpeg'><img width=\"768\" height=\"456\" src=\"http:\/\/www.opb.gob.mx\/portal\/wp-content\/uploads\/2023\/12\/WhatsApp-Image-2023-12-07-at-12.38.53-PM-768x456.jpeg\" class=\"attachment-medium size-medium\" alt=\"\" loading=\"lazy\" \/><\/a>\n\t\t\t<\/div><\/figure>\n\t\t<\/div>\n\t\t<\/div>\n\t\t\t\t<\/div>\n\t\t\t\t<\/div>\n\t\t\t\t\t\t<\/div>\n\t\t\t\t\t<\/div>\n\t\t<\/div>\n\t\t\t\t\t\t\t\t<\/div>\n\t\t\t\t\t<\/div>\n\t\t<\/section>\n\t\t\t\t\t\t<\/div>\n\t\t\t\t\t\t<\/div>\n\t\t\t\t\t<\/div>\n\t\t","protected":false},"excerpt":{"rendered":"<p>Son tres las categor\u00edas que fueron reconocidas.<\/p>\n","protected":false},"author":9,"featured_media":28167,"comment_status":"closed","ping_status":"open","sticky":false,"template":"","format":"standard","meta":[],"categories":[27],"tags":[],"_links":{"self":[{"href":"http:\/\/www.opb.gob.mx\/portal\/index.php?rest_route=\/wp\/v2\/posts\/28166"}],"collection":[{"href":"http:\/\/www.opb.gob.mx\/portal\/index.php?rest_route=\/wp\/v2\/posts"}],"about":[{"href":"http:\/\/www.opb.gob.mx\/portal\/index.php?rest_route=\/wp\/v2\/types\/post"}],"author":[{"embeddable":true,"href":"http:\/\/www.opb.gob.mx\/portal\/index.php?rest_route=\/wp\/v2\/users\/9"}],"replies":[{"embeddable":true,"href":"http:\/\/www.opb.gob.mx\/portal\/index.php?rest_route=%2Fwp%2Fv2%2Fcomments&post=28166"}],"version-history":[{"count":2,"href":"http:\/\/www.opb.gob.mx\/portal\/index.php?rest_route=\/wp\/v2\/posts\/28166\/revisions"}],"predecessor-version":[{"id":28173,"href":"http:\/\/www.opb.gob.mx\/portal\/index.php?rest_route=\/wp\/v2\/posts\/28166\/revisions\/28173"}],"wp:featuredmedia":[{"embeddable":true,"href":"http:\/\/www.opb.gob.mx\/portal\/index.php?rest_route=\/wp\/v2\/media\/28167"}],"wp:attachment":[{"href":"http:\/\/www.opb.gob.mx\/portal\/index.php?rest_route=%2Fwp%2Fv2%2Fmedia&parent=28166"}],"wp:term":[{"taxonomy":"category","embeddable":true,"href":"http:\/\/www.opb.gob.mx\/portal\/index.php?rest_route=%2Fwp%2Fv2%2Fcategories&post=28166"},{"taxonomy":"post_tag","embeddable":true,"href":"http:\/\/www.opb.gob.mx\/portal\/index.php?rest_route=%2Fwp%2Fv2%2Ftags&post=28166"}],"curies":[{"name":"wp","href":"https:\/\/api.w.org\/{rel}","templated":true}]}}