{"id":19164,"date":"2021-10-04T23:36:00","date_gmt":"2021-10-04T23:36:00","guid":{"rendered":"http:\/\/www.opb.gob.mx\/portal\/?p=19164"},"modified":"2022-06-07T16:57:37","modified_gmt":"2022-06-07T16:57:37","slug":"sin-excusas-lucir-como-capital-atendida-limpia-y-embellecida-ymh","status":"publish","type":"post","link":"https:\/\/www.opb.gob.mx\/portal\/?p=19164","title":{"rendered":"SIN EXCUSAS, LUCIR COMO CAPITAL ATENDIDA, LIMPIA Y EMBELLECIDA: YMH"},"content":{"rendered":"\t\t<div data-elementor-type=\"wp-post\" data-elementor-id=\"19164\" class=\"elementor elementor-19164\" data-elementor-settings=\"[]\">\n\t\t\t\t\t\t<div class=\"elementor-inner\">\n\t\t\t\t\t\t\t<div class=\"elementor-section-wrap\">\n\t\t\t\t\t\t\t<section class=\"elementor-section elementor-top-section elementor-element elementor-element-f479d5f elementor-section-boxed elementor-section-height-default elementor-section-height-default\" data-id=\"f479d5f\" data-element_type=\"section\">\n\t\t\t\t\t\t<div class=\"elementor-container elementor-column-gap-default\">\n\t\t\t\t\t\t\t<div class=\"elementor-row\">\n\t\t\t\t\t<div class=\"elementor-column elementor-col-100 elementor-top-column elementor-element elementor-element-8a7e8bf\" data-id=\"8a7e8bf\" data-element_type=\"column\">\n\t\t\t<div class=\"elementor-column-wrap elementor-element-populated\">\n\t\t\t\t\t\t\t<div class=\"elementor-widget-wrap\">\n\t\t\t\t\t\t<div class=\"elementor-element elementor-element-96f0173 elementor-widget elementor-widget-text-editor\" data-id=\"96f0173\" data-element_type=\"widget\" data-widget_type=\"text-editor.default\">\n\t\t\t\t<div class=\"elementor-widget-container\">\n\t\t\t\t\t<div class=\"elementor-text-editor elementor-clearfix\"><p>Chetumal, 4 de octubre. &#8211; Este lunes en los primeros minutos del d\u00eda, la presidenta Municipal Yensunni Mart\u00ednez Hern\u00e1ndez, salud\u00f3 a los trabajadores de la Direcci\u00f3n de Servicios P\u00fablicos quienes desde muy temprano, salen a embellecer la ciudad de Chetumal; en compa\u00f1\u00eda del Cuerpo Colegiado de Cabildo, entregaron herramientas y equipo de trabajo para atender las labores diarias que permitan atender la imagen de la capital del estado.<\/p><p>Con voluntad y cumpliendo a la palabra de trabajo diario, el Cuerpo Colegiado de Cabildo inici\u00f3 el compromiso para dotar permanentemente de herramientas que permitan a los trabajadores cumplir sus tareas diarias de trabajo, las cuales, dijo son indispensables para las tareas diarias \u201cfortaleciendo la imagen de nuestra ciudad con sus manos, esfuerzo y magia\u201d, expuso Yensunni Mart\u00ednez.<\/p><p>\u201cComo gobierno nos queda muy claro que el municipio tiene la dicha de tener una cabecera municipal como lo es Chetumal, as\u00ed como sus 84 comunidades rurales, por ello nuestro compromiso es que luzcamos como un municipio digno con una capital atendida, limpia y embellecida\u201d, afirm\u00f3 la presidenta municipal ante los trabajadores que estaban por iniciar su jornada diaria hacia la transformaci\u00f3n de Oth\u00f3n P. Blanco.<\/p><p>\u201cSabemos que la situaci\u00f3n econ\u00f3mica ha frenado la eficacia de los Servicios P\u00fablicos, pero como lo dije, vuelvo a repetirlo: no buscaremos excusas, buscaremos soluciones y es por ello que hoy iniciamos con esta primera dotaci\u00f3n de equipo y herramientas; y no ser\u00e1 la \u00fanica y ni la \u00faltima vez en este trienio\u201d, subray\u00f3 Mart\u00ednez Hern\u00e1ndez.<br \/><br \/>A nombre de los trabajadores, Edilberto Quintero C\u00e1rdenas, expuso ante las autoridades la importancia que hayan tomado la iniciativa de dotarlos de herramientas ya que, con ellas, tendr\u00e1n la seguridad que realizar\u00e1n mejor el trabajo en nuestros parques, jardines, camellones, ofreciendo una mejor vista a nuestra hermosa ciudad Capital.<\/p><p>Finalmente, los trabajadores agradecieron que la primera visita de la presidenta municipal durante la actual administraci\u00f3n, haya sido en Servicios P\u00fablicos, al tiempo que tambi\u00e9n fueron reconocidos los empleados del \u00e1rea de recolecci\u00f3n por su d\u00eda celebrado el pasado s\u00e1bado que fue festejado durante la jornada laboral del fin de semana.<\/p><p>Al evento asistieron Regidoras y Regidores, Directores, S\u00edndico Municipal, Oficial Mayor, y Tesorero.<\/p><\/div>\n\t\t\t\t<\/div>\n\t\t\t\t<\/div>\n\t\t\t\t\t\t<\/div>\n\t\t\t\t\t<\/div>\n\t\t<\/div>\n\t\t\t\t\t\t\t\t<\/div>\n\t\t\t\t\t<\/div>\n\t\t<\/section>\n\t\t\t\t<section class=\"elementor-section elementor-top-section elementor-element elementor-element-2308047 elementor-section-boxed elementor-section-height-default elementor-section-height-default\" data-id=\"2308047\" data-element_type=\"section\">\n\t\t\t\t\t\t<div class=\"elementor-container elementor-column-gap-default\">\n\t\t\t\t\t\t\t<div class=\"elementor-row\">\n\t\t\t\t\t<div class=\"elementor-column elementor-col-100 elementor-top-column elementor-element elementor-element-42f8017\" data-id=\"42f8017\" data-element_type=\"column\">\n\t\t\t<div class=\"elementor-column-wrap elementor-element-populated\">\n\t\t\t\t\t\t\t<div class=\"elementor-widget-wrap\">\n\t\t\t\t\t\t<div class=\"elementor-element elementor-element-b84a784 elementor-widget elementor-widget-image-gallery\" data-id=\"b84a784\" data-element_type=\"widget\" data-widget_type=\"image-gallery.default\">\n\t\t\t\t<div class=\"elementor-widget-container\">\n\t\t\t\t\t<div class=\"elementor-image-gallery\">\n\t\t\t<div id='gallery-1' class='gallery galleryid-19164 gallery-columns-4 gallery-size-medium'><figure class='gallery-item'>\n\t\t\t<div class='gallery-icon landscape'>\n\t\t\t\t<a data-elementor-open-lightbox=\"yes\" data-elementor-lightbox-slideshow=\"b84a784\" data-elementor-lightbox-title=\"WhatsApp Image 2021-10-06 at 6.25.14 PM\" href='https:\/\/www.opb.gob.mx\/portal\/wp-content\/uploads\/2021\/10\/WhatsApp-Image-2021-10-06-at-6.25.14-PM.jpeg'><img width=\"768\" height=\"456\" src=\"https:\/\/www.opb.gob.mx\/portal\/wp-content\/uploads\/2021\/10\/WhatsApp-Image-2021-10-06-at-6.25.14-PM-768x456.jpeg\" class=\"attachment-medium size-medium\" alt=\"\" loading=\"lazy\" \/><\/a>\n\t\t\t<\/div><\/figure><figure class='gallery-item'>\n\t\t\t<div class='gallery-icon landscape'>\n\t\t\t\t<a data-elementor-open-lightbox=\"yes\" data-elementor-lightbox-slideshow=\"b84a784\" data-elementor-lightbox-title=\"WhatsApp Image 2021-10-06 at 6.25.14 PM (1)\" href='https:\/\/www.opb.gob.mx\/portal\/wp-content\/uploads\/2021\/10\/WhatsApp-Image-2021-10-06-at-6.25.14-PM-1.jpeg'><img width=\"768\" height=\"456\" src=\"https:\/\/www.opb.gob.mx\/portal\/wp-content\/uploads\/2021\/10\/WhatsApp-Image-2021-10-06-at-6.25.14-PM-1-768x456.jpeg\" class=\"attachment-medium size-medium\" alt=\"\" loading=\"lazy\" \/><\/a>\n\t\t\t<\/div><\/figure><figure class='gallery-item'>\n\t\t\t<div class='gallery-icon landscape'>\n\t\t\t\t<a data-elementor-open-lightbox=\"yes\" data-elementor-lightbox-slideshow=\"b84a784\" data-elementor-lightbox-title=\"WhatsApp Image 2021-10-06 at 6.25.14 PM (2)\" href='https:\/\/www.opb.gob.mx\/portal\/wp-content\/uploads\/2021\/10\/WhatsApp-Image-2021-10-06-at-6.25.14-PM-2.jpeg'><img width=\"768\" height=\"456\" src=\"https:\/\/www.opb.gob.mx\/portal\/wp-content\/uploads\/2021\/10\/WhatsApp-Image-2021-10-06-at-6.25.14-PM-2-768x456.jpeg\" class=\"attachment-medium size-medium\" alt=\"\" loading=\"lazy\" \/><\/a>\n\t\t\t<\/div><\/figure><figure class='gallery-item'>\n\t\t\t<div class='gallery-icon landscape'>\n\t\t\t\t<a data-elementor-open-lightbox=\"yes\" data-elementor-lightbox-slideshow=\"b84a784\" data-elementor-lightbox-title=\"WhatsApp Image 2021-10-06 at 6.25.14 PM (3)\" href='https:\/\/www.opb.gob.mx\/portal\/wp-content\/uploads\/2021\/10\/WhatsApp-Image-2021-10-06-at-6.25.14-PM-3.jpeg'><img width=\"768\" height=\"456\" src=\"https:\/\/www.opb.gob.mx\/portal\/wp-content\/uploads\/2021\/10\/WhatsApp-Image-2021-10-06-at-6.25.14-PM-3-768x456.jpeg\" class=\"attachment-medium size-medium\" alt=\"\" loading=\"lazy\" \/><\/a>\n\t\t\t<\/div><\/figure>\n\t\t<\/div>\n\t\t<\/div>\n\t\t\t\t<\/div>\n\t\t\t\t<\/div>\n\t\t\t\t\t\t<\/div>\n\t\t\t\t\t<\/div>\n\t\t<\/div>\n\t\t\t\t\t\t\t\t<\/div>\n\t\t\t\t\t<\/div>\n\t\t<\/section>\n\t\t\t\t\t\t<\/div>\n\t\t\t\t\t\t<\/div>\n\t\t\t\t\t<\/div>\n\t\t","protected":false},"excerpt":{"rendered":"<p>\u2022\tDota de herramientas y equipo de trabajo a trabajadores de Servicios P\u00fablicos la Presidenta Municipal.<br \/>\n\u2022\tSegunda ocasi\u00f3n en menos de una semana que autoridades del Ayuntamiento de OPB, se re\u00fanen con trabajadores para trabajo en unidad.<\/p>\n","protected":false},"author":9,"featured_media":19165,"comment_status":"closed","ping_status":"open","sticky":false,"template":"","format":"standard","meta":[],"categories":[27],"tags":[],"_links":{"self":[{"href":"https:\/\/www.opb.gob.mx\/portal\/index.php?rest_route=\/wp\/v2\/posts\/19164"}],"collection":[{"href":"https:\/\/www.opb.gob.mx\/portal\/index.php?rest_route=\/wp\/v2\/posts"}],"about":[{"href":"https:\/\/www.opb.gob.mx\/portal\/index.php?rest_route=\/wp\/v2\/types\/post"}],"author":[{"embeddable":true,"href":"https:\/\/www.opb.gob.mx\/portal\/index.php?rest_route=\/wp\/v2\/users\/9"}],"replies":[{"embeddable":true,"href":"https:\/\/www.opb.gob.mx\/portal\/index.php?rest_route=%2Fwp%2Fv2%2Fcomments&post=19164"}],"version-history":[{"count":3,"href":"https:\/\/www.opb.gob.mx\/portal\/index.php?rest_route=\/wp\/v2\/posts\/19164\/revisions"}],"predecessor-version":[{"id":19171,"href":"https:\/\/www.opb.gob.mx\/portal\/index.php?rest_route=\/wp\/v2\/posts\/19164\/revisions\/19171"}],"wp:featuredmedia":[{"embeddable":true,"href":"https:\/\/www.opb.gob.mx\/portal\/index.php?rest_route=\/wp\/v2\/media\/19165"}],"wp:attachment":[{"href":"https:\/\/www.opb.gob.mx\/portal\/index.php?rest_route=%2Fwp%2Fv2%2Fmedia&parent=19164"}],"wp:term":[{"taxonomy":"category","embeddable":true,"href":"https:\/\/www.opb.gob.mx\/portal\/index.php?rest_route=%2Fwp%2Fv2%2Fcategories&post=19164"},{"taxonomy":"post_tag","embeddable":true,"href":"https:\/\/www.opb.gob.mx\/portal\/index.php?rest_route=%2Fwp%2Fv2%2Ftags&post=19164"}],"curies":[{"name":"wp","href":"https:\/\/api.w.org\/{rel}","templated":true}]}}