{"id":19208,"date":"2021-10-06T23:55:00","date_gmt":"2021-10-06T23:55:00","guid":{"rendered":"http:\/\/www.opb.gob.mx\/portal\/?p=19208"},"modified":"2022-06-07T16:57:22","modified_gmt":"2022-06-07T16:57:22","slug":"siguen-nombrmientos-de-equipo-de-trabajo-en-areas-del-ayuntamiento-de-opb","status":"publish","type":"post","link":"https:\/\/www.opb.gob.mx\/portal\/?p=19208","title":{"rendered":"SIGUEN NOMBRAMIENTOS DE EQUIPO DE TRABAJO EN \u00c1REAS DEL AYUNTAMIENTO DE OPB"},"content":{"rendered":"\t\t<div data-elementor-type=\"wp-post\" data-elementor-id=\"19208\" class=\"elementor elementor-19208\" data-elementor-settings=\"[]\">\n\t\t\t\t\t\t<div class=\"elementor-inner\">\n\t\t\t\t\t\t\t<div class=\"elementor-section-wrap\">\n\t\t\t\t\t\t\t<section class=\"elementor-section elementor-top-section elementor-element elementor-element-3bdedb3 elementor-section-boxed elementor-section-height-default elementor-section-height-default\" data-id=\"3bdedb3\" data-element_type=\"section\">\n\t\t\t\t\t\t<div class=\"elementor-container elementor-column-gap-default\">\n\t\t\t\t\t\t\t<div class=\"elementor-row\">\n\t\t\t\t\t<div class=\"elementor-column elementor-col-100 elementor-top-column elementor-element elementor-element-504b441\" data-id=\"504b441\" data-element_type=\"column\">\n\t\t\t<div class=\"elementor-column-wrap elementor-element-populated\">\n\t\t\t\t\t\t\t<div class=\"elementor-widget-wrap\">\n\t\t\t\t\t\t<div class=\"elementor-element elementor-element-0871ce7 elementor-widget elementor-widget-text-editor\" data-id=\"0871ce7\" data-element_type=\"widget\" data-widget_type=\"text-editor.default\">\n\t\t\t\t<div class=\"elementor-widget-container\">\n\t\t\t\t\t<div class=\"elementor-text-editor elementor-clearfix\"><p>Chetumal, Quintana Roo, 6 de octubre. &#8211; Como parte de su compromiso como presidenta Municipal de Oth\u00f3n P. Blanco, esta semana, Yensunni Mart\u00ednez Hern\u00e1ndez dio nombramientos en el ejercicio de sus facultades que la Ley le confiere en su art\u00edculo 90, fracci\u00f3n X de la Ley de los Municipios del Estado de Quintana Roo.<\/p><p>Nombrando en su equipo de trabajo a Ileana del Roc\u00edo Tum Campos como Jefa de la Zona Federal y Multas Federales, Mar\u00edtima, Terrestre, ZOFEMAT; a Daniel Jim\u00e9nez P\u00e9rez, como Director de Fiscalizaci\u00f3n, Inspecci\u00f3n de Horarios y Comercio en V\u00eda P\u00fablica; en Atenci\u00f3n Inmediata a Karla Elizabeth Caltzontzin Chan; y en la Direcci\u00f3n General de Obras P\u00fablicas fue nombrado Jorge Dom\u00ednguez Urrea.<\/p><p>A quienes exhort\u00f3 a tener serenidad, compromiso con su instituci\u00f3n y responsabilidad en su \u00e1rea de adscripci\u00f3n \u201cporque hoy tienen la oportunidad de contribuir con su trabajo, trabajar en equipo, refrendado su vocaci\u00f3n de servicio con sensibilidad; que nunca pierdan la humanidad y el sentido de humanismo en cada una de sus acciones\u201d, expuso la presidenta en el marco de los nombramientos.<\/p><p>Solicit\u00f3 a los funcionarios, el asumir su encomienda con total responsabilidad, serenidad, compromiso y pasi\u00f3n como un funcionarios y funcionarias que sabr\u00e1n escuchar, atender, y resolver las necesidades de la poblaci\u00f3n en general y de los m\u00e1s vulnerables.<br \/><br \/>Finalmente resalt\u00f3 que se tienen listos los pr\u00f3ximos nombramientos que han estado bajo an\u00e1lisis ya que se est\u00e1n presentando perfiles profesionales, con experiencia y vocaci\u00f3n de servicio, comprometidos con la transformaci\u00f3n que demanda la ciudadan\u00eda del municipio Oth\u00f3n P. Blanco.<\/p><\/div>\n\t\t\t\t<\/div>\n\t\t\t\t<\/div>\n\t\t\t\t\t\t<\/div>\n\t\t\t\t\t<\/div>\n\t\t<\/div>\n\t\t\t\t\t\t\t\t<\/div>\n\t\t\t\t\t<\/div>\n\t\t<\/section>\n\t\t\t\t<section class=\"elementor-section elementor-top-section elementor-element elementor-element-c6dd613 elementor-section-boxed elementor-section-height-default elementor-section-height-default\" data-id=\"c6dd613\" data-element_type=\"section\">\n\t\t\t\t\t\t<div class=\"elementor-container elementor-column-gap-default\">\n\t\t\t\t\t\t\t<div class=\"elementor-row\">\n\t\t\t\t\t<div class=\"elementor-column elementor-col-100 elementor-top-column elementor-element elementor-element-5f49544\" data-id=\"5f49544\" data-element_type=\"column\">\n\t\t\t<div class=\"elementor-column-wrap elementor-element-populated\">\n\t\t\t\t\t\t\t<div class=\"elementor-widget-wrap\">\n\t\t\t\t\t\t<div class=\"elementor-element elementor-element-f6c7c62 elementor-widget elementor-widget-image-gallery\" data-id=\"f6c7c62\" data-element_type=\"widget\" data-widget_type=\"image-gallery.default\">\n\t\t\t\t<div class=\"elementor-widget-container\">\n\t\t\t\t\t<div class=\"elementor-image-gallery\">\n\t\t\t<div id='gallery-1' class='gallery galleryid-19208 gallery-columns-4 gallery-size-medium'><figure class='gallery-item'>\n\t\t\t<div class='gallery-icon landscape'>\n\t\t\t\t<a data-elementor-open-lightbox=\"yes\" data-elementor-lightbox-slideshow=\"f6c7c62\" data-elementor-lightbox-title=\"WhatsApp Image 2021-10-06 at 6.27.22 PM\" href='https:\/\/www.opb.gob.mx\/portal\/wp-content\/uploads\/2021\/10\/WhatsApp-Image-2021-10-06-at-6.27.22-PM.jpeg'><img width=\"768\" height=\"456\" src=\"https:\/\/www.opb.gob.mx\/portal\/wp-content\/uploads\/2021\/10\/WhatsApp-Image-2021-10-06-at-6.27.22-PM-768x456.jpeg\" class=\"attachment-medium size-medium\" alt=\"\" loading=\"lazy\" \/><\/a>\n\t\t\t<\/div><\/figure><figure class='gallery-item'>\n\t\t\t<div class='gallery-icon landscape'>\n\t\t\t\t<a data-elementor-open-lightbox=\"yes\" data-elementor-lightbox-slideshow=\"f6c7c62\" data-elementor-lightbox-title=\"WhatsApp Image 2021-10-06 at 6.27.22 PM (1)\" href='https:\/\/www.opb.gob.mx\/portal\/wp-content\/uploads\/2021\/10\/WhatsApp-Image-2021-10-06-at-6.27.22-PM-1.jpeg'><img width=\"768\" height=\"456\" src=\"https:\/\/www.opb.gob.mx\/portal\/wp-content\/uploads\/2021\/10\/WhatsApp-Image-2021-10-06-at-6.27.22-PM-1-768x456.jpeg\" class=\"attachment-medium size-medium\" alt=\"\" loading=\"lazy\" \/><\/a>\n\t\t\t<\/div><\/figure><figure class='gallery-item'>\n\t\t\t<div class='gallery-icon landscape'>\n\t\t\t\t<a data-elementor-open-lightbox=\"yes\" data-elementor-lightbox-slideshow=\"f6c7c62\" data-elementor-lightbox-title=\"WhatsApp Image 2021-10-06 at 6.27.22 PM (2)\" href='https:\/\/www.opb.gob.mx\/portal\/wp-content\/uploads\/2021\/10\/WhatsApp-Image-2021-10-06-at-6.27.22-PM-2.jpeg'><img width=\"768\" height=\"456\" src=\"https:\/\/www.opb.gob.mx\/portal\/wp-content\/uploads\/2021\/10\/WhatsApp-Image-2021-10-06-at-6.27.22-PM-2-768x456.jpeg\" class=\"attachment-medium size-medium\" alt=\"\" loading=\"lazy\" \/><\/a>\n\t\t\t<\/div><\/figure><figure class='gallery-item'>\n\t\t\t<div class='gallery-icon landscape'>\n\t\t\t\t<a data-elementor-open-lightbox=\"yes\" data-elementor-lightbox-slideshow=\"f6c7c62\" data-elementor-lightbox-title=\"WhatsApp Image 2021-10-06 at 6.27.22 PM (3)\" href='https:\/\/www.opb.gob.mx\/portal\/wp-content\/uploads\/2021\/10\/WhatsApp-Image-2021-10-06-at-6.27.22-PM-3.jpeg'><img width=\"768\" height=\"456\" src=\"https:\/\/www.opb.gob.mx\/portal\/wp-content\/uploads\/2021\/10\/WhatsApp-Image-2021-10-06-at-6.27.22-PM-3-768x456.jpeg\" class=\"attachment-medium size-medium\" alt=\"\" loading=\"lazy\" \/><\/a>\n\t\t\t<\/div><\/figure>\n\t\t<\/div>\n\t\t<\/div>\n\t\t\t\t<\/div>\n\t\t\t\t<\/div>\n\t\t\t\t\t\t<\/div>\n\t\t\t\t\t<\/div>\n\t\t<\/div>\n\t\t\t\t\t\t\t\t<\/div>\n\t\t\t\t\t<\/div>\n\t\t<\/section>\n\t\t\t\t\t\t<\/div>\n\t\t\t\t\t\t<\/div>\n\t\t\t\t\t<\/div>\n\t\t","protected":false},"excerpt":{"rendered":"<p>\u2022\tEn equidad de g\u00e9nero, la presidenta municipal de OPB anuncia nuevos nombramientos en direcciones y jefaturas del Ayuntamiento.<\/p>\n","protected":false},"author":9,"featured_media":19210,"comment_status":"closed","ping_status":"open","sticky":false,"template":"","format":"standard","meta":[],"categories":[27],"tags":[],"_links":{"self":[{"href":"https:\/\/www.opb.gob.mx\/portal\/index.php?rest_route=\/wp\/v2\/posts\/19208"}],"collection":[{"href":"https:\/\/www.opb.gob.mx\/portal\/index.php?rest_route=\/wp\/v2\/posts"}],"about":[{"href":"https:\/\/www.opb.gob.mx\/portal\/index.php?rest_route=\/wp\/v2\/types\/post"}],"author":[{"embeddable":true,"href":"https:\/\/www.opb.gob.mx\/portal\/index.php?rest_route=\/wp\/v2\/users\/9"}],"replies":[{"embeddable":true,"href":"https:\/\/www.opb.gob.mx\/portal\/index.php?rest_route=%2Fwp%2Fv2%2Fcomments&post=19208"}],"version-history":[{"count":4,"href":"https:\/\/www.opb.gob.mx\/portal\/index.php?rest_route=\/wp\/v2\/posts\/19208\/revisions"}],"predecessor-version":[{"id":19261,"href":"https:\/\/www.opb.gob.mx\/portal\/index.php?rest_route=\/wp\/v2\/posts\/19208\/revisions\/19261"}],"wp:featuredmedia":[{"embeddable":true,"href":"https:\/\/www.opb.gob.mx\/portal\/index.php?rest_route=\/wp\/v2\/media\/19210"}],"wp:attachment":[{"href":"https:\/\/www.opb.gob.mx\/portal\/index.php?rest_route=%2Fwp%2Fv2%2Fmedia&parent=19208"}],"wp:term":[{"taxonomy":"category","embeddable":true,"href":"https:\/\/www.opb.gob.mx\/portal\/index.php?rest_route=%2Fwp%2Fv2%2Fcategories&post=19208"},{"taxonomy":"post_tag","embeddable":true,"href":"https:\/\/www.opb.gob.mx\/portal\/index.php?rest_route=%2Fwp%2Fv2%2Ftags&post=19208"}],"curies":[{"name":"wp","href":"https:\/\/api.w.org\/{rel}","templated":true}]}}