{"id":19736,"date":"2021-11-30T19:08:14","date_gmt":"2021-11-30T19:08:14","guid":{"rendered":"http:\/\/www.opb.gob.mx\/portal\/?p=19736"},"modified":"2022-06-07T16:55:47","modified_gmt":"2022-06-07T16:55:47","slug":"tenemos-un-gobierno-de-puertas-abiertas-y-sensible-a-las-necesidades-de-la-gente-yensunni-martinez","status":"publish","type":"post","link":"https:\/\/www.opb.gob.mx\/portal\/?p=19736","title":{"rendered":"TENEMOS UN GOBIERNO DE PUERTAS ABIERTAS Y SENSIBLE A LAS NECESIDADES DE LA GENTE: YENSUNNI MART\u00cdNEZ."},"content":{"rendered":"\t\t<div data-elementor-type=\"wp-post\" data-elementor-id=\"19736\" class=\"elementor elementor-19736\" data-elementor-settings=\"[]\">\n\t\t\t\t\t\t<div class=\"elementor-inner\">\n\t\t\t\t\t\t\t<div class=\"elementor-section-wrap\">\n\t\t\t\t\t\t\t<section class=\"elementor-section elementor-top-section elementor-element elementor-element-2c63713 elementor-section-boxed elementor-section-height-default elementor-section-height-default\" data-id=\"2c63713\" data-element_type=\"section\">\n\t\t\t\t\t\t<div class=\"elementor-container elementor-column-gap-default\">\n\t\t\t\t\t\t\t<div class=\"elementor-row\">\n\t\t\t\t\t<div class=\"elementor-column elementor-col-100 elementor-top-column elementor-element elementor-element-f03cf09\" data-id=\"f03cf09\" data-element_type=\"column\">\n\t\t\t<div class=\"elementor-column-wrap elementor-element-populated\">\n\t\t\t\t\t\t\t<div class=\"elementor-widget-wrap\">\n\t\t\t\t\t\t<div class=\"elementor-element elementor-element-6f16141 elementor-widget elementor-widget-text-editor\" data-id=\"6f16141\" data-element_type=\"widget\" data-widget_type=\"text-editor.default\">\n\t\t\t\t<div class=\"elementor-widget-container\">\n\t\t\t\t\t<div class=\"elementor-text-editor elementor-clearfix\"><p>Chetumal, Q. Roo a 30 de noviembre. \u2013 Afianzar alianzas con la ciudadan\u00eda, a trav\u00e9s de crear un gobierno cercano, es primordial para la administraci\u00f3n que encabeza la presidenta municipal de Oth\u00f3n P. Blanco, Yensunni Mart\u00ednez Hern\u00e1ndez, para ello, la direcci\u00f3n de fiscalizaci\u00f3n, reglamento y v\u00eda p\u00fablica, trabaja en la proximidad con los comerciantes ambulantes, semi fijos, tianguistas y dem\u00e1s.<\/p><p>\u201cHe instruido a mi equipo a trabajar brindando un trato sensible y cercano hacia las necesidades de la gente; somos servidores p\u00fablicos y nuestra prioridad es construir caminos de f\u00e1cil acceso hacia los tr\u00e1mites que requieren realizar\u201d, puntualiz\u00f3 la alcaldesa capitalina.<\/p><p>En este sentido, el director de fiscalizaci\u00f3n, reglamento y v\u00eda p\u00fablica, Daniel Jim\u00e9nez P\u00e9rez, se\u00f1al\u00f3 que han conservado una estrecha comunicaci\u00f3n con los peque\u00f1os comerciantes, con el objetivo de coadyuvar a mantenerse en regla con sus permisos, as\u00ed como resolver las dudas que tengan.<\/p><p>De igual forma, indic\u00f3 que, en el caso de los tianguistas, el cobro realizado es de 20 pesos por metro lineal a quienes venden ropa, zapatos, o art\u00edculos de segunda mano; para las \u00e1reas de comida, es importante mencionar que el cobro va de 100 a 200 pesos tambi\u00e9n por metro de uso de la v\u00eda p\u00fablica, siendo \u00e9ste de mayor importancia, por lo que conlleva de servicios, como es la basura y la limpieza del espacio.<\/p><p>Jim\u00e9nez P\u00e9rez indic\u00f3 que en el tema de los vendedores ambulantes y semi fijos, como son los comerciantes de marquesitas, machacados, elotes, hot-dogs, hamburguesas, entre otros, la recaudaci\u00f3n va marcada por la Unidad de Medida y Actualizaci\u00f3n (UMA), que actualmente, el cobro diario de la parte proporcional es equivalente a 27 pesos.<\/p><p>El funcionario hizo un llamado a la ciudadan\u00eda a no realizar los pagos antes mencionados con terceras personas, puesto que ello, s\u00f3lo y \u00fanicamente debe hacerse a trav\u00e9s de los fiscales municipales que est\u00e1n debidamente identificados, y quienes dar\u00e1n recibos oficiales y foliados.<\/p><p>Y es que existen reportes de tianguistas que han sido v\u00edctimas de abusos por gente que ha usurpado cobros que s\u00f3lo el Ayuntamiento de Oth\u00f3n P. Blanco est\u00e1 autorizado a realizar; quienes se han apropiado de la contribuci\u00f3n que los peque\u00f1os comerciantes, de buena fe entregan a supuestos representantes de organizaciones ajenas a las autoridades municipales.<\/p><p>As\u00ed, el funcionario record\u00f3 que el municipio que todos queremos, se compone de un gobierno de puertas abiertas, por ello, invit\u00f3 a la gente acercarse a la direcci\u00f3n, donde podr\u00e1n resolver sus dudas e inquietudes de manera precisa al tiempo que exhort\u00f3 a denunciar los cobros que gente ajena a fiscalizaci\u00f3n quiera realizarles.<\/p><\/div>\n\t\t\t\t<\/div>\n\t\t\t\t<\/div>\n\t\t\t\t\t\t<\/div>\n\t\t\t\t\t<\/div>\n\t\t<\/div>\n\t\t\t\t\t\t\t\t<\/div>\n\t\t\t\t\t<\/div>\n\t\t<\/section>\n\t\t\t\t<section class=\"elementor-section elementor-top-section elementor-element elementor-element-dc59208 elementor-section-boxed elementor-section-height-default elementor-section-height-default\" data-id=\"dc59208\" data-element_type=\"section\">\n\t\t\t\t\t\t<div class=\"elementor-container elementor-column-gap-default\">\n\t\t\t\t\t\t\t<div class=\"elementor-row\">\n\t\t\t\t\t<div class=\"elementor-column elementor-col-100 elementor-top-column elementor-element elementor-element-833c82b\" data-id=\"833c82b\" data-element_type=\"column\">\n\t\t\t<div class=\"elementor-column-wrap elementor-element-populated\">\n\t\t\t\t\t\t\t<div class=\"elementor-widget-wrap\">\n\t\t\t\t\t\t<div class=\"elementor-element elementor-element-cce57c9 elementor-widget elementor-widget-image-gallery\" data-id=\"cce57c9\" data-element_type=\"widget\" data-widget_type=\"image-gallery.default\">\n\t\t\t\t<div class=\"elementor-widget-container\">\n\t\t\t\t\t<div class=\"elementor-image-gallery\">\n\t\t\t<div id='gallery-1' class='gallery galleryid-19736 gallery-columns-4 gallery-size-medium'><figure class='gallery-item'>\n\t\t\t<div class='gallery-icon landscape'>\n\t\t\t\t<a data-elementor-open-lightbox=\"yes\" data-elementor-lightbox-slideshow=\"cce57c9\" data-elementor-lightbox-title=\"WhatsApp Image 2021-11-30 at 12.55.19 PM\" href='https:\/\/www.opb.gob.mx\/portal\/wp-content\/uploads\/2021\/11\/WhatsApp-Image-2021-11-30-at-12.55.19-PM.jpeg'><img width=\"768\" height=\"456\" src=\"https:\/\/www.opb.gob.mx\/portal\/wp-content\/uploads\/2021\/11\/WhatsApp-Image-2021-11-30-at-12.55.19-PM-768x456.jpeg\" class=\"attachment-medium size-medium\" alt=\"\" loading=\"lazy\" srcset=\"https:\/\/www.opb.gob.mx\/portal\/wp-content\/uploads\/2021\/11\/WhatsApp-Image-2021-11-30-at-12.55.19-PM-768x456.jpeg 768w, https:\/\/www.opb.gob.mx\/portal\/wp-content\/uploads\/2021\/11\/WhatsApp-Image-2021-11-30-at-12.55.19-PM-1170x694.jpeg 1170w\" sizes=\"(max-width: 768px) 100vw, 768px\" \/><\/a>\n\t\t\t<\/div><\/figure><figure class='gallery-item'>\n\t\t\t<div class='gallery-icon landscape'>\n\t\t\t\t<a data-elementor-open-lightbox=\"yes\" data-elementor-lightbox-slideshow=\"cce57c9\" data-elementor-lightbox-title=\"WhatsApp Image 2021-11-30 at 12.55.25 PM\" href='https:\/\/www.opb.gob.mx\/portal\/wp-content\/uploads\/2021\/11\/WhatsApp-Image-2021-11-30-at-12.55.25-PM.jpeg'><img width=\"768\" height=\"456\" src=\"https:\/\/www.opb.gob.mx\/portal\/wp-content\/uploads\/2021\/11\/WhatsApp-Image-2021-11-30-at-12.55.25-PM-768x456.jpeg\" class=\"attachment-medium size-medium\" alt=\"\" loading=\"lazy\" \/><\/a>\n\t\t\t<\/div><\/figure>\n\t\t<\/div>\n\t\t<\/div>\n\t\t\t\t<\/div>\n\t\t\t\t<\/div>\n\t\t\t\t\t\t<\/div>\n\t\t\t\t\t<\/div>\n\t\t<\/div>\n\t\t\t\t\t\t\t\t<\/div>\n\t\t\t\t\t<\/div>\n\t\t<\/section>\n\t\t\t\t\t\t<\/div>\n\t\t\t\t\t\t<\/div>\n\t\t\t\t\t<\/div>\n\t\t","protected":false},"excerpt":{"rendered":"<p>\u2022\tNuestra prioridad es construir caminos de f\u00e1cil acceso a la ciudadan\u00eda othonense para con el gobierno de la transformaci\u00f3n, coment\u00f3 la alcaldesa capitalina.<\/p>\n","protected":false},"author":9,"featured_media":19738,"comment_status":"closed","ping_status":"open","sticky":false,"template":"","format":"standard","meta":[],"categories":[27],"tags":[],"_links":{"self":[{"href":"https:\/\/www.opb.gob.mx\/portal\/index.php?rest_route=\/wp\/v2\/posts\/19736"}],"collection":[{"href":"https:\/\/www.opb.gob.mx\/portal\/index.php?rest_route=\/wp\/v2\/posts"}],"about":[{"href":"https:\/\/www.opb.gob.mx\/portal\/index.php?rest_route=\/wp\/v2\/types\/post"}],"author":[{"embeddable":true,"href":"https:\/\/www.opb.gob.mx\/portal\/index.php?rest_route=\/wp\/v2\/users\/9"}],"replies":[{"embeddable":true,"href":"https:\/\/www.opb.gob.mx\/portal\/index.php?rest_route=%2Fwp%2Fv2%2Fcomments&post=19736"}],"version-history":[{"count":3,"href":"https:\/\/www.opb.gob.mx\/portal\/index.php?rest_route=\/wp\/v2\/posts\/19736\/revisions"}],"predecessor-version":[{"id":19741,"href":"https:\/\/www.opb.gob.mx\/portal\/index.php?rest_route=\/wp\/v2\/posts\/19736\/revisions\/19741"}],"wp:featuredmedia":[{"embeddable":true,"href":"https:\/\/www.opb.gob.mx\/portal\/index.php?rest_route=\/wp\/v2\/media\/19738"}],"wp:attachment":[{"href":"https:\/\/www.opb.gob.mx\/portal\/index.php?rest_route=%2Fwp%2Fv2%2Fmedia&parent=19736"}],"wp:term":[{"taxonomy":"category","embeddable":true,"href":"https:\/\/www.opb.gob.mx\/portal\/index.php?rest_route=%2Fwp%2Fv2%2Fcategories&post=19736"},{"taxonomy":"post_tag","embeddable":true,"href":"https:\/\/www.opb.gob.mx\/portal\/index.php?rest_route=%2Fwp%2Fv2%2Ftags&post=19736"}],"curies":[{"name":"wp","href":"https:\/\/api.w.org\/{rel}","templated":true}]}}