{"id":19749,"date":"2021-11-30T13:04:00","date_gmt":"2021-11-30T13:04:00","guid":{"rendered":"http:\/\/www.opb.gob.mx\/portal\/?p=19749"},"modified":"2022-06-07T16:55:49","modified_gmt":"2022-06-07T16:55:49","slug":"con-la-aprobacion-de-la-iniciativa-para-la-convocatoria-de-eleccion-de-alcaldes-y-delegados-arrancan-las-elecciones-yensunni-martinez","status":"publish","type":"post","link":"https:\/\/www.opb.gob.mx\/portal\/?p=19749","title":{"rendered":"CON LA APROBACI\u00d3N DE LA INICIATIVA PARA LA CONVOCATORIA DE ELECCI\u00d3N DE ALCALDES Y DELEGADOS ARRANCAN LAS ELECCIONES: YENSUNNI MART\u00cdNEZ"},"content":{"rendered":"\t\t<div data-elementor-type=\"wp-post\" data-elementor-id=\"19749\" class=\"elementor elementor-19749\" data-elementor-settings=\"[]\">\n\t\t\t\t\t\t<div class=\"elementor-inner\">\n\t\t\t\t\t\t\t<div class=\"elementor-section-wrap\">\n\t\t\t\t\t\t\t<section class=\"elementor-section elementor-top-section elementor-element elementor-element-76e5b46 elementor-section-boxed elementor-section-height-default elementor-section-height-default\" data-id=\"76e5b46\" data-element_type=\"section\">\n\t\t\t\t\t\t<div class=\"elementor-container elementor-column-gap-default\">\n\t\t\t\t\t\t\t<div class=\"elementor-row\">\n\t\t\t\t\t<div class=\"elementor-column elementor-col-100 elementor-top-column elementor-element elementor-element-c2f6fd1\" data-id=\"c2f6fd1\" data-element_type=\"column\">\n\t\t\t<div class=\"elementor-column-wrap elementor-element-populated\">\n\t\t\t\t\t\t\t<div class=\"elementor-widget-wrap\">\n\t\t\t\t\t\t<div class=\"elementor-element elementor-element-e70a663 elementor-widget elementor-widget-text-editor\" data-id=\"e70a663\" data-element_type=\"widget\" data-widget_type=\"text-editor.default\">\n\t\t\t\t<div class=\"elementor-widget-container\">\n\t\t\t\t\t<div class=\"elementor-text-editor elementor-clearfix\"><p>Chetumal, 30 de noviembre, 2021.- En la quinta sesi\u00f3n extraordinaria de Cabildo, realizada este martes 30 de noviembre, el Ayuntamiento de la transformaci\u00f3n aprob\u00f3 la convocatoria para la elecci\u00f3n de alcaldes y delegados del Municipio Oth\u00f3n P. Blanco.<\/p><p>Por votaci\u00f3n un\u00e1nime del cuerpo colegiado, la presidenta municipal, Yensunni Mart\u00ednez Hern\u00e1ndez, dio visto bueno de la aprobaci\u00f3n de dicha iniciativa que marca el inicio de tan importante ejercicio democr\u00e1tico.<\/p><p>Ser\u00e1 este 1 de diciembre que publicar\u00e1n la convocatoria en puntos estrat\u00e9gicos de las comunidades donde realizar\u00e1n las elecciones, a fin de que los interesados puedan conocer los requisitos de elegibilidad, inscribirse y concursar en este proceso, en donde participan 6 alcald\u00edas y 22 delegaciones del municipio capitalino.<\/p><p>Por consiguiente, los d\u00edas 17 y 18 de diciembre ser\u00e1 el turno de elegir a los delegados y el d\u00eda 18 del mismo, a los alcaldes, quienes ser\u00e1n votados por los habitantes de la zona rural de manera libre y democr\u00e1tica.<\/p><p>Cabe se\u00f1alar que una vez finalizado y validado el proceso de inscripci\u00f3n y participaci\u00f3n, quienes resulten electos, rendir\u00e1n protesta de ley durante una sesi\u00f3n de Cabildo que llevar\u00e1n a cabo antes de finalizar diciembre, comprometi\u00e9ndose a velar por los intereses y necesidades de sus representados, trabajando hombro con hombro para construir el municipio que todos queremos.<\/p><\/div>\n\t\t\t\t<\/div>\n\t\t\t\t<\/div>\n\t\t\t\t\t\t<\/div>\n\t\t\t\t\t<\/div>\n\t\t<\/div>\n\t\t\t\t\t\t\t\t<\/div>\n\t\t\t\t\t<\/div>\n\t\t<\/section>\n\t\t\t\t<section class=\"elementor-section elementor-top-section elementor-element elementor-element-0af1f45 elementor-section-boxed elementor-section-height-default elementor-section-height-default\" data-id=\"0af1f45\" data-element_type=\"section\">\n\t\t\t\t\t\t<div class=\"elementor-container elementor-column-gap-default\">\n\t\t\t\t\t\t\t<div class=\"elementor-row\">\n\t\t\t\t\t<div class=\"elementor-column elementor-col-100 elementor-top-column elementor-element elementor-element-a97e9eb\" data-id=\"a97e9eb\" data-element_type=\"column\">\n\t\t\t<div class=\"elementor-column-wrap elementor-element-populated\">\n\t\t\t\t\t\t\t<div class=\"elementor-widget-wrap\">\n\t\t\t\t\t\t<div class=\"elementor-element elementor-element-20f788e elementor-widget elementor-widget-image-gallery\" data-id=\"20f788e\" data-element_type=\"widget\" data-widget_type=\"image-gallery.default\">\n\t\t\t\t<div class=\"elementor-widget-container\">\n\t\t\t\t\t<div class=\"elementor-image-gallery\">\n\t\t\t<div id='gallery-1' class='gallery galleryid-19749 gallery-columns-4 gallery-size-medium'><figure class='gallery-item'>\n\t\t\t<div class='gallery-icon landscape'>\n\t\t\t\t<a data-elementor-open-lightbox=\"yes\" data-elementor-lightbox-slideshow=\"20f788e\" data-elementor-lightbox-title=\"WhatsApp Image 2021-11-30 at 8.41.49 PM\" href='https:\/\/www.opb.gob.mx\/portal\/wp-content\/uploads\/2021\/12\/WhatsApp-Image-2021-11-30-at-8.41.49-PM.jpeg'><img width=\"768\" height=\"456\" src=\"https:\/\/www.opb.gob.mx\/portal\/wp-content\/uploads\/2021\/12\/WhatsApp-Image-2021-11-30-at-8.41.49-PM-768x456.jpeg\" class=\"attachment-medium size-medium\" alt=\"\" loading=\"lazy\" \/><\/a>\n\t\t\t<\/div><\/figure><figure class='gallery-item'>\n\t\t\t<div class='gallery-icon landscape'>\n\t\t\t\t<a data-elementor-open-lightbox=\"yes\" data-elementor-lightbox-slideshow=\"20f788e\" data-elementor-lightbox-title=\"WhatsApp Image 2021-11-30 at 8.41.50 PM\" href='https:\/\/www.opb.gob.mx\/portal\/wp-content\/uploads\/2021\/12\/WhatsApp-Image-2021-11-30-at-8.41.50-PM.jpeg'><img width=\"768\" height=\"456\" src=\"https:\/\/www.opb.gob.mx\/portal\/wp-content\/uploads\/2021\/12\/WhatsApp-Image-2021-11-30-at-8.41.50-PM-768x456.jpeg\" class=\"attachment-medium size-medium\" alt=\"\" loading=\"lazy\" \/><\/a>\n\t\t\t<\/div><\/figure><figure class='gallery-item'>\n\t\t\t<div class='gallery-icon landscape'>\n\t\t\t\t<a data-elementor-open-lightbox=\"yes\" data-elementor-lightbox-slideshow=\"20f788e\" data-elementor-lightbox-title=\"WhatsApp Image 2021-11-30 at 8.41.49 PM (1)\" href='https:\/\/www.opb.gob.mx\/portal\/wp-content\/uploads\/2021\/12\/WhatsApp-Image-2021-11-30-at-8.41.49-PM-1.jpeg'><img width=\"768\" height=\"456\" src=\"https:\/\/www.opb.gob.mx\/portal\/wp-content\/uploads\/2021\/12\/WhatsApp-Image-2021-11-30-at-8.41.49-PM-1-768x456.jpeg\" class=\"attachment-medium size-medium\" alt=\"\" loading=\"lazy\" \/><\/a>\n\t\t\t<\/div><\/figure>\n\t\t<\/div>\n\t\t<\/div>\n\t\t\t\t<\/div>\n\t\t\t\t<\/div>\n\t\t\t\t\t\t<\/div>\n\t\t\t\t\t<\/div>\n\t\t<\/div>\n\t\t\t\t\t\t\t\t<\/div>\n\t\t\t\t\t<\/div>\n\t\t<\/section>\n\t\t\t\t\t\t<\/div>\n\t\t\t\t\t\t<\/div>\n\t\t\t\t\t<\/div>\n\t\t","protected":false},"excerpt":{"rendered":"<p>Chetumal, 30 de noviembre, 2021.- En la quinta sesi\u00f3n extraordinaria de Cabildo, realizada este martes 30 de noviembre, el Ayuntamiento de la transformaci\u00f3n aprob\u00f3 la convocatoria para la elecci\u00f3n de alcaldes y delegados del Municipio Oth\u00f3n P. Blanco.<\/p>\n","protected":false},"author":9,"featured_media":19752,"comment_status":"closed","ping_status":"open","sticky":false,"template":"","format":"standard","meta":[],"categories":[27],"tags":[],"_links":{"self":[{"href":"https:\/\/www.opb.gob.mx\/portal\/index.php?rest_route=\/wp\/v2\/posts\/19749"}],"collection":[{"href":"https:\/\/www.opb.gob.mx\/portal\/index.php?rest_route=\/wp\/v2\/posts"}],"about":[{"href":"https:\/\/www.opb.gob.mx\/portal\/index.php?rest_route=\/wp\/v2\/types\/post"}],"author":[{"embeddable":true,"href":"https:\/\/www.opb.gob.mx\/portal\/index.php?rest_route=\/wp\/v2\/users\/9"}],"replies":[{"embeddable":true,"href":"https:\/\/www.opb.gob.mx\/portal\/index.php?rest_route=%2Fwp%2Fv2%2Fcomments&post=19749"}],"version-history":[{"count":2,"href":"https:\/\/www.opb.gob.mx\/portal\/index.php?rest_route=\/wp\/v2\/posts\/19749\/revisions"}],"predecessor-version":[{"id":19754,"href":"https:\/\/www.opb.gob.mx\/portal\/index.php?rest_route=\/wp\/v2\/posts\/19749\/revisions\/19754"}],"wp:featuredmedia":[{"embeddable":true,"href":"https:\/\/www.opb.gob.mx\/portal\/index.php?rest_route=\/wp\/v2\/media\/19752"}],"wp:attachment":[{"href":"https:\/\/www.opb.gob.mx\/portal\/index.php?rest_route=%2Fwp%2Fv2%2Fmedia&parent=19749"}],"wp:term":[{"taxonomy":"category","embeddable":true,"href":"https:\/\/www.opb.gob.mx\/portal\/index.php?rest_route=%2Fwp%2Fv2%2Fcategories&post=19749"},{"taxonomy":"post_tag","embeddable":true,"href":"https:\/\/www.opb.gob.mx\/portal\/index.php?rest_route=%2Fwp%2Fv2%2Ftags&post=19749"}],"curies":[{"name":"wp","href":"https:\/\/api.w.org\/{rel}","templated":true}]}}