{"id":19808,"date":"2021-12-04T00:16:26","date_gmt":"2021-12-04T00:16:26","guid":{"rendered":"http:\/\/www.opb.gob.mx\/portal\/?p=19808"},"modified":"2022-06-07T16:55:24","modified_gmt":"2022-06-07T16:55:24","slug":"la-direccion-de-cultura-y-artes-realiza-festivales-y-presentaciones-artisticas-durante-el-mes-de-diciembre","status":"publish","type":"post","link":"https:\/\/www.opb.gob.mx\/portal\/?p=19808","title":{"rendered":"LA DIRECCI\u00d3N DE CULTURA Y ARTES REALIZA FESTIVALES Y PRESENTACIONES ARTISTICAS DURANTE EL MES DE DICIEMBRE."},"content":{"rendered":"\t\t<div data-elementor-type=\"wp-post\" data-elementor-id=\"19808\" class=\"elementor elementor-19808\" data-elementor-settings=\"[]\">\n\t\t\t\t\t\t<div class=\"elementor-inner\">\n\t\t\t\t\t\t\t<div class=\"elementor-section-wrap\">\n\t\t\t\t\t\t\t<section class=\"elementor-section elementor-top-section elementor-element elementor-element-e5b513f elementor-section-boxed elementor-section-height-default elementor-section-height-default\" data-id=\"e5b513f\" data-element_type=\"section\">\n\t\t\t\t\t\t<div class=\"elementor-container elementor-column-gap-default\">\n\t\t\t\t\t\t\t<div class=\"elementor-row\">\n\t\t\t\t\t<div class=\"elementor-column elementor-col-100 elementor-top-column elementor-element elementor-element-3532fad\" data-id=\"3532fad\" data-element_type=\"column\">\n\t\t\t<div class=\"elementor-column-wrap elementor-element-populated\">\n\t\t\t\t\t\t\t<div class=\"elementor-widget-wrap\">\n\t\t\t\t\t\t<div class=\"elementor-element elementor-element-58b359a elementor-widget elementor-widget-text-editor\" data-id=\"58b359a\" data-element_type=\"widget\" data-widget_type=\"text-editor.default\">\n\t\t\t\t<div class=\"elementor-widget-container\">\n\t\t\t\t\t<div class=\"elementor-text-editor elementor-clearfix\"><p>CHETUMAL, 3 de diciembre, 2021.- La direcci\u00f3n de cultura y artes, trabaja para llevar festivales y actividades art\u00edsticas a diversos puntos del municipio de Oth\u00f3n P. Blanco como parte de la encomienda de la presidenta municipal Yensunni Mart\u00ednez Hern\u00e1ndez, de propiciar espacios de convivencia familiar sana y, sobre todo, en esta \u00e9poca decembrina.<\/p><p>Dijo que, dentro de las actividades a realizar este mes, inician este 4 de diciembre con el programa \u201cCultura en tu Comunidad\u201d en el domo del poblado de Huaypix donde se proyectar\u00e1 una pel\u00edcula y presentar\u00e1n grupos musicales y tambi\u00e9n el d\u00eda 10 de diciembre participar\u00e1 en el encendido del \u00e1rbol navide\u00f1o en el parque de la Alameda donde se realizar\u00e1 un festival de danza y m\u00fasica.<\/p><p>Explic\u00f3 que la direcci\u00f3n a su cargo participa en la realizaci\u00f3n de una posada en coordinaci\u00f3n con el voluntariado de Calderitas que se llevar\u00e1 a cabo tambi\u00e9n el d\u00eda 10 de diciembre en la unidad deportiva ubicada en la calle Tabasco esquina Coahuila y Guerrero, en este evento se presentar\u00e1n espect\u00e1culos de danza y m\u00fasica cerrando con la presentaci\u00f3n de la agrupaci\u00f3n \u201cLos F\u00e9lix\u201d.<\/p><p>Espinoza Dzib dijo que el d\u00eda 11 de diciembre se llevar\u00e1 a cabo la inauguraci\u00f3n del domo de la comunidad de Nachicocom a partir de las 19:00 horas con la presentaci\u00f3n de danza folcl\u00f3rica y m\u00fasica.<\/p><p>Posteriormente el d\u00eda 12 de diciembre se llevar\u00e1n ma\u00f1anitas a la virgen de Guadalupe en el mercado L\u00e1zaro C\u00e1rdenas, y en el mercado Manuel Altamirano, en este \u00faltimo, adem\u00e1s de las ma\u00f1anitas se presentar\u00e1 un festival de m\u00fasica, exposici\u00f3n fotogr\u00e1fica hist\u00f3rica del mercado, y grupos de baile a partir de las doce del mediod\u00eda.<\/p><p>El funcionario dijo que la direcci\u00f3n de cultura y artes se encuentran trabajando para llevar este tipo de festivales y actividades art\u00edsticas a diversos puntos del municipio de Oth\u00f3n P. Blanco como parte de la encomienda de la presidenta municipal Yensunni Mart\u00ednez de propiciar espacios de convivencia familiar sana y sobre todo es esta \u00e9poca decembrina.<\/p><p>Para finalizar dijo que la direcci\u00f3n a su cargo est\u00e1 trabajando con colectivos y asociaciones que solicitan un espacio y apoyo para la presentaci\u00f3n de espect\u00e1culos que quedaron en pausa por la pandemia y el color del sem\u00e1foro epidemiol\u00f3gico, sin embargo, \u201ces tiempo de reactivar la cultura a trav\u00e9s de estos espacios y la presentaci\u00f3n de nuestros artistas locales que cuentan con mucho talento\u201d dijo.<\/p><\/div>\n\t\t\t\t<\/div>\n\t\t\t\t<\/div>\n\t\t\t\t\t\t<\/div>\n\t\t\t\t\t<\/div>\n\t\t<\/div>\n\t\t\t\t\t\t\t\t<\/div>\n\t\t\t\t\t<\/div>\n\t\t<\/section>\n\t\t\t\t<section class=\"elementor-section elementor-top-section elementor-element elementor-element-a792b79 elementor-section-boxed elementor-section-height-default elementor-section-height-default\" data-id=\"a792b79\" data-element_type=\"section\">\n\t\t\t\t\t\t<div class=\"elementor-container elementor-column-gap-default\">\n\t\t\t\t\t\t\t<div class=\"elementor-row\">\n\t\t\t\t\t<div class=\"elementor-column elementor-col-100 elementor-top-column elementor-element elementor-element-bb323dc\" data-id=\"bb323dc\" data-element_type=\"column\">\n\t\t\t<div class=\"elementor-column-wrap elementor-element-populated\">\n\t\t\t\t\t\t\t<div class=\"elementor-widget-wrap\">\n\t\t\t\t\t\t<div class=\"elementor-element elementor-element-3c1694f elementor-widget elementor-widget-image-gallery\" data-id=\"3c1694f\" data-element_type=\"widget\" data-widget_type=\"image-gallery.default\">\n\t\t\t\t<div class=\"elementor-widget-container\">\n\t\t\t\t\t<div class=\"elementor-image-gallery\">\n\t\t\t<div id='gallery-1' class='gallery galleryid-19808 gallery-columns-4 gallery-size-medium'><figure class='gallery-item'>\n\t\t\t<div class='gallery-icon landscape'>\n\t\t\t\t<a data-elementor-open-lightbox=\"yes\" data-elementor-lightbox-slideshow=\"3c1694f\" data-elementor-lightbox-title=\"WhatsApp Image 2021-12-03 at 1.11.31 PM\" href='https:\/\/www.opb.gob.mx\/portal\/wp-content\/uploads\/2021\/12\/WhatsApp-Image-2021-12-03-at-1.11.31-PM.jpeg'><img width=\"768\" height=\"456\" src=\"https:\/\/www.opb.gob.mx\/portal\/wp-content\/uploads\/2021\/12\/WhatsApp-Image-2021-12-03-at-1.11.31-PM-768x456.jpeg\" class=\"attachment-medium size-medium\" alt=\"\" loading=\"lazy\" srcset=\"https:\/\/www.opb.gob.mx\/portal\/wp-content\/uploads\/2021\/12\/WhatsApp-Image-2021-12-03-at-1.11.31-PM-768x456.jpeg 768w, https:\/\/www.opb.gob.mx\/portal\/wp-content\/uploads\/2021\/12\/WhatsApp-Image-2021-12-03-at-1.11.31-PM-1170x694.jpeg 1170w\" sizes=\"(max-width: 768px) 100vw, 768px\" \/><\/a>\n\t\t\t<\/div><\/figure><figure class='gallery-item'>\n\t\t\t<div class='gallery-icon landscape'>\n\t\t\t\t<a data-elementor-open-lightbox=\"yes\" data-elementor-lightbox-slideshow=\"3c1694f\" data-elementor-lightbox-title=\"WhatsApp Image 2021-12-03 at 1.11.30 PM\" href='https:\/\/www.opb.gob.mx\/portal\/wp-content\/uploads\/2021\/12\/WhatsApp-Image-2021-12-03-at-1.11.30-PM.jpeg'><img width=\"768\" height=\"456\" src=\"https:\/\/www.opb.gob.mx\/portal\/wp-content\/uploads\/2021\/12\/WhatsApp-Image-2021-12-03-at-1.11.30-PM-768x456.jpeg\" class=\"attachment-medium size-medium\" alt=\"\" loading=\"lazy\" srcset=\"https:\/\/www.opb.gob.mx\/portal\/wp-content\/uploads\/2021\/12\/WhatsApp-Image-2021-12-03-at-1.11.30-PM-768x456.jpeg 768w, https:\/\/www.opb.gob.mx\/portal\/wp-content\/uploads\/2021\/12\/WhatsApp-Image-2021-12-03-at-1.11.30-PM-1170x694.jpeg 1170w\" sizes=\"(max-width: 768px) 100vw, 768px\" \/><\/a>\n\t\t\t<\/div><\/figure>\n\t\t<\/div>\n\t\t<\/div>\n\t\t\t\t<\/div>\n\t\t\t\t<\/div>\n\t\t\t\t\t\t<\/div>\n\t\t\t\t\t<\/div>\n\t\t<\/div>\n\t\t\t\t\t\t\t\t<\/div>\n\t\t\t\t\t<\/div>\n\t\t<\/section>\n\t\t\t\t\t\t<\/div>\n\t\t\t\t\t\t<\/div>\n\t\t\t\t\t<\/div>\n\t\t","protected":false},"excerpt":{"rendered":"<p>\u2022\tEs tiempo de reactivar la cultura, para ello, el Ayuntamiento de la transformaci\u00f3n tiene listas diversas actividades durante diciembre.<\/p>\n","protected":false},"author":9,"featured_media":19809,"comment_status":"closed","ping_status":"open","sticky":false,"template":"","format":"standard","meta":[],"categories":[27],"tags":[],"_links":{"self":[{"href":"https:\/\/www.opb.gob.mx\/portal\/index.php?rest_route=\/wp\/v2\/posts\/19808"}],"collection":[{"href":"https:\/\/www.opb.gob.mx\/portal\/index.php?rest_route=\/wp\/v2\/posts"}],"about":[{"href":"https:\/\/www.opb.gob.mx\/portal\/index.php?rest_route=\/wp\/v2\/types\/post"}],"author":[{"embeddable":true,"href":"https:\/\/www.opb.gob.mx\/portal\/index.php?rest_route=\/wp\/v2\/users\/9"}],"replies":[{"embeddable":true,"href":"https:\/\/www.opb.gob.mx\/portal\/index.php?rest_route=%2Fwp%2Fv2%2Fcomments&post=19808"}],"version-history":[{"count":3,"href":"https:\/\/www.opb.gob.mx\/portal\/index.php?rest_route=\/wp\/v2\/posts\/19808\/revisions"}],"predecessor-version":[{"id":19813,"href":"https:\/\/www.opb.gob.mx\/portal\/index.php?rest_route=\/wp\/v2\/posts\/19808\/revisions\/19813"}],"wp:featuredmedia":[{"embeddable":true,"href":"https:\/\/www.opb.gob.mx\/portal\/index.php?rest_route=\/wp\/v2\/media\/19809"}],"wp:attachment":[{"href":"https:\/\/www.opb.gob.mx\/portal\/index.php?rest_route=%2Fwp%2Fv2%2Fmedia&parent=19808"}],"wp:term":[{"taxonomy":"category","embeddable":true,"href":"https:\/\/www.opb.gob.mx\/portal\/index.php?rest_route=%2Fwp%2Fv2%2Fcategories&post=19808"},{"taxonomy":"post_tag","embeddable":true,"href":"https:\/\/www.opb.gob.mx\/portal\/index.php?rest_route=%2Fwp%2Fv2%2Ftags&post=19808"}],"curies":[{"name":"wp","href":"https:\/\/api.w.org\/{rel}","templated":true}]}}