{"id":20215,"date":"2021-12-23T15:05:13","date_gmt":"2021-12-23T15:05:13","guid":{"rendered":"http:\/\/www.opb.gob.mx\/portal\/?p=20215"},"modified":"2022-06-07T16:53:37","modified_gmt":"2022-06-07T16:53:37","slug":"convenio-de-coordinacion-en-acciones-policiales-fue-turnado-a-comision-para-su-estudio-y-analisis","status":"publish","type":"post","link":"https:\/\/www.opb.gob.mx\/portal\/?p=20215","title":{"rendered":"CONVENIO DE COORDINACI\u00d3N EN ACCIONES POLICIALES FUE TURNADO A COMISI\u00d3N PARA SU ESTUDIO Y AN\u00c1LISIS."},"content":{"rendered":"\t\t<div data-elementor-type=\"wp-post\" data-elementor-id=\"20215\" class=\"elementor elementor-20215\" data-elementor-settings=\"[]\">\n\t\t\t\t\t\t<div class=\"elementor-inner\">\n\t\t\t\t\t\t\t<div class=\"elementor-section-wrap\">\n\t\t\t\t\t\t\t<section class=\"elementor-section elementor-top-section elementor-element elementor-element-c126fdc elementor-section-boxed elementor-section-height-default elementor-section-height-default\" data-id=\"c126fdc\" data-element_type=\"section\">\n\t\t\t\t\t\t<div class=\"elementor-container elementor-column-gap-default\">\n\t\t\t\t\t\t\t<div class=\"elementor-row\">\n\t\t\t\t\t<div class=\"elementor-column elementor-col-100 elementor-top-column elementor-element elementor-element-af82a11\" data-id=\"af82a11\" data-element_type=\"column\">\n\t\t\t<div class=\"elementor-column-wrap elementor-element-populated\">\n\t\t\t\t\t\t\t<div class=\"elementor-widget-wrap\">\n\t\t\t\t\t\t<div class=\"elementor-element elementor-element-df01b72 elementor-widget elementor-widget-text-editor\" data-id=\"df01b72\" data-element_type=\"widget\" data-widget_type=\"text-editor.default\">\n\t\t\t\t<div class=\"elementor-widget-container\">\n\t\t\t\t\t<div class=\"elementor-text-editor elementor-clearfix\"><p>Chetumal, Q. Roo a 23 de diciembre. \u2013 Este jueves por la ma\u00f1ana se llev\u00f3 a cabo la cuarta sesi\u00f3n ordinaria de Cabildo, que encabez\u00f3 la presidenta municipal de Oth\u00f3n P. Blanco, Yensunni Mart\u00ednez Hern\u00e1ndez, en la que, con nueve puntos, el cuerpo colegiado aprob\u00f3 distintos temas de gran importancia para los othonenses.<\/p><p>Entre los puntos a tratar, la iniciativa de acuerdo presentada por la alcaldesa capitalina, para llevar a cabo la firma de convenio de coordinaci\u00f3n de acciones policiales en materia de seguridad p\u00fablica, fue turnada a la comisi\u00f3n de seguridad p\u00fablica, polic\u00eda preventiva, tr\u00e1nsito, protecci\u00f3n civil, bomberos, rescate, emergencias m\u00e9dicas y desastres; para su estudio, an\u00e1lisis y posterior dictamen.<\/p><p>En este sentido, el secretario general, Adri\u00e1n S\u00e1nchez Dom\u00ednguez, puntualiz\u00f3 que dicho convenio deber\u00e1 ser celebrado, por una parte, el H. Ayuntamiento de Oth\u00f3n P. Blanco, y por otra, la Secretar\u00eda de Seguridad P\u00fablica del estado de Quintana Roo.<\/p><p>De igual forma se\u00f1al\u00f3 que, el objetivo principal del convenio de coordinaci\u00f3n es sumar esfuerzos institucionales para establecer la armon\u00eda social, el estado de derecho y la paz p\u00fablica del municipio capitalino.<\/p><p>Finalmente puntualiz\u00f3 que entrar\u00e1 en vigor a partir de la aprobaci\u00f3n por el Cabildo, y tendr\u00e1 vigencia a partir de la firma de \u00e9ste, hasta el 30 de septiembre de 2024.<\/p><p>Cabe hacer menci\u00f3n que la comisi\u00f3n de seguridad p\u00fablica, polic\u00eda preventiva, tr\u00e1nsito, protecci\u00f3n civil, bomberos, rescate, emergencias m\u00e9dicas y desastres, tendr\u00e1 a bien estudiar y analizar los acuerdos de dicho convenio, que tendr\u00e1 como resultado, el bienestar de la ciudadan\u00eda, al puntualizar la mejor organizaci\u00f3n de la polic\u00eda municipal preventiva.<\/p><\/div>\n\t\t\t\t<\/div>\n\t\t\t\t<\/div>\n\t\t\t\t\t\t<\/div>\n\t\t\t\t\t<\/div>\n\t\t<\/div>\n\t\t\t\t\t\t\t\t<\/div>\n\t\t\t\t\t<\/div>\n\t\t<\/section>\n\t\t\t\t<section class=\"elementor-section elementor-top-section elementor-element elementor-element-b24f378 elementor-section-boxed elementor-section-height-default elementor-section-height-default\" data-id=\"b24f378\" data-element_type=\"section\">\n\t\t\t\t\t\t<div class=\"elementor-container elementor-column-gap-default\">\n\t\t\t\t\t\t\t<div class=\"elementor-row\">\n\t\t\t\t\t<div class=\"elementor-column elementor-col-100 elementor-top-column elementor-element elementor-element-24a5ac5\" data-id=\"24a5ac5\" data-element_type=\"column\">\n\t\t\t<div class=\"elementor-column-wrap elementor-element-populated\">\n\t\t\t\t\t\t\t<div class=\"elementor-widget-wrap\">\n\t\t\t\t\t\t<div class=\"elementor-element elementor-element-f07d66d elementor-widget elementor-widget-image-gallery\" data-id=\"f07d66d\" data-element_type=\"widget\" data-widget_type=\"image-gallery.default\">\n\t\t\t\t<div class=\"elementor-widget-container\">\n\t\t\t\t\t<div class=\"elementor-image-gallery\">\n\t\t\t<div id='gallery-1' class='gallery galleryid-20215 gallery-columns-4 gallery-size-medium'><figure class='gallery-item'>\n\t\t\t<div class='gallery-icon landscape'>\n\t\t\t\t<a data-elementor-open-lightbox=\"yes\" data-elementor-lightbox-slideshow=\"f07d66d\" data-elementor-lightbox-title=\"WhatsApp Image 2021-12-23 at 3.35.43 PM\" href='https:\/\/www.opb.gob.mx\/portal\/wp-content\/uploads\/2021\/12\/WhatsApp-Image-2021-12-23-at-3.35.43-PM.jpeg'><img width=\"768\" height=\"456\" src=\"https:\/\/www.opb.gob.mx\/portal\/wp-content\/uploads\/2021\/12\/WhatsApp-Image-2021-12-23-at-3.35.43-PM-768x456.jpeg\" class=\"attachment-medium size-medium\" alt=\"\" loading=\"lazy\" srcset=\"https:\/\/www.opb.gob.mx\/portal\/wp-content\/uploads\/2021\/12\/WhatsApp-Image-2021-12-23-at-3.35.43-PM-768x456.jpeg 768w, https:\/\/www.opb.gob.mx\/portal\/wp-content\/uploads\/2021\/12\/WhatsApp-Image-2021-12-23-at-3.35.43-PM-1170x694.jpeg 1170w\" sizes=\"(max-width: 768px) 100vw, 768px\" \/><\/a>\n\t\t\t<\/div><\/figure><figure class='gallery-item'>\n\t\t\t<div class='gallery-icon landscape'>\n\t\t\t\t<a data-elementor-open-lightbox=\"yes\" data-elementor-lightbox-slideshow=\"f07d66d\" data-elementor-lightbox-title=\"WhatsApp Image 2021-12-23 at 3.35.43 PM (1)\" href='https:\/\/www.opb.gob.mx\/portal\/wp-content\/uploads\/2021\/12\/WhatsApp-Image-2021-12-23-at-3.35.43-PM-1.jpeg'><img width=\"768\" height=\"456\" src=\"https:\/\/www.opb.gob.mx\/portal\/wp-content\/uploads\/2021\/12\/WhatsApp-Image-2021-12-23-at-3.35.43-PM-1-768x456.jpeg\" class=\"attachment-medium size-medium\" alt=\"\" loading=\"lazy\" srcset=\"https:\/\/www.opb.gob.mx\/portal\/wp-content\/uploads\/2021\/12\/WhatsApp-Image-2021-12-23-at-3.35.43-PM-1-768x456.jpeg 768w, https:\/\/www.opb.gob.mx\/portal\/wp-content\/uploads\/2021\/12\/WhatsApp-Image-2021-12-23-at-3.35.43-PM-1-1170x694.jpeg 1170w\" sizes=\"(max-width: 768px) 100vw, 768px\" \/><\/a>\n\t\t\t<\/div><\/figure><figure class='gallery-item'>\n\t\t\t<div class='gallery-icon landscape'>\n\t\t\t\t<a data-elementor-open-lightbox=\"yes\" data-elementor-lightbox-slideshow=\"f07d66d\" data-elementor-lightbox-title=\"WhatsApp Image 2021-12-23 at 3.35.44 PM\" href='https:\/\/www.opb.gob.mx\/portal\/wp-content\/uploads\/2021\/12\/WhatsApp-Image-2021-12-23-at-3.35.44-PM.jpeg'><img width=\"768\" height=\"456\" src=\"https:\/\/www.opb.gob.mx\/portal\/wp-content\/uploads\/2021\/12\/WhatsApp-Image-2021-12-23-at-3.35.44-PM-768x456.jpeg\" class=\"attachment-medium size-medium\" alt=\"\" loading=\"lazy\" srcset=\"https:\/\/www.opb.gob.mx\/portal\/wp-content\/uploads\/2021\/12\/WhatsApp-Image-2021-12-23-at-3.35.44-PM-768x456.jpeg 768w, https:\/\/www.opb.gob.mx\/portal\/wp-content\/uploads\/2021\/12\/WhatsApp-Image-2021-12-23-at-3.35.44-PM-1170x694.jpeg 1170w\" sizes=\"(max-width: 768px) 100vw, 768px\" \/><\/a>\n\t\t\t<\/div><\/figure><figure class='gallery-item'>\n\t\t\t<div class='gallery-icon landscape'>\n\t\t\t\t<a data-elementor-open-lightbox=\"yes\" data-elementor-lightbox-slideshow=\"f07d66d\" data-elementor-lightbox-title=\"WhatsApp Image 2021-12-23 at 3.35.44 PM (1)\" href='https:\/\/www.opb.gob.mx\/portal\/wp-content\/uploads\/2021\/12\/WhatsApp-Image-2021-12-23-at-3.35.44-PM-1.jpeg'><img width=\"768\" height=\"456\" src=\"https:\/\/www.opb.gob.mx\/portal\/wp-content\/uploads\/2021\/12\/WhatsApp-Image-2021-12-23-at-3.35.44-PM-1-768x456.jpeg\" class=\"attachment-medium size-medium\" alt=\"\" loading=\"lazy\" srcset=\"https:\/\/www.opb.gob.mx\/portal\/wp-content\/uploads\/2021\/12\/WhatsApp-Image-2021-12-23-at-3.35.44-PM-1-768x456.jpeg 768w, https:\/\/www.opb.gob.mx\/portal\/wp-content\/uploads\/2021\/12\/WhatsApp-Image-2021-12-23-at-3.35.44-PM-1-1170x694.jpeg 1170w\" sizes=\"(max-width: 768px) 100vw, 768px\" \/><\/a>\n\t\t\t<\/div><\/figure>\n\t\t<\/div>\n\t\t<\/div>\n\t\t\t\t<\/div>\n\t\t\t\t<\/div>\n\t\t\t\t\t\t<\/div>\n\t\t\t\t\t<\/div>\n\t\t<\/div>\n\t\t\t\t\t\t\t\t<\/div>\n\t\t\t\t\t<\/div>\n\t\t<\/section>\n\t\t\t\t\t\t<\/div>\n\t\t\t\t\t\t<\/div>\n\t\t\t\t\t<\/div>\n\t\t","protected":false},"excerpt":{"rendered":"<p>\u2022\tAnalizar\u00e1 propuesta sobre trabajar en conjunto seguridad p\u00fablica comisi\u00f3n de seguridad p\u00fablica, polic\u00eda preventiva, tr\u00e1nsito, protecci\u00f3n civil, bomberos, rescate, emergencias m\u00e9dicas y desastres.<\/p>\n","protected":false},"author":9,"featured_media":20219,"comment_status":"closed","ping_status":"open","sticky":false,"template":"","format":"standard","meta":[],"categories":[27],"tags":[],"_links":{"self":[{"href":"https:\/\/www.opb.gob.mx\/portal\/index.php?rest_route=\/wp\/v2\/posts\/20215"}],"collection":[{"href":"https:\/\/www.opb.gob.mx\/portal\/index.php?rest_route=\/wp\/v2\/posts"}],"about":[{"href":"https:\/\/www.opb.gob.mx\/portal\/index.php?rest_route=\/wp\/v2\/types\/post"}],"author":[{"embeddable":true,"href":"https:\/\/www.opb.gob.mx\/portal\/index.php?rest_route=\/wp\/v2\/users\/9"}],"replies":[{"embeddable":true,"href":"https:\/\/www.opb.gob.mx\/portal\/index.php?rest_route=%2Fwp%2Fv2%2Fcomments&post=20215"}],"version-history":[{"count":3,"href":"https:\/\/www.opb.gob.mx\/portal\/index.php?rest_route=\/wp\/v2\/posts\/20215\/revisions"}],"predecessor-version":[{"id":20222,"href":"https:\/\/www.opb.gob.mx\/portal\/index.php?rest_route=\/wp\/v2\/posts\/20215\/revisions\/20222"}],"wp:featuredmedia":[{"embeddable":true,"href":"https:\/\/www.opb.gob.mx\/portal\/index.php?rest_route=\/wp\/v2\/media\/20219"}],"wp:attachment":[{"href":"https:\/\/www.opb.gob.mx\/portal\/index.php?rest_route=%2Fwp%2Fv2%2Fmedia&parent=20215"}],"wp:term":[{"taxonomy":"category","embeddable":true,"href":"https:\/\/www.opb.gob.mx\/portal\/index.php?rest_route=%2Fwp%2Fv2%2Fcategories&post=20215"},{"taxonomy":"post_tag","embeddable":true,"href":"https:\/\/www.opb.gob.mx\/portal\/index.php?rest_route=%2Fwp%2Fv2%2Ftags&post=20215"}],"curies":[{"name":"wp","href":"https:\/\/api.w.org\/{rel}","templated":true}]}}