{"id":20563,"date":"2022-01-14T16:33:35","date_gmt":"2022-01-14T16:33:35","guid":{"rendered":"http:\/\/www.opb.gob.mx\/portal\/?p=20563"},"modified":"2022-06-07T16:51:53","modified_gmt":"2022-06-07T16:51:53","slug":"prepara-proteccion-civil-municipal-instalacion-de-comite-contra-incendios-forestales","status":"publish","type":"post","link":"https:\/\/www.opb.gob.mx\/portal\/?p=20563","title":{"rendered":"PREPARA PROTECCI\u00d3N CIVIL MUNICIPAL INSTALACI\u00d3N DE COMIT\u00c9 CONTRA INCENDIOS FORESTALES."},"content":{"rendered":"\t\t<div data-elementor-type=\"wp-post\" data-elementor-id=\"20563\" class=\"elementor elementor-20563\" data-elementor-settings=\"[]\">\n\t\t\t\t\t\t<div class=\"elementor-inner\">\n\t\t\t\t\t\t\t<div class=\"elementor-section-wrap\">\n\t\t\t\t\t\t\t<section class=\"elementor-section elementor-top-section elementor-element elementor-element-88ebac4 elementor-section-boxed elementor-section-height-default elementor-section-height-default\" data-id=\"88ebac4\" data-element_type=\"section\">\n\t\t\t\t\t\t<div class=\"elementor-container elementor-column-gap-default\">\n\t\t\t\t\t\t\t<div class=\"elementor-row\">\n\t\t\t\t\t<div class=\"elementor-column elementor-col-100 elementor-top-column elementor-element elementor-element-474ecee\" data-id=\"474ecee\" data-element_type=\"column\">\n\t\t\t<div class=\"elementor-column-wrap elementor-element-populated\">\n\t\t\t\t\t\t\t<div class=\"elementor-widget-wrap\">\n\t\t\t\t\t\t<div class=\"elementor-element elementor-element-4d67176 elementor-widget elementor-widget-text-editor\" data-id=\"4d67176\" data-element_type=\"widget\" data-widget_type=\"text-editor.default\">\n\t\t\t\t<div class=\"elementor-widget-container\">\n\t\t\t\t\t<div class=\"elementor-text-editor elementor-clearfix\"><p><strong>CHETUMAL, 14 de enero<\/strong>.- Como parte de la construcci\u00f3n de la sustentabilidad ambiental que est\u00e1 proyectada en el cuarto eje rector del plan de gobierno municipal del Ayuntamiento que encabeza Yensunni Mart\u00ednez Hern\u00e1ndez, autoridades de protecci\u00f3n civil de Oth\u00f3n P. Blanco, preparan la instalaci\u00f3n en breve del comit\u00e9 contra incendios forestales que estar\u00e1 operando del 16 de enero al 14 de julio del presente a\u00f1o.<\/p><p>\u00a0<\/p><p>Al respecto, el director de protecci\u00f3n civil municipal othonense, Pedro Santos Chuc, detall\u00f3 que cuentan con 10 brigadistas de la oficina a su cargo, mismos que ser\u00e1n capacitados por parte de la Comisi\u00f3n Nacional Forestal (CONAFOR) en las medidas y protocolos m\u00e1s recientes para prevenir y atender este tipo de contingencias que en su mayor\u00eda, son provocadas por la mano del ser humano, de ah\u00ed que tambi\u00e9n existe la comunicaci\u00f3n con autoridades estatales.<\/p><p>\u00a0<\/p><p>De ah\u00ed que mencion\u00f3, existe el c\u00e1lculo que las actividades humanas ocasionan el 99 por ciento de los incendios forestales y el resto tiene como causa, fen\u00f3menos naturales como descargas el\u00e9ctricas; y es que, de acuerdo con el promedio, casi la mitad de las deflagraciones son por actividades agropecuarias y de urbanizaci\u00f3n.<\/p><p>\u00a0<\/p><p>Explic\u00f3 que los incendios forestales pueden ocurrir en cualquier momento del a\u00f1o, pero el municipio que todos queremos est\u00e1 en la zona nacional considerada dentro del primer grupo de las dos temporadas de mayor incidencia que corresponde al centro, norte, noreste, sur, y sureste mexicanos.<\/p><p>\u00a0<\/p><p>En otro orden de ideas, Pedro Santos record\u00f3 que en el marco del programa especial \u201cGuadalupe Reyes\u201d, realizaron recorridos de inspecci\u00f3n en los principales balnearios del municipio othonense del 20 al 31 de diciembre con la participaci\u00f3n de instancias de los tres \u00f3rdenes de gobierno, afortunadamente con saldo blanco.<\/p><p>\u00a0<\/p><p>Para finalizar, el funcionario del Ayuntamiento de la transformaci\u00f3n, dijo que la direcci\u00f3n de protecci\u00f3n civil municipal a su cargo contin\u00faa trabajando de manera permanente en la limpieza de pozos de absorci\u00f3n y drenaje pluvial que ascienden a cuatro mil sitios aproximadamente, en distintos lugares de la ciudad capital y atienden constantemente los reportes de la ciudadan\u00eda.<\/p><\/div>\n\t\t\t\t<\/div>\n\t\t\t\t<\/div>\n\t\t\t\t\t\t<\/div>\n\t\t\t\t\t<\/div>\n\t\t<\/div>\n\t\t\t\t\t\t\t\t<\/div>\n\t\t\t\t\t<\/div>\n\t\t<\/section>\n\t\t\t\t<section class=\"elementor-section elementor-top-section elementor-element elementor-element-1c4b32c elementor-section-boxed elementor-section-height-default elementor-section-height-default\" data-id=\"1c4b32c\" data-element_type=\"section\">\n\t\t\t\t\t\t<div class=\"elementor-container elementor-column-gap-default\">\n\t\t\t\t\t\t\t<div class=\"elementor-row\">\n\t\t\t\t\t<div class=\"elementor-column elementor-col-100 elementor-top-column elementor-element elementor-element-0eae110\" data-id=\"0eae110\" data-element_type=\"column\">\n\t\t\t<div class=\"elementor-column-wrap elementor-element-populated\">\n\t\t\t\t\t\t\t<div class=\"elementor-widget-wrap\">\n\t\t\t\t\t\t<div class=\"elementor-element elementor-element-91729c1 elementor-widget elementor-widget-image-gallery\" data-id=\"91729c1\" data-element_type=\"widget\" data-widget_type=\"image-gallery.default\">\n\t\t\t\t<div class=\"elementor-widget-container\">\n\t\t\t\t\t<div class=\"elementor-image-gallery\">\n\t\t\t<div id='gallery-1' class='gallery galleryid-20563 gallery-columns-4 gallery-size-medium'><figure class='gallery-item'>\n\t\t\t<div class='gallery-icon landscape'>\n\t\t\t\t<a data-elementor-open-lightbox=\"yes\" data-elementor-lightbox-slideshow=\"91729c1\" data-elementor-lightbox-title=\"WhatsApp Image 2022-01-14 at 4.32.09 PM (2)\" href='https:\/\/www.opb.gob.mx\/portal\/wp-content\/uploads\/2022\/01\/WhatsApp-Image-2022-01-14-at-4.32.09-PM-2.jpeg'><img width=\"768\" height=\"456\" src=\"https:\/\/www.opb.gob.mx\/portal\/wp-content\/uploads\/2022\/01\/WhatsApp-Image-2022-01-14-at-4.32.09-PM-2-768x456.jpeg\" class=\"attachment-medium size-medium\" alt=\"\" loading=\"lazy\" \/><\/a>\n\t\t\t<\/div><\/figure><figure class='gallery-item'>\n\t\t\t<div class='gallery-icon landscape'>\n\t\t\t\t<a data-elementor-open-lightbox=\"yes\" data-elementor-lightbox-slideshow=\"91729c1\" data-elementor-lightbox-title=\"WhatsApp Image 2022-01-14 at 4.32.09 PM\" href='https:\/\/www.opb.gob.mx\/portal\/wp-content\/uploads\/2022\/01\/WhatsApp-Image-2022-01-14-at-4.32.09-PM.jpeg'><img width=\"720\" height=\"456\" src=\"https:\/\/www.opb.gob.mx\/portal\/wp-content\/uploads\/2022\/01\/WhatsApp-Image-2022-01-14-at-4.32.09-PM-720x456.jpeg\" class=\"attachment-medium size-medium\" alt=\"\" loading=\"lazy\" \/><\/a>\n\t\t\t<\/div><\/figure>\n\t\t<\/div>\n\t\t<\/div>\n\t\t\t\t<\/div>\n\t\t\t\t<\/div>\n\t\t\t\t\t\t<\/div>\n\t\t\t\t\t<\/div>\n\t\t<\/div>\n\t\t\t\t\t\t\t\t<\/div>\n\t\t\t\t\t<\/div>\n\t\t<\/section>\n\t\t\t\t\t\t<\/div>\n\t\t\t\t\t\t<\/div>\n\t\t\t\t\t<\/div>\n\t\t","protected":false},"excerpt":{"rendered":"<p>\u2022\tContinuar\u00e1 el trabajo coordinado con los tres \u00f3rdenes de gobierno para la prevenci\u00f3n y atenci\u00f3n de incendios forestales<\/p>\n","protected":false},"author":9,"featured_media":20564,"comment_status":"closed","ping_status":"open","sticky":false,"template":"","format":"standard","meta":[],"categories":[27],"tags":[],"_links":{"self":[{"href":"https:\/\/www.opb.gob.mx\/portal\/index.php?rest_route=\/wp\/v2\/posts\/20563"}],"collection":[{"href":"https:\/\/www.opb.gob.mx\/portal\/index.php?rest_route=\/wp\/v2\/posts"}],"about":[{"href":"https:\/\/www.opb.gob.mx\/portal\/index.php?rest_route=\/wp\/v2\/types\/post"}],"author":[{"embeddable":true,"href":"https:\/\/www.opb.gob.mx\/portal\/index.php?rest_route=\/wp\/v2\/users\/9"}],"replies":[{"embeddable":true,"href":"https:\/\/www.opb.gob.mx\/portal\/index.php?rest_route=%2Fwp%2Fv2%2Fcomments&post=20563"}],"version-history":[{"count":4,"href":"https:\/\/www.opb.gob.mx\/portal\/index.php?rest_route=\/wp\/v2\/posts\/20563\/revisions"}],"predecessor-version":[{"id":20569,"href":"https:\/\/www.opb.gob.mx\/portal\/index.php?rest_route=\/wp\/v2\/posts\/20563\/revisions\/20569"}],"wp:featuredmedia":[{"embeddable":true,"href":"https:\/\/www.opb.gob.mx\/portal\/index.php?rest_route=\/wp\/v2\/media\/20564"}],"wp:attachment":[{"href":"https:\/\/www.opb.gob.mx\/portal\/index.php?rest_route=%2Fwp%2Fv2%2Fmedia&parent=20563"}],"wp:term":[{"taxonomy":"category","embeddable":true,"href":"https:\/\/www.opb.gob.mx\/portal\/index.php?rest_route=%2Fwp%2Fv2%2Fcategories&post=20563"},{"taxonomy":"post_tag","embeddable":true,"href":"https:\/\/www.opb.gob.mx\/portal\/index.php?rest_route=%2Fwp%2Fv2%2Ftags&post=20563"}],"curies":[{"name":"wp","href":"https:\/\/api.w.org\/{rel}","templated":true}]}}