{"id":20596,"date":"2022-01-17T16:31:30","date_gmt":"2022-01-17T16:31:30","guid":{"rendered":"http:\/\/www.opb.gob.mx\/portal\/?p=20596"},"modified":"2022-06-07T16:51:46","modified_gmt":"2022-06-07T16:51:46","slug":"cumple-yensunni-martinez-su-palabra-de-entregar-camion-recolector-de-residuos-solidos-a-la-alcaldia-de-calderitas","status":"publish","type":"post","link":"https:\/\/www.opb.gob.mx\/portal\/?p=20596","title":{"rendered":"CUMPLE YENSUNNI MART\u00cdNEZ SU PALABRA DE ENTREGAR CAMI\u00d3N RECOLECTOR DE RESIDUOS S\u00d3LIDOS A LA ALCALD\u00cdA DE CALDERITAS."},"content":{"rendered":"\t\t<div data-elementor-type=\"wp-post\" data-elementor-id=\"20596\" class=\"elementor elementor-20596\" data-elementor-settings=\"[]\">\n\t\t\t\t\t\t<div class=\"elementor-inner\">\n\t\t\t\t\t\t\t<div class=\"elementor-section-wrap\">\n\t\t\t\t\t\t\t<section class=\"elementor-section elementor-top-section elementor-element elementor-element-bec8524 elementor-section-boxed elementor-section-height-default elementor-section-height-default\" data-id=\"bec8524\" data-element_type=\"section\">\n\t\t\t\t\t\t<div class=\"elementor-container elementor-column-gap-default\">\n\t\t\t\t\t\t\t<div class=\"elementor-row\">\n\t\t\t\t\t<div class=\"elementor-column elementor-col-100 elementor-top-column elementor-element elementor-element-2407ceb\" data-id=\"2407ceb\" data-element_type=\"column\">\n\t\t\t<div class=\"elementor-column-wrap elementor-element-populated\">\n\t\t\t\t\t\t\t<div class=\"elementor-widget-wrap\">\n\t\t\t\t\t\t<div class=\"elementor-element elementor-element-e31b320 elementor-widget elementor-widget-text-editor\" data-id=\"e31b320\" data-element_type=\"widget\" data-widget_type=\"text-editor.default\">\n\t\t\t\t<div class=\"elementor-widget-container\">\n\t\t\t\t\t<div class=\"elementor-text-editor elementor-clearfix\"><p>Calderitas, OPB, Quintana Roo, 17 de enero.- La Alcald\u00eda de Calderitas y poblados cercanos finalmente obtuvieron respuesta a una petici\u00f3n de hace muchos a\u00f1os; derivado del trabajo sin excusas que comprometi\u00f3 la presidenta municipal de Oth\u00f3n P. Blanco, Yensunni Mart\u00ednez Hern\u00e1ndez; este inicio de semana, las y los othonenses de la regi\u00f3n en menci\u00f3n, recibieron un cami\u00f3n recolector de residuos s\u00f3lidos que ser\u00e1 exclusivamente para ellos.<\/p><p>En representaci\u00f3n de la alcaldesa, el director de servicios p\u00fablicos municipales del municipio Oth\u00f3n P. Blanco, Luis Mario Ram\u00edrez Campos, entreg\u00f3 el cami\u00f3n recolector de residuos s\u00f3lidos que es propiedad del Ayuntamiento de la transformaci\u00f3n y fue producto de gestiones oportunas y eficiencia en el ejercicio del gasto p\u00fablico al ser rehabilitado en los talleres municipales.<\/p><p>En esta entrega, el funcionario municipal dijo que el cami\u00f3n recolector fue un compromiso que la presidenta municipal Yensunni Mart\u00ednez hizo con los trabajadores de la direcci\u00f3n de limpia, ya que esta unidad estaba abandonada en las instalaciones de la direcci\u00f3n, sin embargo, ahora fue reparada y ya se encuentra en \u00f3ptimas condiciones para trabajar.<\/p><p>Ram\u00edrez Campos dijo que Calderitas y poblaciones aleda\u00f1as como Luis Echeverr\u00eda, Raudales, Laguna Guerrero, y la zona de Oxtankah; ahora son agregadas a la lista de comunidades que ya cuentan con camiones recolectores de basura como son: Nicol\u00e1s Bravo, Mahahual, y Javier Rojo G\u00f3mez.<\/p><p>Por su parte el alcalde de Calderitas, Mario Uh V\u00e1zquez, agradeci\u00f3 el compromiso cumplido de la presidenta Yensunni Mart\u00ednez y a\u00f1adi\u00f3 que este cami\u00f3n, sin duda solucionar\u00e1 la problem\u00e1tica de la recolecta de residuos s\u00f3lidos en su comunidad que era una situaci\u00f3n de anta\u00f1o.<\/p><p>Cabe mencionar que la direcci\u00f3n de servicios p\u00fablicos municipales actualmente cuenta con 12 camiones recolectores de residuos s\u00f3lidos y un volquete con el que diariamente recogen 340 toneladas de desechos en la ciudad capital.<\/p><p>Asimismo, la direcci\u00f3n de servicios p\u00fablicos tambi\u00e9n brinda el servicio de recoja de muebles, colchones, y refrigeradores, adem\u00e1s de art\u00edculos que, por su tama\u00f1o, no pueden transportar los camiones convencionales para lo cual, utilizan el volquete en menci\u00f3n con previa solicitud para este servicio en la l\u00ednea de atenci\u00f3n ciudadana 072 o al tel\u00e9fono 98328 55005 de dicha instancia en el Ayuntamiento de la transformaci\u00f3n.<\/p><\/div>\n\t\t\t\t<\/div>\n\t\t\t\t<\/div>\n\t\t\t\t\t\t<\/div>\n\t\t\t\t\t<\/div>\n\t\t<\/div>\n\t\t\t\t\t\t\t\t<\/div>\n\t\t\t\t\t<\/div>\n\t\t<\/section>\n\t\t\t\t<section class=\"elementor-section elementor-top-section elementor-element elementor-element-4835971 elementor-section-boxed elementor-section-height-default elementor-section-height-default\" data-id=\"4835971\" data-element_type=\"section\">\n\t\t\t\t\t\t<div class=\"elementor-container elementor-column-gap-default\">\n\t\t\t\t\t\t\t<div class=\"elementor-row\">\n\t\t\t\t\t<div class=\"elementor-column elementor-col-100 elementor-top-column elementor-element elementor-element-435b733\" data-id=\"435b733\" data-element_type=\"column\">\n\t\t\t<div class=\"elementor-column-wrap elementor-element-populated\">\n\t\t\t\t\t\t\t<div class=\"elementor-widget-wrap\">\n\t\t\t\t\t\t<div class=\"elementor-element elementor-element-57e9830 elementor-widget elementor-widget-image-gallery\" data-id=\"57e9830\" data-element_type=\"widget\" data-widget_type=\"image-gallery.default\">\n\t\t\t\t<div class=\"elementor-widget-container\">\n\t\t\t\t\t<div class=\"elementor-image-gallery\">\n\t\t\t<div id='gallery-1' class='gallery galleryid-20596 gallery-columns-4 gallery-size-medium'><figure class='gallery-item'>\n\t\t\t<div class='gallery-icon portrait'>\n\t\t\t\t<a data-elementor-open-lightbox=\"yes\" data-elementor-lightbox-slideshow=\"57e9830\" data-elementor-lightbox-title=\"WhatsApp Image 2022-01-17 at 4.06.09 PM\" href='https:\/\/www.opb.gob.mx\/portal\/wp-content\/uploads\/2022\/01\/WhatsApp-Image-2022-01-17-at-4.06.09-PM.jpeg'><img width=\"768\" height=\"456\" src=\"https:\/\/www.opb.gob.mx\/portal\/wp-content\/uploads\/2022\/01\/WhatsApp-Image-2022-01-17-at-4.06.09-PM-768x456.jpeg\" class=\"attachment-medium size-medium\" alt=\"\" loading=\"lazy\" \/><\/a>\n\t\t\t<\/div><\/figure><figure class='gallery-item'>\n\t\t\t<div class='gallery-icon portrait'>\n\t\t\t\t<a data-elementor-open-lightbox=\"yes\" data-elementor-lightbox-slideshow=\"57e9830\" data-elementor-lightbox-title=\"WhatsApp Image 2022-01-17 at 4.06.08 PM\" href='https:\/\/www.opb.gob.mx\/portal\/wp-content\/uploads\/2022\/01\/WhatsApp-Image-2022-01-17-at-4.06.08-PM.jpeg'><img width=\"768\" height=\"456\" src=\"https:\/\/www.opb.gob.mx\/portal\/wp-content\/uploads\/2022\/01\/WhatsApp-Image-2022-01-17-at-4.06.08-PM-768x456.jpeg\" class=\"attachment-medium size-medium\" alt=\"\" loading=\"lazy\" \/><\/a>\n\t\t\t<\/div><\/figure><figure class='gallery-item'>\n\t\t\t<div class='gallery-icon portrait'>\n\t\t\t\t<a data-elementor-open-lightbox=\"yes\" data-elementor-lightbox-slideshow=\"57e9830\" data-elementor-lightbox-title=\"WhatsApp Image 2022-01-17 at 4.06.10 PM\" href='https:\/\/www.opb.gob.mx\/portal\/wp-content\/uploads\/2022\/01\/WhatsApp-Image-2022-01-17-at-4.06.10-PM.jpeg'><img width=\"720\" height=\"456\" src=\"https:\/\/www.opb.gob.mx\/portal\/wp-content\/uploads\/2022\/01\/WhatsApp-Image-2022-01-17-at-4.06.10-PM-720x456.jpeg\" class=\"attachment-medium size-medium\" alt=\"\" loading=\"lazy\" \/><\/a>\n\t\t\t<\/div><\/figure><figure class='gallery-item'>\n\t\t\t<div class='gallery-icon landscape'>\n\t\t\t\t<a data-elementor-open-lightbox=\"yes\" data-elementor-lightbox-slideshow=\"57e9830\" data-elementor-lightbox-title=\"WhatsApp Image 2022-01-17 at 4.06.10 PM (1)\" href='https:\/\/www.opb.gob.mx\/portal\/wp-content\/uploads\/2022\/01\/WhatsApp-Image-2022-01-17-at-4.06.10-PM-1.jpeg'><img width=\"768\" height=\"456\" src=\"https:\/\/www.opb.gob.mx\/portal\/wp-content\/uploads\/2022\/01\/WhatsApp-Image-2022-01-17-at-4.06.10-PM-1-768x456.jpeg\" class=\"attachment-medium size-medium\" alt=\"\" loading=\"lazy\" srcset=\"https:\/\/www.opb.gob.mx\/portal\/wp-content\/uploads\/2022\/01\/WhatsApp-Image-2022-01-17-at-4.06.10-PM-1-768x456.jpeg 768w, https:\/\/www.opb.gob.mx\/portal\/wp-content\/uploads\/2022\/01\/WhatsApp-Image-2022-01-17-at-4.06.10-PM-1-1170x694.jpeg 1170w\" sizes=\"(max-width: 768px) 100vw, 768px\" \/><\/a>\n\t\t\t<\/div><\/figure>\n\t\t<\/div>\n\t\t<\/div>\n\t\t\t\t<\/div>\n\t\t\t\t<\/div>\n\t\t\t\t\t\t<\/div>\n\t\t\t\t\t<\/div>\n\t\t<\/div>\n\t\t\t\t\t\t\t\t<\/div>\n\t\t\t\t\t<\/div>\n\t\t<\/section>\n\t\t\t\t\t\t<\/div>\n\t\t\t\t\t\t<\/div>\n\t\t\t\t\t<\/div>\n\t\t","protected":false},"excerpt":{"rendered":"<p>Con esta unidad, las y los othonenses de Calderitas y poblados cercanos reciben respuesta pronta a una solicitud de varios a\u00f1os.<br \/>\n28\/2022.<\/p>\n","protected":false},"author":9,"featured_media":20597,"comment_status":"closed","ping_status":"open","sticky":false,"template":"","format":"standard","meta":[],"categories":[27],"tags":[],"_links":{"self":[{"href":"https:\/\/www.opb.gob.mx\/portal\/index.php?rest_route=\/wp\/v2\/posts\/20596"}],"collection":[{"href":"https:\/\/www.opb.gob.mx\/portal\/index.php?rest_route=\/wp\/v2\/posts"}],"about":[{"href":"https:\/\/www.opb.gob.mx\/portal\/index.php?rest_route=\/wp\/v2\/types\/post"}],"author":[{"embeddable":true,"href":"https:\/\/www.opb.gob.mx\/portal\/index.php?rest_route=\/wp\/v2\/users\/9"}],"replies":[{"embeddable":true,"href":"https:\/\/www.opb.gob.mx\/portal\/index.php?rest_route=%2Fwp%2Fv2%2Fcomments&post=20596"}],"version-history":[{"count":3,"href":"https:\/\/www.opb.gob.mx\/portal\/index.php?rest_route=\/wp\/v2\/posts\/20596\/revisions"}],"predecessor-version":[{"id":20603,"href":"https:\/\/www.opb.gob.mx\/portal\/index.php?rest_route=\/wp\/v2\/posts\/20596\/revisions\/20603"}],"wp:featuredmedia":[{"embeddable":true,"href":"https:\/\/www.opb.gob.mx\/portal\/index.php?rest_route=\/wp\/v2\/media\/20597"}],"wp:attachment":[{"href":"https:\/\/www.opb.gob.mx\/portal\/index.php?rest_route=%2Fwp%2Fv2%2Fmedia&parent=20596"}],"wp:term":[{"taxonomy":"category","embeddable":true,"href":"https:\/\/www.opb.gob.mx\/portal\/index.php?rest_route=%2Fwp%2Fv2%2Fcategories&post=20596"},{"taxonomy":"post_tag","embeddable":true,"href":"https:\/\/www.opb.gob.mx\/portal\/index.php?rest_route=%2Fwp%2Fv2%2Ftags&post=20596"}],"curies":[{"name":"wp","href":"https:\/\/api.w.org\/{rel}","templated":true}]}}