{"id":20668,"date":"2022-01-20T17:04:59","date_gmt":"2022-01-20T17:04:59","guid":{"rendered":"http:\/\/www.opb.gob.mx\/portal\/?p=20668"},"modified":"2022-06-07T16:51:31","modified_gmt":"2022-06-07T16:51:31","slug":"capacitacion-constante-para-mejorar-servicios-y-eficientar-trabajo-en-el-ayuntamiento-de-la-transformacion","status":"publish","type":"post","link":"https:\/\/www.opb.gob.mx\/portal\/?p=20668","title":{"rendered":"CAPACITACI\u00d3N CONSTANTE PARA MEJORAR SERVICIOS Y EFICIENTAR TRABAJO EN EL AYUNTAMIENTO DE LA TRANSFORMACI\u00d3N."},"content":{"rendered":"\t\t<div data-elementor-type=\"wp-post\" data-elementor-id=\"20668\" class=\"elementor elementor-20668\" data-elementor-settings=\"[]\">\n\t\t\t\t\t\t<div class=\"elementor-inner\">\n\t\t\t\t\t\t\t<div class=\"elementor-section-wrap\">\n\t\t\t\t\t\t\t<section class=\"elementor-section elementor-top-section elementor-element elementor-element-6857ca4 elementor-section-boxed elementor-section-height-default elementor-section-height-default\" data-id=\"6857ca4\" data-element_type=\"section\">\n\t\t\t\t\t\t<div class=\"elementor-container elementor-column-gap-default\">\n\t\t\t\t\t\t\t<div class=\"elementor-row\">\n\t\t\t\t\t<div class=\"elementor-column elementor-col-100 elementor-top-column elementor-element elementor-element-51dbd73\" data-id=\"51dbd73\" data-element_type=\"column\">\n\t\t\t<div class=\"elementor-column-wrap elementor-element-populated\">\n\t\t\t\t\t\t\t<div class=\"elementor-widget-wrap\">\n\t\t\t\t\t\t<div class=\"elementor-element elementor-element-07c8a7e elementor-widget elementor-widget-text-editor\" data-id=\"07c8a7e\" data-element_type=\"widget\" data-widget_type=\"text-editor.default\">\n\t\t\t\t<div class=\"elementor-widget-container\">\n\t\t\t\t\t<div class=\"elementor-text-editor elementor-clearfix\"><p>Chetumal, Quintana Roo, 20 de enero.- En estrategia para fortalecer las habilidades laborales de la base trabajadora del Ayuntamiento de la transformaci\u00f3n y beneficiar a las y los ciudadanos de las comunidades rurales y zonas urbanas que deseen mejorar sus condiciones de vida a trav\u00e9s de la capacitaci\u00f3n focalizada a la productividad, este jueves, la presidenta municipal Yensunni Mart\u00ednez Hern\u00e1ndez firm\u00f3 un convenio de colaboraci\u00f3n con la directora general del ICATQRoo, Mar\u00eda Cristina Coronado Cruz.<\/p><p>Ante la presencia de funcionarios del Ayuntamiento y del ICATQRoo, la presidenta Yensunni Mart\u00ednez agradeci\u00f3 la firma del convenio que es parte de la construcci\u00f3n de alianzas con diversos organismos para que en unidad, autoridades de los tres \u00f3rdenes de gobierno y sociedad puedan construir el municipio que todas y todos queremos.<\/p><p>La firma de convenio aporta a la reactivaci\u00f3n econ\u00f3mica de las familias othonenses como ha sido desde un principio el eje prioritario n\u00famero uno de la administraci\u00f3n municipal que encabeza Yensunni Mart\u00ednez donde el objetivo es impulsar la prosperidad econ\u00f3mica.<\/p><p>Dicho convenio fue firmado en el despacho de la presidenta municipal y est\u00e1 encaminado a tres l\u00edneas de capacitaci\u00f3n; la primera de ellas, sobre la administraci\u00f3n p\u00fablica, asistencia social, comunicaci\u00f3n, educaci\u00f3n, equipos y sistemas, tecnolog\u00edas de la informaci\u00f3n, imagen y bienestar personal, medio ambiente, salud, y turismo.<\/p><p>La segunda es sobre especialidades en general como temas agropecuarios, artesanales, automotor, construcci\u00f3n, electricidad, electr\u00f3nica, industrial, mecatr\u00f3nica, metalmec\u00e1nica, procesos de producci\u00f3n industrial, refrigeraci\u00f3n y aires acondicionados, y hoteler\u00eda. Asimismo, la tercera l\u00ednea de capacitaci\u00f3n es sobre un diplomado para formaci\u00f3n de gu\u00edas generales de turistas.<\/p><p>Y es que los objetivos del documento, establecen las bases de colaboraci\u00f3n, para llevar a cabo cursos de capacitaci\u00f3n que fortalezca las capacidades laborales de los trabajadores del Ayuntamiento de Oth\u00f3n P. Blanco, al tiempo de ofertar cursos a las comunidades rurales y zonas urbanas a fin de fomentar habilidades que generan un impacto econ\u00f3mico y mejoren sus condiciones de vida.<\/p><\/div>\n\t\t\t\t<\/div>\n\t\t\t\t<\/div>\n\t\t\t\t\t\t<\/div>\n\t\t\t\t\t<\/div>\n\t\t<\/div>\n\t\t\t\t\t\t\t\t<\/div>\n\t\t\t\t\t<\/div>\n\t\t<\/section>\n\t\t\t\t<section class=\"elementor-section elementor-top-section elementor-element elementor-element-83894ba elementor-section-boxed elementor-section-height-default elementor-section-height-default\" data-id=\"83894ba\" data-element_type=\"section\">\n\t\t\t\t\t\t<div class=\"elementor-container elementor-column-gap-default\">\n\t\t\t\t\t\t\t<div class=\"elementor-row\">\n\t\t\t\t\t<div class=\"elementor-column elementor-col-100 elementor-top-column elementor-element elementor-element-a8c7576\" data-id=\"a8c7576\" data-element_type=\"column\">\n\t\t\t<div class=\"elementor-column-wrap elementor-element-populated\">\n\t\t\t\t\t\t\t<div class=\"elementor-widget-wrap\">\n\t\t\t\t\t\t<div class=\"elementor-element elementor-element-c9a31ff elementor-widget elementor-widget-image-gallery\" data-id=\"c9a31ff\" data-element_type=\"widget\" data-widget_type=\"image-gallery.default\">\n\t\t\t\t<div class=\"elementor-widget-container\">\n\t\t\t\t\t<div class=\"elementor-image-gallery\">\n\t\t\t<div id='gallery-1' class='gallery galleryid-20668 gallery-columns-4 gallery-size-medium'><figure class='gallery-item'>\n\t\t\t<div class='gallery-icon landscape'>\n\t\t\t\t<a data-elementor-open-lightbox=\"yes\" data-elementor-lightbox-slideshow=\"c9a31ff\" data-elementor-lightbox-title=\"WhatsApp Image 2022-01-20 at 5.02.03 PM\" href='https:\/\/www.opb.gob.mx\/portal\/wp-content\/uploads\/2022\/01\/WhatsApp-Image-2022-01-20-at-5.02.03-PM.jpeg'><img width=\"768\" height=\"456\" src=\"https:\/\/www.opb.gob.mx\/portal\/wp-content\/uploads\/2022\/01\/WhatsApp-Image-2022-01-20-at-5.02.03-PM-768x456.jpeg\" class=\"attachment-medium size-medium\" alt=\"\" loading=\"lazy\" srcset=\"https:\/\/www.opb.gob.mx\/portal\/wp-content\/uploads\/2022\/01\/WhatsApp-Image-2022-01-20-at-5.02.03-PM-768x456.jpeg 768w, https:\/\/www.opb.gob.mx\/portal\/wp-content\/uploads\/2022\/01\/WhatsApp-Image-2022-01-20-at-5.02.03-PM-1170x694.jpeg 1170w\" sizes=\"(max-width: 768px) 100vw, 768px\" \/><\/a>\n\t\t\t<\/div><\/figure><figure class='gallery-item'>\n\t\t\t<div class='gallery-icon landscape'>\n\t\t\t\t<a data-elementor-open-lightbox=\"yes\" data-elementor-lightbox-slideshow=\"c9a31ff\" data-elementor-lightbox-title=\"WhatsApp Image 2022-01-20 at 5.02.03 PM (1)\" href='https:\/\/www.opb.gob.mx\/portal\/wp-content\/uploads\/2022\/01\/WhatsApp-Image-2022-01-20-at-5.02.03-PM-1.jpeg'><img width=\"768\" height=\"456\" src=\"https:\/\/www.opb.gob.mx\/portal\/wp-content\/uploads\/2022\/01\/WhatsApp-Image-2022-01-20-at-5.02.03-PM-1-768x456.jpeg\" class=\"attachment-medium size-medium\" alt=\"\" loading=\"lazy\" srcset=\"https:\/\/www.opb.gob.mx\/portal\/wp-content\/uploads\/2022\/01\/WhatsApp-Image-2022-01-20-at-5.02.03-PM-1-768x456.jpeg 768w, https:\/\/www.opb.gob.mx\/portal\/wp-content\/uploads\/2022\/01\/WhatsApp-Image-2022-01-20-at-5.02.03-PM-1-1170x694.jpeg 1170w\" sizes=\"(max-width: 768px) 100vw, 768px\" \/><\/a>\n\t\t\t<\/div><\/figure><figure class='gallery-item'>\n\t\t\t<div class='gallery-icon landscape'>\n\t\t\t\t<a data-elementor-open-lightbox=\"yes\" data-elementor-lightbox-slideshow=\"c9a31ff\" data-elementor-lightbox-title=\"WhatsApp Image 2022-01-20 at 5.02.04 PM\" href='https:\/\/www.opb.gob.mx\/portal\/wp-content\/uploads\/2022\/01\/WhatsApp-Image-2022-01-20-at-5.02.04-PM.jpeg'><img width=\"768\" height=\"456\" src=\"https:\/\/www.opb.gob.mx\/portal\/wp-content\/uploads\/2022\/01\/WhatsApp-Image-2022-01-20-at-5.02.04-PM-768x456.jpeg\" class=\"attachment-medium size-medium\" alt=\"\" loading=\"lazy\" srcset=\"https:\/\/www.opb.gob.mx\/portal\/wp-content\/uploads\/2022\/01\/WhatsApp-Image-2022-01-20-at-5.02.04-PM-768x456.jpeg 768w, https:\/\/www.opb.gob.mx\/portal\/wp-content\/uploads\/2022\/01\/WhatsApp-Image-2022-01-20-at-5.02.04-PM-1170x694.jpeg 1170w\" sizes=\"(max-width: 768px) 100vw, 768px\" \/><\/a>\n\t\t\t<\/div><\/figure>\n\t\t<\/div>\n\t\t<\/div>\n\t\t\t\t<\/div>\n\t\t\t\t<\/div>\n\t\t\t\t\t\t<\/div>\n\t\t\t\t\t<\/div>\n\t\t<\/div>\n\t\t\t\t\t\t\t\t<\/div>\n\t\t\t\t\t<\/div>\n\t\t<\/section>\n\t\t\t\t\t\t<\/div>\n\t\t\t\t\t\t<\/div>\n\t\t\t\t\t<\/div>\n\t\t","protected":false},"excerpt":{"rendered":"<p>Firma de convenio con el ICATQRoo pone en posibilidad de capacitar al personal de OPB en tres l\u00edneas.<br \/>\n34\/2022.<\/p>\n","protected":false},"author":9,"featured_media":20669,"comment_status":"closed","ping_status":"open","sticky":false,"template":"","format":"standard","meta":[],"categories":[27],"tags":[],"_links":{"self":[{"href":"https:\/\/www.opb.gob.mx\/portal\/index.php?rest_route=\/wp\/v2\/posts\/20668"}],"collection":[{"href":"https:\/\/www.opb.gob.mx\/portal\/index.php?rest_route=\/wp\/v2\/posts"}],"about":[{"href":"https:\/\/www.opb.gob.mx\/portal\/index.php?rest_route=\/wp\/v2\/types\/post"}],"author":[{"embeddable":true,"href":"https:\/\/www.opb.gob.mx\/portal\/index.php?rest_route=\/wp\/v2\/users\/9"}],"replies":[{"embeddable":true,"href":"https:\/\/www.opb.gob.mx\/portal\/index.php?rest_route=%2Fwp%2Fv2%2Fcomments&post=20668"}],"version-history":[{"count":3,"href":"https:\/\/www.opb.gob.mx\/portal\/index.php?rest_route=\/wp\/v2\/posts\/20668\/revisions"}],"predecessor-version":[{"id":20674,"href":"https:\/\/www.opb.gob.mx\/portal\/index.php?rest_route=\/wp\/v2\/posts\/20668\/revisions\/20674"}],"wp:featuredmedia":[{"embeddable":true,"href":"https:\/\/www.opb.gob.mx\/portal\/index.php?rest_route=\/wp\/v2\/media\/20669"}],"wp:attachment":[{"href":"https:\/\/www.opb.gob.mx\/portal\/index.php?rest_route=%2Fwp%2Fv2%2Fmedia&parent=20668"}],"wp:term":[{"taxonomy":"category","embeddable":true,"href":"https:\/\/www.opb.gob.mx\/portal\/index.php?rest_route=%2Fwp%2Fv2%2Fcategories&post=20668"},{"taxonomy":"post_tag","embeddable":true,"href":"https:\/\/www.opb.gob.mx\/portal\/index.php?rest_route=%2Fwp%2Fv2%2Ftags&post=20668"}],"curies":[{"name":"wp","href":"https:\/\/api.w.org\/{rel}","templated":true}]}}