{"id":20676,"date":"2022-01-21T16:31:04","date_gmt":"2022-01-21T16:31:04","guid":{"rendered":"http:\/\/www.opb.gob.mx\/portal\/?p=20676"},"modified":"2022-06-07T16:51:27","modified_gmt":"2022-06-07T16:51:27","slug":"fomenta-ayuntamiento-de-la-transformacion-la-profesionalizacion-de-prestadores-de-servicios-turisticos","status":"publish","type":"post","link":"https:\/\/www.opb.gob.mx\/portal\/?p=20676","title":{"rendered":"FOMENTA AYUNTAMIENTO DE LA TRANSFORMACI\u00d3N LA PROFESIONALIZACI\u00d3N DE PRESTADORES DE SERVICIOS TUR\u00cdSTICOS."},"content":{"rendered":"\t\t<div data-elementor-type=\"wp-post\" data-elementor-id=\"20676\" class=\"elementor elementor-20676\" data-elementor-settings=\"[]\">\n\t\t\t\t\t\t<div class=\"elementor-inner\">\n\t\t\t\t\t\t\t<div class=\"elementor-section-wrap\">\n\t\t\t\t\t\t\t<section class=\"elementor-section elementor-top-section elementor-element elementor-element-1a513a5 elementor-section-boxed elementor-section-height-default elementor-section-height-default\" data-id=\"1a513a5\" data-element_type=\"section\">\n\t\t\t\t\t\t<div class=\"elementor-container elementor-column-gap-default\">\n\t\t\t\t\t\t\t<div class=\"elementor-row\">\n\t\t\t\t\t<div class=\"elementor-column elementor-col-100 elementor-top-column elementor-element elementor-element-1ed63be\" data-id=\"1ed63be\" data-element_type=\"column\">\n\t\t\t<div class=\"elementor-column-wrap elementor-element-populated\">\n\t\t\t\t\t\t\t<div class=\"elementor-widget-wrap\">\n\t\t\t\t\t\t<div class=\"elementor-element elementor-element-f152923 elementor-widget elementor-widget-text-editor\" data-id=\"f152923\" data-element_type=\"widget\" data-widget_type=\"text-editor.default\">\n\t\t\t\t<div class=\"elementor-widget-container\">\n\t\t\t\t\t<div class=\"elementor-text-editor elementor-clearfix\"><p>CHETUMAL, 21 de enero.- Como parte del compromiso propuesto en el segundo eje prioritario de la administraci\u00f3n municipal que encabeza la presidenta Yensunni Mart\u00ednez Hern\u00e1ndez, enfocado a impulsar programas y acciones sociales, esta ma\u00f1ana inici\u00f3 la capacitaci\u00f3n de un grupo del sector restaurantero de la localidad de Calderitas, con el fin de brindarles mayores y mejores herramientas para la atenci\u00f3n de turistas nacionales y extranjeros que visitan este destino gastron\u00f3mico de la ciudad capital.<\/p><p>El director de turismo del Ayuntamiento de la transformaci\u00f3n, Luis Armando Gonz\u00e1lez Salazar, agradeci\u00f3 la participaci\u00f3n de los restauranteros al curso de capacitaci\u00f3n denominado \u201cCultura Tur\u00edstica y Calidad en el Servicios\u201d, el cual tiene por objetivo la formaci\u00f3n, actualizaci\u00f3n, y mejoramiento del recurso humano del sector gastron\u00f3mico de Calderitas.<\/p><p>Lo anterior, en funci\u00f3n para la \u00f3ptima atenci\u00f3n de los turistas y visitantes como parte de las estrategias para el mejoramiento del destino, as\u00ed como prepararlos ante la conclusi\u00f3n en puerta de las obras de mejoramiento de imagen de la localidad en el municipio que todas y todos queremos.<\/p><p>La capacitaci\u00f3n, con todas las medidas sanitarias ante la Pandemia por COVID19, est\u00e1 dirigida a 25 prestadores de servicios tur\u00edsticos de Calderitas, quienes han mostrado su inter\u00e9s en la profesionalizaci\u00f3n de sus servicios y cumplir con las normas establecidas para el \u00f3ptimo funcionamiento de sus establecimientos, la sede del curso fue en el restaurante \u201cEl Santuario del Manat\u00ed\u201d.<\/p><p>Cabe mencionar que las palabras de inauguraci\u00f3n del curso estuvieron a cargo del subsecretario de planeaci\u00f3n y desarrollo tur\u00edstico de la SEDETUR, Omar Govea Hern\u00e1ndez qui\u00e9n invit\u00f3 a los participantes a obtener la Certificaci\u00f3n en Protecci\u00f3n y Prevenci\u00f3n Sanitaria en Instalaciones Tur\u00edsticas, esto en relaci\u00f3n con el aumento de contagios de COVID19 en la entidad, y para preservar la reapertura de los negocios, as\u00ed como la reactivaci\u00f3n econ\u00f3mica.<\/p><p>Y es que las acciones coordinadas de la direcci\u00f3n de turismo municipal con los otros dos \u00f3rdenes de gobierno, prev\u00e9n m\u00e1s actividades de forma conjunta para seguir capacitando a quienes prestan servicios a las y los visitantes del municipio othonense para que con la calidad de atenci\u00f3n, podamos generar la publicidad de \u201cboca en boca\u201d por la buena experiencia que el turismo lleve de regreso a sus lugares de origen.<\/p><\/div>\n\t\t\t\t<\/div>\n\t\t\t\t<\/div>\n\t\t\t\t\t\t<\/div>\n\t\t\t\t\t<\/div>\n\t\t<\/div>\n\t\t\t\t\t\t\t\t<\/div>\n\t\t\t\t\t<\/div>\n\t\t<\/section>\n\t\t\t\t<section class=\"elementor-section elementor-top-section elementor-element elementor-element-d0f16c7 elementor-section-boxed elementor-section-height-default elementor-section-height-default\" data-id=\"d0f16c7\" data-element_type=\"section\">\n\t\t\t\t\t\t<div class=\"elementor-container elementor-column-gap-default\">\n\t\t\t\t\t\t\t<div class=\"elementor-row\">\n\t\t\t\t\t<div class=\"elementor-column elementor-col-100 elementor-top-column elementor-element elementor-element-e083e61\" data-id=\"e083e61\" data-element_type=\"column\">\n\t\t\t<div class=\"elementor-column-wrap elementor-element-populated\">\n\t\t\t\t\t\t\t<div class=\"elementor-widget-wrap\">\n\t\t\t\t\t\t<div class=\"elementor-element elementor-element-b2d108d elementor-widget elementor-widget-image-gallery\" data-id=\"b2d108d\" data-element_type=\"widget\" data-widget_type=\"image-gallery.default\">\n\t\t\t\t<div class=\"elementor-widget-container\">\n\t\t\t\t\t<div class=\"elementor-image-gallery\">\n\t\t\t<div id='gallery-1' class='gallery galleryid-20676 gallery-columns-4 gallery-size-medium'><figure class='gallery-item'>\n\t\t\t<div class='gallery-icon portrait'>\n\t\t\t\t<a data-elementor-open-lightbox=\"yes\" data-elementor-lightbox-slideshow=\"b2d108d\" data-elementor-lightbox-title=\"WhatsApp Image 2022-01-21 at 2.34.28 PM\" href='https:\/\/www.opb.gob.mx\/portal\/wp-content\/uploads\/2022\/01\/WhatsApp-Image-2022-01-21-at-2.34.28-PM.jpeg'><img width=\"768\" height=\"456\" src=\"https:\/\/www.opb.gob.mx\/portal\/wp-content\/uploads\/2022\/01\/WhatsApp-Image-2022-01-21-at-2.34.28-PM-768x456.jpeg\" class=\"attachment-medium size-medium\" alt=\"\" loading=\"lazy\" srcset=\"https:\/\/www.opb.gob.mx\/portal\/wp-content\/uploads\/2022\/01\/WhatsApp-Image-2022-01-21-at-2.34.28-PM-768x456.jpeg 768w, https:\/\/www.opb.gob.mx\/portal\/wp-content\/uploads\/2022\/01\/WhatsApp-Image-2022-01-21-at-2.34.28-PM-1170x694.jpeg 1170w\" sizes=\"(max-width: 768px) 100vw, 768px\" \/><\/a>\n\t\t\t<\/div><\/figure><figure class='gallery-item'>\n\t\t\t<div class='gallery-icon portrait'>\n\t\t\t\t<a data-elementor-open-lightbox=\"yes\" data-elementor-lightbox-slideshow=\"b2d108d\" data-elementor-lightbox-title=\"WhatsApp Image 2022-01-21 at 2.34.28 PM (1)\" href='https:\/\/www.opb.gob.mx\/portal\/wp-content\/uploads\/2022\/01\/WhatsApp-Image-2022-01-21-at-2.34.28-PM-1.jpeg'><img width=\"768\" height=\"456\" src=\"https:\/\/www.opb.gob.mx\/portal\/wp-content\/uploads\/2022\/01\/WhatsApp-Image-2022-01-21-at-2.34.28-PM-1-768x456.jpeg\" class=\"attachment-medium size-medium\" alt=\"\" loading=\"lazy\" srcset=\"https:\/\/www.opb.gob.mx\/portal\/wp-content\/uploads\/2022\/01\/WhatsApp-Image-2022-01-21-at-2.34.28-PM-1-768x456.jpeg 768w, https:\/\/www.opb.gob.mx\/portal\/wp-content\/uploads\/2022\/01\/WhatsApp-Image-2022-01-21-at-2.34.28-PM-1-1170x694.jpeg 1170w\" sizes=\"(max-width: 768px) 100vw, 768px\" \/><\/a>\n\t\t\t<\/div><\/figure><figure class='gallery-item'>\n\t\t\t<div class='gallery-icon landscape'>\n\t\t\t\t<a data-elementor-open-lightbox=\"yes\" data-elementor-lightbox-slideshow=\"b2d108d\" data-elementor-lightbox-title=\"WhatsApp Image 2022-01-21 at 2.34.28 PM (2)\" href='https:\/\/www.opb.gob.mx\/portal\/wp-content\/uploads\/2022\/01\/WhatsApp-Image-2022-01-21-at-2.34.28-PM-2.jpeg'><img width=\"768\" height=\"456\" src=\"https:\/\/www.opb.gob.mx\/portal\/wp-content\/uploads\/2022\/01\/WhatsApp-Image-2022-01-21-at-2.34.28-PM-2-768x456.jpeg\" class=\"attachment-medium size-medium\" alt=\"\" loading=\"lazy\" srcset=\"https:\/\/www.opb.gob.mx\/portal\/wp-content\/uploads\/2022\/01\/WhatsApp-Image-2022-01-21-at-2.34.28-PM-2-768x456.jpeg 768w, https:\/\/www.opb.gob.mx\/portal\/wp-content\/uploads\/2022\/01\/WhatsApp-Image-2022-01-21-at-2.34.28-PM-2-1170x694.jpeg 1170w\" sizes=\"(max-width: 768px) 100vw, 768px\" \/><\/a>\n\t\t\t<\/div><\/figure><figure class='gallery-item'>\n\t\t\t<div class='gallery-icon landscape'>\n\t\t\t\t<a data-elementor-open-lightbox=\"yes\" data-elementor-lightbox-slideshow=\"b2d108d\" data-elementor-lightbox-title=\"WhatsApp Image 2022-01-21 at 2.34.29 PM\" href='https:\/\/www.opb.gob.mx\/portal\/wp-content\/uploads\/2022\/01\/WhatsApp-Image-2022-01-21-at-2.34.29-PM.jpeg'><img width=\"768\" height=\"456\" src=\"https:\/\/www.opb.gob.mx\/portal\/wp-content\/uploads\/2022\/01\/WhatsApp-Image-2022-01-21-at-2.34.29-PM-768x456.jpeg\" class=\"attachment-medium size-medium\" alt=\"\" loading=\"lazy\" srcset=\"https:\/\/www.opb.gob.mx\/portal\/wp-content\/uploads\/2022\/01\/WhatsApp-Image-2022-01-21-at-2.34.29-PM-768x456.jpeg 768w, https:\/\/www.opb.gob.mx\/portal\/wp-content\/uploads\/2022\/01\/WhatsApp-Image-2022-01-21-at-2.34.29-PM-1170x694.jpeg 1170w\" sizes=\"(max-width: 768px) 100vw, 768px\" \/><\/a>\n\t\t\t<\/div><\/figure>\n\t\t<\/div>\n\t\t<\/div>\n\t\t\t\t<\/div>\n\t\t\t\t<\/div>\n\t\t\t\t\t\t<\/div>\n\t\t\t\t\t<\/div>\n\t\t<\/div>\n\t\t\t\t\t\t\t\t<\/div>\n\t\t\t\t\t<\/div>\n\t\t<\/section>\n\t\t\t\t\t\t<\/div>\n\t\t\t\t\t\t<\/div>\n\t\t\t\t\t<\/div>\n\t\t","protected":false},"excerpt":{"rendered":"<p>En coordinaci\u00f3n con gobierno del estado, realizan un curso de capacitaci\u00f3n tur\u00edstica al sector restaurantero de Calderitas.<br \/>\n35\/2022.<\/p>\n","protected":false},"author":9,"featured_media":20678,"comment_status":"closed","ping_status":"open","sticky":false,"template":"","format":"standard","meta":[],"categories":[27],"tags":[],"_links":{"self":[{"href":"https:\/\/www.opb.gob.mx\/portal\/index.php?rest_route=\/wp\/v2\/posts\/20676"}],"collection":[{"href":"https:\/\/www.opb.gob.mx\/portal\/index.php?rest_route=\/wp\/v2\/posts"}],"about":[{"href":"https:\/\/www.opb.gob.mx\/portal\/index.php?rest_route=\/wp\/v2\/types\/post"}],"author":[{"embeddable":true,"href":"https:\/\/www.opb.gob.mx\/portal\/index.php?rest_route=\/wp\/v2\/users\/9"}],"replies":[{"embeddable":true,"href":"https:\/\/www.opb.gob.mx\/portal\/index.php?rest_route=%2Fwp%2Fv2%2Fcomments&post=20676"}],"version-history":[{"count":3,"href":"https:\/\/www.opb.gob.mx\/portal\/index.php?rest_route=\/wp\/v2\/posts\/20676\/revisions"}],"predecessor-version":[{"id":20683,"href":"https:\/\/www.opb.gob.mx\/portal\/index.php?rest_route=\/wp\/v2\/posts\/20676\/revisions\/20683"}],"wp:featuredmedia":[{"embeddable":true,"href":"https:\/\/www.opb.gob.mx\/portal\/index.php?rest_route=\/wp\/v2\/media\/20678"}],"wp:attachment":[{"href":"https:\/\/www.opb.gob.mx\/portal\/index.php?rest_route=%2Fwp%2Fv2%2Fmedia&parent=20676"}],"wp:term":[{"taxonomy":"category","embeddable":true,"href":"https:\/\/www.opb.gob.mx\/portal\/index.php?rest_route=%2Fwp%2Fv2%2Fcategories&post=20676"},{"taxonomy":"post_tag","embeddable":true,"href":"https:\/\/www.opb.gob.mx\/portal\/index.php?rest_route=%2Fwp%2Fv2%2Ftags&post=20676"}],"curies":[{"name":"wp","href":"https:\/\/api.w.org\/{rel}","templated":true}]}}