{"id":20684,"date":"2022-01-21T16:48:17","date_gmt":"2022-01-21T16:48:17","guid":{"rendered":"http:\/\/www.opb.gob.mx\/portal\/?p=20684"},"modified":"2022-06-07T16:51:24","modified_gmt":"2022-06-07T16:51:24","slug":"seguira-la-atencion-al-alumbrado-publico-con-programacion-en-diversas-colonias-y-poblados-de-opb","status":"publish","type":"post","link":"https:\/\/www.opb.gob.mx\/portal\/?p=20684","title":{"rendered":"SEGUIR\u00c1 LA ATENCI\u00d3N AL ALUMBRADO P\u00daBLICO CON PROGRAMACI\u00d3N EN DIVERSAS COLONIAS Y POBLADOS DE OPB."},"content":{"rendered":"\t\t<div data-elementor-type=\"wp-post\" data-elementor-id=\"20684\" class=\"elementor elementor-20684\" data-elementor-settings=\"[]\">\n\t\t\t\t\t\t<div class=\"elementor-inner\">\n\t\t\t\t\t\t\t<div class=\"elementor-section-wrap\">\n\t\t\t\t\t\t\t<section class=\"elementor-section elementor-top-section elementor-element elementor-element-aa82e9c elementor-section-boxed elementor-section-height-default elementor-section-height-default\" data-id=\"aa82e9c\" data-element_type=\"section\">\n\t\t\t\t\t\t<div class=\"elementor-container elementor-column-gap-default\">\n\t\t\t\t\t\t\t<div class=\"elementor-row\">\n\t\t\t\t\t<div class=\"elementor-column elementor-col-100 elementor-top-column elementor-element elementor-element-f7d0b53\" data-id=\"f7d0b53\" data-element_type=\"column\">\n\t\t\t<div class=\"elementor-column-wrap elementor-element-populated\">\n\t\t\t\t\t\t\t<div class=\"elementor-widget-wrap\">\n\t\t\t\t\t\t<div class=\"elementor-element elementor-element-59645ed elementor-widget elementor-widget-text-editor\" data-id=\"59645ed\" data-element_type=\"widget\" data-widget_type=\"text-editor.default\">\n\t\t\t\t<div class=\"elementor-widget-container\">\n\t\t\t\t\t<div class=\"elementor-text-editor elementor-clearfix\"><p>CHETUMAL, 21 de enero.- La atenci\u00f3n al alumbrado p\u00fablico en diversas colonias y poblados del municipio que todas y todos queremos, contin\u00faa desde el primer d\u00eda del presente a\u00f1o ya que existen sectores que llevan m\u00e1s de 10 y 15 a\u00f1os sin el mantenimiento correspondiente que ahora es un compromiso en el segundo eje prioritario del gobierno municipal que encabeza Yensunni Mart\u00ednez Hern\u00e1ndez donde promueve la atenci\u00f3n a los derechos sociales b\u00e1sicos de las y los othonenses.<\/p><p>Es por ello que el director de servicios p\u00fablicos del Ayuntamiento de la transformaci\u00f3n, Luis Mario Ram\u00edrez Campos, expuso que una de las indicaciones de la presidenta municipal Yensunni Mart\u00ednez es la de dignificar la imagen de Oth\u00f3n P. Blanco y mejorar los servicios p\u00fablicos municipales como el alumbrado p\u00fablico.<\/p><p>Detall\u00f3 que, para el presente a\u00f1o, existen recursos importantes destinados a la rehabilitaci\u00f3n e instalaci\u00f3n de luminarias en diversos puntos del municipio othonense, por lo que trabajar\u00e1n en coordinaci\u00f3n con la direcci\u00f3n de obras p\u00fablicas que es la encargada de licitar las obras a diferentes empresas que llevar\u00e1n a cabo los trabajos correspondientes en atenci\u00f3n a una demanda a\u00f1eja por parte de la ciudadan\u00eda.<\/p><p>En este sentido, record\u00f3 que, desde el inicio de la actual administraci\u00f3n, la direcci\u00f3n de servicios p\u00fablicos municipales ha trabajado en la detecci\u00f3n de las luminarias que requieren rehabilitaci\u00f3n ya que, en algunos sectores, llevan m\u00e1s de 10 y 15 a\u00f1os con el pendiente de mantenimiento, tiempo que marca la vida \u00fatil de muchos dispositivos y por lo mismo, ya est\u00e1n fuera de servicio.<\/p><p>De igual manera, mencion\u00f3 que algunas de las colonias beneficiadas con estos trabajos son: Andr\u00e9s Quintana Roo, Fraccionamiento Caribe, Solidaridad, y Fraccionamiento Las Am\u00e9ricas, por mencionar algunas de ellas donde est\u00e1n identificados puntos del alumbrado p\u00fablico que es una de las demandas m\u00e1s recurrentes de la ciudadan\u00eda.<\/p><p>Agreg\u00f3 que la rehabilitaci\u00f3n del alumbrado p\u00fablico est\u00e1 en proceso desde el primer d\u00eda de trabajo de la presente administraci\u00f3n municipal y puede verse en tramos como el de la avenida Universidad, por ello dej\u00f3 a disposici\u00f3n de las y los othonenses la l\u00ednea de atenci\u00f3n 072 y a la l\u00ednea telef\u00f3nica 28 550 05 de la direcci\u00f3n de servicios p\u00fablicos para atender las solicitudes.<\/p><\/div>\n\t\t\t\t<\/div>\n\t\t\t\t<\/div>\n\t\t\t\t\t\t<\/div>\n\t\t\t\t\t<\/div>\n\t\t<\/div>\n\t\t\t\t\t\t\t\t<\/div>\n\t\t\t\t\t<\/div>\n\t\t<\/section>\n\t\t\t\t<section class=\"elementor-section elementor-top-section elementor-element elementor-element-b170443 elementor-section-boxed elementor-section-height-default elementor-section-height-default\" data-id=\"b170443\" data-element_type=\"section\">\n\t\t\t\t\t\t<div class=\"elementor-container elementor-column-gap-default\">\n\t\t\t\t\t\t\t<div class=\"elementor-row\">\n\t\t\t\t\t<div class=\"elementor-column elementor-col-100 elementor-top-column elementor-element elementor-element-c60e9c6\" data-id=\"c60e9c6\" data-element_type=\"column\">\n\t\t\t<div class=\"elementor-column-wrap elementor-element-populated\">\n\t\t\t\t\t\t\t<div class=\"elementor-widget-wrap\">\n\t\t\t\t\t\t<div class=\"elementor-element elementor-element-fb1938f elementor-widget elementor-widget-image-gallery\" data-id=\"fb1938f\" data-element_type=\"widget\" data-widget_type=\"image-gallery.default\">\n\t\t\t\t<div class=\"elementor-widget-container\">\n\t\t\t\t\t<div class=\"elementor-image-gallery\">\n\t\t\t<div id='gallery-1' class='gallery galleryid-20684 gallery-columns-4 gallery-size-medium'><figure class='gallery-item'>\n\t\t\t<div class='gallery-icon landscape'>\n\t\t\t\t<a data-elementor-open-lightbox=\"yes\" data-elementor-lightbox-slideshow=\"fb1938f\" data-elementor-lightbox-title=\"WhatsApp Image 2022-01-21 at 4.43.17 PM\" href='https:\/\/www.opb.gob.mx\/portal\/wp-content\/uploads\/2022\/01\/WhatsApp-Image-2022-01-21-at-4.43.17-PM.jpeg'><img width=\"768\" height=\"456\" src=\"https:\/\/www.opb.gob.mx\/portal\/wp-content\/uploads\/2022\/01\/WhatsApp-Image-2022-01-21-at-4.43.17-PM-768x456.jpeg\" class=\"attachment-medium size-medium\" alt=\"\" loading=\"lazy\" \/><\/a>\n\t\t\t<\/div><\/figure><figure class='gallery-item'>\n\t\t\t<div class='gallery-icon landscape'>\n\t\t\t\t<a data-elementor-open-lightbox=\"yes\" data-elementor-lightbox-slideshow=\"fb1938f\" data-elementor-lightbox-title=\"WhatsApp Image 2022-01-21 at 4.43.18 PM\" href='https:\/\/www.opb.gob.mx\/portal\/wp-content\/uploads\/2022\/01\/WhatsApp-Image-2022-01-21-at-4.43.18-PM.jpeg'><img width=\"768\" height=\"456\" src=\"https:\/\/www.opb.gob.mx\/portal\/wp-content\/uploads\/2022\/01\/WhatsApp-Image-2022-01-21-at-4.43.18-PM-768x456.jpeg\" class=\"attachment-medium size-medium\" alt=\"\" loading=\"lazy\" \/><\/a>\n\t\t\t<\/div><\/figure><figure class='gallery-item'>\n\t\t\t<div class='gallery-icon landscape'>\n\t\t\t\t<a data-elementor-open-lightbox=\"yes\" data-elementor-lightbox-slideshow=\"fb1938f\" data-elementor-lightbox-title=\"WhatsApp Image 2022-01-21 at 4.43.18 PM (1)\" href='https:\/\/www.opb.gob.mx\/portal\/wp-content\/uploads\/2022\/01\/WhatsApp-Image-2022-01-21-at-4.43.18-PM-1.jpeg'><img width=\"768\" height=\"456\" src=\"https:\/\/www.opb.gob.mx\/portal\/wp-content\/uploads\/2022\/01\/WhatsApp-Image-2022-01-21-at-4.43.18-PM-1-768x456.jpeg\" class=\"attachment-medium size-medium\" alt=\"\" loading=\"lazy\" srcset=\"https:\/\/www.opb.gob.mx\/portal\/wp-content\/uploads\/2022\/01\/WhatsApp-Image-2022-01-21-at-4.43.18-PM-1-768x456.jpeg 768w, https:\/\/www.opb.gob.mx\/portal\/wp-content\/uploads\/2022\/01\/WhatsApp-Image-2022-01-21-at-4.43.18-PM-1-1170x694.jpeg 1170w\" sizes=\"(max-width: 768px) 100vw, 768px\" \/><\/a>\n\t\t\t<\/div><\/figure>\n\t\t<\/div>\n\t\t<\/div>\n\t\t\t\t<\/div>\n\t\t\t\t<\/div>\n\t\t\t\t\t\t<\/div>\n\t\t\t\t\t<\/div>\n\t\t<\/div>\n\t\t\t\t\t\t\t\t<\/div>\n\t\t\t\t\t<\/div>\n\t\t<\/section>\n\t\t\t\t\t\t<\/div>\n\t\t\t\t\t\t<\/div>\n\t\t\t\t\t<\/div>\n\t\t","protected":false},"excerpt":{"rendered":"<p>El Ayuntamiento de la transformaci\u00f3n atender\u00e1 nuevos sectores del alumbrado p\u00fablico, algunos de ellos con hasta 15 a\u00f1os de falta de mantenimiento.<br \/>\n36\/2022<\/p>\n","protected":false},"author":9,"featured_media":20686,"comment_status":"closed","ping_status":"open","sticky":false,"template":"","format":"standard","meta":[],"categories":[27],"tags":[],"_links":{"self":[{"href":"https:\/\/www.opb.gob.mx\/portal\/index.php?rest_route=\/wp\/v2\/posts\/20684"}],"collection":[{"href":"https:\/\/www.opb.gob.mx\/portal\/index.php?rest_route=\/wp\/v2\/posts"}],"about":[{"href":"https:\/\/www.opb.gob.mx\/portal\/index.php?rest_route=\/wp\/v2\/types\/post"}],"author":[{"embeddable":true,"href":"https:\/\/www.opb.gob.mx\/portal\/index.php?rest_route=\/wp\/v2\/users\/9"}],"replies":[{"embeddable":true,"href":"https:\/\/www.opb.gob.mx\/portal\/index.php?rest_route=%2Fwp%2Fv2%2Fcomments&post=20684"}],"version-history":[{"count":3,"href":"https:\/\/www.opb.gob.mx\/portal\/index.php?rest_route=\/wp\/v2\/posts\/20684\/revisions"}],"predecessor-version":[{"id":20690,"href":"https:\/\/www.opb.gob.mx\/portal\/index.php?rest_route=\/wp\/v2\/posts\/20684\/revisions\/20690"}],"wp:featuredmedia":[{"embeddable":true,"href":"https:\/\/www.opb.gob.mx\/portal\/index.php?rest_route=\/wp\/v2\/media\/20686"}],"wp:attachment":[{"href":"https:\/\/www.opb.gob.mx\/portal\/index.php?rest_route=%2Fwp%2Fv2%2Fmedia&parent=20684"}],"wp:term":[{"taxonomy":"category","embeddable":true,"href":"https:\/\/www.opb.gob.mx\/portal\/index.php?rest_route=%2Fwp%2Fv2%2Fcategories&post=20684"},{"taxonomy":"post_tag","embeddable":true,"href":"https:\/\/www.opb.gob.mx\/portal\/index.php?rest_route=%2Fwp%2Fv2%2Ftags&post=20684"}],"curies":[{"name":"wp","href":"https:\/\/api.w.org\/{rel}","templated":true}]}}