{"id":21108,"date":"2022-02-15T17:34:10","date_gmt":"2022-02-15T17:34:10","guid":{"rendered":"http:\/\/www.opb.gob.mx\/portal\/?p=21108"},"modified":"2022-02-15T17:42:36","modified_gmt":"2022-02-15T17:42:36","slug":"boletin-meteorologico-9","status":"publish","type":"post","link":"https:\/\/www.opb.gob.mx\/portal\/?p=21108","title":{"rendered":"BOLET\u00cdN METEOROL\u00d3GICO"},"content":{"rendered":"\t\t<div data-elementor-type=\"wp-post\" data-elementor-id=\"21108\" class=\"elementor elementor-21108\" data-elementor-settings=\"[]\">\n\t\t\t\t\t\t<div class=\"elementor-inner\">\n\t\t\t\t\t\t\t<div class=\"elementor-section-wrap\">\n\t\t\t\t\t\t\t<section class=\"elementor-section elementor-top-section elementor-element elementor-element-6e41fff elementor-section-boxed elementor-section-height-default elementor-section-height-default\" data-id=\"6e41fff\" data-element_type=\"section\">\n\t\t\t\t\t\t<div class=\"elementor-container elementor-column-gap-default\">\n\t\t\t\t\t\t\t<div class=\"elementor-row\">\n\t\t\t\t\t<div class=\"elementor-column elementor-col-100 elementor-top-column elementor-element elementor-element-c9015ba\" data-id=\"c9015ba\" data-element_type=\"column\">\n\t\t\t<div class=\"elementor-column-wrap elementor-element-populated\">\n\t\t\t\t\t\t\t<div class=\"elementor-widget-wrap\">\n\t\t\t\t\t\t<div class=\"elementor-element elementor-element-68e255a elementor-widget elementor-widget-text-editor\" data-id=\"68e255a\" data-element_type=\"widget\" data-widget_type=\"text-editor.default\">\n\t\t\t\t<div class=\"elementor-widget-container\">\n\t\t\t\t\t<div class=\"elementor-text-editor elementor-clearfix\"><p><span style=\"text-decoration: underline;\"><strong>PERIODO DE VALIDEZ 06:00 HRS DEL 15 DE FEBRERO DEL 2022.<\/strong><\/span><\/p><p>La COEPROC informa que desciende el term\u00f3metro la madrugada de este martes por la masa de aire fr\u00edo que influencia a Quintana Roo. Las estaciones autom\u00e1ticas convencionales del Servicio Meteorol\u00f3gico Nacional registro 19 grados en La Uni\u00f3n, Oth\u00f3n P. Blanco. Adem\u00e1s se registraron rachas de viento de hasta 56.4 km\/h en la estaci\u00f3n de Banco Chinchorro.<\/p><\/div>\n\t\t\t\t<\/div>\n\t\t\t\t<\/div>\n\t\t\t\t\t\t<\/div>\n\t\t\t\t\t<\/div>\n\t\t<\/div>\n\t\t\t\t\t\t\t\t<\/div>\n\t\t\t\t\t<\/div>\n\t\t<\/section>\n\t\t\t\t<section class=\"elementor-section elementor-top-section elementor-element elementor-element-bc6f223 elementor-section-boxed elementor-section-height-default elementor-section-height-default\" data-id=\"bc6f223\" data-element_type=\"section\">\n\t\t\t\t\t\t<div class=\"elementor-container elementor-column-gap-default\">\n\t\t\t\t\t\t\t<div class=\"elementor-row\">\n\t\t\t\t\t<div class=\"elementor-column elementor-col-100 elementor-top-column elementor-element elementor-element-23fd050\" data-id=\"23fd050\" data-element_type=\"column\">\n\t\t\t<div class=\"elementor-column-wrap elementor-element-populated\">\n\t\t\t\t\t\t\t<div class=\"elementor-widget-wrap\">\n\t\t\t\t\t\t<div class=\"elementor-element elementor-element-b403451 elementor-widget elementor-widget-spacer\" data-id=\"b403451\" data-element_type=\"widget\" data-widget_type=\"spacer.default\">\n\t\t\t\t<div class=\"elementor-widget-container\">\n\t\t\t\t\t<div class=\"elementor-spacer\">\n\t\t\t<div class=\"elementor-spacer-inner\"><\/div>\n\t\t<\/div>\n\t\t\t\t<\/div>\n\t\t\t\t<\/div>\n\t\t\t\t\t\t<\/div>\n\t\t\t\t\t<\/div>\n\t\t<\/div>\n\t\t\t\t\t\t\t\t<\/div>\n\t\t\t\t\t<\/div>\n\t\t<\/section>\n\t\t\t\t<section class=\"elementor-section elementor-top-section elementor-element elementor-element-071fc28 elementor-section-boxed elementor-section-height-default elementor-section-height-default\" data-id=\"071fc28\" data-element_type=\"section\">\n\t\t\t\t\t\t<div class=\"elementor-container elementor-column-gap-default\">\n\t\t\t\t\t\t\t<div class=\"elementor-row\">\n\t\t\t\t\t<div class=\"elementor-column elementor-col-50 elementor-top-column elementor-element elementor-element-ad4d670\" data-id=\"ad4d670\" data-element_type=\"column\">\n\t\t\t<div class=\"elementor-column-wrap elementor-element-populated\">\n\t\t\t\t\t\t\t<div class=\"elementor-widget-wrap\">\n\t\t\t\t\t\t<div class=\"elementor-element elementor-element-8ef11f5 elementor-widget elementor-widget-image\" data-id=\"8ef11f5\" data-element_type=\"widget\" data-widget_type=\"image.default\">\n\t\t\t\t<div class=\"elementor-widget-container\">\n\t\t\t\t\t<div class=\"elementor-image\">\n\t\t\t\t\t\t\t\t\t\t\t<a href=\"https:\/\/www.facebook.com\/photo\/?fbid=3288183394786676&#038;set=pcb.3288183861453296\">\n\t\t\t\t\t\t\t<img width=\"926\" height=\"644\" src=\"https:\/\/www.opb.gob.mx\/portal\/wp-content\/uploads\/2022\/02\/BOLETIN-METEOROLOGICO0-15-DE-FEBRERO-DEL-2022.jpg\" class=\"attachment-large size-large\" alt=\"\" loading=\"lazy\" srcset=\"https:\/\/www.opb.gob.mx\/portal\/wp-content\/uploads\/2022\/02\/BOLETIN-METEOROLOGICO0-15-DE-FEBRERO-DEL-2022.jpg 926w, https:\/\/www.opb.gob.mx\/portal\/wp-content\/uploads\/2022\/02\/BOLETIN-METEOROLOGICO0-15-DE-FEBRERO-DEL-2022-768x534.jpg 768w\" sizes=\"(max-width: 926px) 100vw, 926px\" \/>\t\t\t\t\t\t\t\t<\/a>\n\t\t\t\t\t\t\t\t\t\t\t<\/div>\n\t\t\t\t<\/div>\n\t\t\t\t<\/div>\n\t\t\t\t\t\t<\/div>\n\t\t\t\t\t<\/div>\n\t\t<\/div>\n\t\t\t\t<div class=\"elementor-column elementor-col-50 elementor-top-column elementor-element elementor-element-89cd121\" data-id=\"89cd121\" data-element_type=\"column\">\n\t\t\t<div class=\"elementor-column-wrap elementor-element-populated\">\n\t\t\t\t\t\t\t<div class=\"elementor-widget-wrap\">\n\t\t\t\t\t\t<div class=\"elementor-element elementor-element-8090688 elementor-widget elementor-widget-image\" data-id=\"8090688\" data-element_type=\"widget\" data-widget_type=\"image.default\">\n\t\t\t\t<div class=\"elementor-widget-container\">\n\t\t\t\t\t<div class=\"elementor-image\">\n\t\t\t\t\t\t\t\t\t\t\t<a href=\"https:\/\/www.facebook.com\/photo?fbid=3288183381453344&#038;set=pcb.3288183861453296\">\n\t\t\t\t\t\t\t<img width=\"960\" height=\"500\" src=\"https:\/\/www.opb.gob.mx\/portal\/wp-content\/uploads\/2022\/02\/BOLETIN-METEOROLOGICO-15-DE-FEBRERO-DEL-2022.jpg\" class=\"attachment-2048x2048 size-2048x2048\" alt=\"\" loading=\"lazy\" srcset=\"https:\/\/www.opb.gob.mx\/portal\/wp-content\/uploads\/2022\/02\/BOLETIN-METEOROLOGICO-15-DE-FEBRERO-DEL-2022.jpg 960w, https:\/\/www.opb.gob.mx\/portal\/wp-content\/uploads\/2022\/02\/BOLETIN-METEOROLOGICO-15-DE-FEBRERO-DEL-2022-768x400.jpg 768w\" sizes=\"(max-width: 960px) 100vw, 960px\" \/>\t\t\t\t\t\t\t\t<\/a>\n\t\t\t\t\t\t\t\t\t\t\t<\/div>\n\t\t\t\t<\/div>\n\t\t\t\t<\/div>\n\t\t\t\t\t\t<\/div>\n\t\t\t\t\t<\/div>\n\t\t<\/div>\n\t\t\t\t\t\t\t\t<\/div>\n\t\t\t\t\t<\/div>\n\t\t<\/section>\n\t\t\t\t\t\t<\/div>\n\t\t\t\t\t\t<\/div>\n\t\t\t\t\t<\/div>\n\t\t","protected":false},"excerpt":{"rendered":"<p>PERIODO DE VALIDEZ 06:00 HRS DEL 15 DE FEBRERO DEL 2022. La COEPROC informa que desciende el term\u00f3metro la madrugada de este martes por la masa de aire fr\u00edo que influencia a Quintana Roo. Las estaciones autom\u00e1ticas convencionales del Servicio Meteorol\u00f3gico Nacional registro 19 grados en La Uni\u00f3n, Oth\u00f3n P. Blanco. Adem\u00e1s se registraron rachas<\/p>\n","protected":false},"author":7,"featured_media":21111,"comment_status":"closed","ping_status":"open","sticky":false,"template":"","format":"standard","meta":[],"categories":[28],"tags":[],"_links":{"self":[{"href":"https:\/\/www.opb.gob.mx\/portal\/index.php?rest_route=\/wp\/v2\/posts\/21108"}],"collection":[{"href":"https:\/\/www.opb.gob.mx\/portal\/index.php?rest_route=\/wp\/v2\/posts"}],"about":[{"href":"https:\/\/www.opb.gob.mx\/portal\/index.php?rest_route=\/wp\/v2\/types\/post"}],"author":[{"embeddable":true,"href":"https:\/\/www.opb.gob.mx\/portal\/index.php?rest_route=\/wp\/v2\/users\/7"}],"replies":[{"embeddable":true,"href":"https:\/\/www.opb.gob.mx\/portal\/index.php?rest_route=%2Fwp%2Fv2%2Fcomments&post=21108"}],"version-history":[{"count":2,"href":"https:\/\/www.opb.gob.mx\/portal\/index.php?rest_route=\/wp\/v2\/posts\/21108\/revisions"}],"predecessor-version":[{"id":21112,"href":"https:\/\/www.opb.gob.mx\/portal\/index.php?rest_route=\/wp\/v2\/posts\/21108\/revisions\/21112"}],"wp:featuredmedia":[{"embeddable":true,"href":"https:\/\/www.opb.gob.mx\/portal\/index.php?rest_route=\/wp\/v2\/media\/21111"}],"wp:attachment":[{"href":"https:\/\/www.opb.gob.mx\/portal\/index.php?rest_route=%2Fwp%2Fv2%2Fmedia&parent=21108"}],"wp:term":[{"taxonomy":"category","embeddable":true,"href":"https:\/\/www.opb.gob.mx\/portal\/index.php?rest_route=%2Fwp%2Fv2%2Fcategories&post=21108"},{"taxonomy":"post_tag","embeddable":true,"href":"https:\/\/www.opb.gob.mx\/portal\/index.php?rest_route=%2Fwp%2Fv2%2Ftags&post=21108"}],"curies":[{"name":"wp","href":"https:\/\/api.w.org\/{rel}","templated":true}]}}