{"id":21275,"date":"2022-03-02T18:58:48","date_gmt":"2022-03-02T18:58:48","guid":{"rendered":"http:\/\/www.opb.gob.mx\/portal\/?p=21275"},"modified":"2022-03-05T05:52:24","modified_gmt":"2022-03-05T05:52:24","slug":"boletin-meteorologico-del-02-de-marzo-del-ano-2022","status":"publish","type":"post","link":"https:\/\/www.opb.gob.mx\/portal\/?p=21275","title":{"rendered":"BOLET\u00cdN METEOROL\u00d3GICO DEL 02 DE MARZO DEL 2022"},"content":{"rendered":"\t\t<div data-elementor-type=\"wp-post\" data-elementor-id=\"21275\" class=\"elementor elementor-21275\" data-elementor-settings=\"[]\">\n\t\t\t\t\t\t<div class=\"elementor-inner\">\n\t\t\t\t\t\t\t<div class=\"elementor-section-wrap\">\n\t\t\t\t\t\t\t<section class=\"elementor-section elementor-top-section elementor-element elementor-element-6c238e6 elementor-section-boxed elementor-section-height-default elementor-section-height-default\" data-id=\"6c238e6\" data-element_type=\"section\">\n\t\t\t\t\t\t<div class=\"elementor-container elementor-column-gap-default\">\n\t\t\t\t\t\t\t<div class=\"elementor-row\">\n\t\t\t\t\t<div class=\"elementor-column elementor-col-100 elementor-top-column elementor-element elementor-element-32c2f69\" data-id=\"32c2f69\" data-element_type=\"column\">\n\t\t\t<div class=\"elementor-column-wrap elementor-element-populated\">\n\t\t\t\t\t\t\t<div class=\"elementor-widget-wrap\">\n\t\t\t\t\t\t<div class=\"elementor-element elementor-element-d89febf elementor-widget elementor-widget-text-editor\" data-id=\"d89febf\" data-element_type=\"widget\" data-widget_type=\"text-editor.default\">\n\t\t\t\t<div class=\"elementor-widget-container\">\n\t\t\t\t\t<div class=\"elementor-text-editor elementor-clearfix\"><p><span style=\"text-decoration: underline;\"><strong>PERIODO DE VALIDEZ DE LAS 06:00 HRS. A LAS 18:00 HRS. DEL D\u00cdA 02 DE MARZO DEL 2022.<\/strong><\/span><\/p><p><br \/><strong>SINOPSIS:\u00a0<\/strong><\/p><p><br \/>Con base en la valoraci\u00f3n y an\u00e1lisis de la informaci\u00f3n meteorol\u00f3gica en general realizada y lo relativo a los pron\u00f3sticos del Servicio Meteorol\u00f3gico Nacional; la Coordinaci\u00f3n Estatal de Protecci\u00f3n Civil informa lo siguiente:<br \/><br \/>1.-Sistema anticicl\u00f3nico (alta presi\u00f3n) localizada en superficie con centro cerca del norte del Golfo de M\u00e9xico, se mueve lentamente al Este; en su amplia circulaci\u00f3n perif\u00e9rica impulsa aire continental polar modificado hacia la Pen\u00ednsula de Yucat\u00e1n; el cual interacciona con los remanentes del frente fri\u00f3 d\u00e9bil n\u00famero 31; localizados sobre la mencionada pen\u00ednsula; ambos est\u00e1n provocando temperaturas frescas a muy frescas durante la madrugada y primeras horas de la ma\u00f1ana y calurosas el resto del d\u00eda; viento fresco del norte y noreste, nubosidad y lluvias dispersas acompa\u00f1adas de chubascos con actividad el\u00e9ctrica ocasional sobre algunas zonas de la regi\u00f3n peninsular y el estado de Quintana Roo; m\u00e1s frecuentes por la tarde o noche.<br \/><br \/><strong>TIEMPO PROBABLE:<\/strong><\/p><p>OTHON P. BLANCO.- Medio nublado con nublados aislados, lluvias dispersas con chubascos ocasionales, viento del este y noreste de 15 a 25 kph., con rachas ocasionales.<br \/><br \/>Sensaci\u00f3n t\u00e9rmica al Medio d\u00eda: 32\u00b0C.<br \/>Sensaci\u00f3n t\u00e9rmica m\u00ednima para ma\u00f1ana: 15\u00aaC.<br \/><br \/>TEMPERATURA M\u00c1XIMA: 28 a 30\u00aaC.<br \/>TEMPERATURA M\u00cdNIMA: 15 a 17\u00aaC.<\/p><p><br \/>SALIDA DEL SOL: 07:12 hrs.<br \/>PUESTA DEL SOL: 18:23 hrs.<br \/><br \/><strong>NOTA:<\/strong><\/p><p><br \/>La Coordinaci\u00f3n Estatal de Protecci\u00f3n Civil; emite las siguientes recomendaciones a la poblaci\u00f3n en general.<\/p><ul><li><br \/>Consultar peri\u00f3dicamente la emisi\u00f3n de los boletines meteorol\u00f3gicos los cuales se publican y actualizan en las redes sociales y la p\u00e1gina Web de la Coordinaci\u00f3n Estatal de Protecci\u00f3n Civil y del Gobierno del Estado de Quintana Roo.<\/li><li><br \/>Mantener las precauciones a la navegaci\u00f3n mar\u00edtima y actividades acu\u00e1ticas a lo largo de las costas del estado de Quintana Roo y Canal de Yucat\u00e1n por los efectos del viento, lluvia y oleaje.<\/li><li><br \/>Al transitar en carretera o en zonas urbanas; extremar precauciones por los bancos de niebla que se forman por las ma\u00f1anas y noches.<\/li><li><br \/>Tomar las medidas necesarias de protecci\u00f3n ante los cambios de temperaturas, as\u00ed como la de proteger a ni\u00f1os y adultos mayores, principalmente en las comunidades rurales del Estado.<\/li><\/ul><\/div>\n\t\t\t\t<\/div>\n\t\t\t\t<\/div>\n\t\t\t\t\t\t<\/div>\n\t\t\t\t\t<\/div>\n\t\t<\/div>\n\t\t\t\t\t\t\t\t<\/div>\n\t\t\t\t\t<\/div>\n\t\t<\/section>\n\t\t\t\t<section class=\"elementor-section elementor-top-section elementor-element elementor-element-212c839 elementor-section-boxed elementor-section-height-default elementor-section-height-default\" data-id=\"212c839\" data-element_type=\"section\">\n\t\t\t\t\t\t<div class=\"elementor-container elementor-column-gap-default\">\n\t\t\t\t\t\t\t<div class=\"elementor-row\">\n\t\t\t\t\t<div class=\"elementor-column elementor-col-100 elementor-top-column elementor-element elementor-element-9b48c97\" data-id=\"9b48c97\" data-element_type=\"column\">\n\t\t\t<div class=\"elementor-column-wrap elementor-element-populated\">\n\t\t\t\t\t\t\t<div class=\"elementor-widget-wrap\">\n\t\t\t\t\t\t<div class=\"elementor-element elementor-element-927c1e1 elementor-widget elementor-widget-spacer\" data-id=\"927c1e1\" data-element_type=\"widget\" data-widget_type=\"spacer.default\">\n\t\t\t\t<div class=\"elementor-widget-container\">\n\t\t\t\t\t<div class=\"elementor-spacer\">\n\t\t\t<div class=\"elementor-spacer-inner\"><\/div>\n\t\t<\/div>\n\t\t\t\t<\/div>\n\t\t\t\t<\/div>\n\t\t\t\t\t\t<\/div>\n\t\t\t\t\t<\/div>\n\t\t<\/div>\n\t\t\t\t\t\t\t\t<\/div>\n\t\t\t\t\t<\/div>\n\t\t<\/section>\n\t\t\t\t<section class=\"elementor-section elementor-top-section elementor-element elementor-element-4390a69 elementor-section-boxed elementor-section-height-default elementor-section-height-default\" data-id=\"4390a69\" data-element_type=\"section\">\n\t\t\t\t\t\t<div class=\"elementor-container elementor-column-gap-default\">\n\t\t\t\t\t\t\t<div class=\"elementor-row\">\n\t\t\t\t\t<div class=\"elementor-column elementor-col-100 elementor-top-column elementor-element elementor-element-a09b50e\" data-id=\"a09b50e\" data-element_type=\"column\">\n\t\t\t<div class=\"elementor-column-wrap elementor-element-populated\">\n\t\t\t\t\t\t\t<div class=\"elementor-widget-wrap\">\n\t\t\t\t\t\t<div class=\"elementor-element elementor-element-e055a1a elementor-widget elementor-widget-image\" data-id=\"e055a1a\" data-element_type=\"widget\" data-widget_type=\"image.default\">\n\t\t\t\t<div class=\"elementor-widget-container\">\n\t\t\t\t\t<div class=\"elementor-image\">\n\t\t\t\t\t\t\t\t\t\t\t<a href=\"https:\/\/www.facebook.com\/236425840062787\/photos\/a.323793914659312\/1536819630023395\/\">\n\t\t\t\t\t\t\t<img width=\"826\" height=\"694\" src=\"https:\/\/www.opb.gob.mx\/portal\/wp-content\/uploads\/2022\/03\/BOLETIN-METEOROLOGICO-02-DE-MARZO-DEL-2022-826x694.jpg\" class=\"attachment-large size-large\" alt=\"\" loading=\"lazy\" \/>\t\t\t\t\t\t\t\t<\/a>\n\t\t\t\t\t\t\t\t\t\t\t<\/div>\n\t\t\t\t<\/div>\n\t\t\t\t<\/div>\n\t\t\t\t\t\t<\/div>\n\t\t\t\t\t<\/div>\n\t\t<\/div>\n\t\t\t\t\t\t\t\t<\/div>\n\t\t\t\t\t<\/div>\n\t\t<\/section>\n\t\t\t\t\t\t<\/div>\n\t\t\t\t\t\t<\/div>\n\t\t\t\t\t<\/div>\n\t\t","protected":false},"excerpt":{"rendered":"<p>PERIODO DE VALIDEZ DE LAS 06:00 HRS. A LAS 18:00 HRS. DEL D\u00cdA 02 DE MARZO DEL 2022. SINOPSIS:&nbsp; Con base en la valoraci\u00f3n y an\u00e1lisis de la informaci\u00f3n meteorol\u00f3gica en general realizada y lo relativo a los pron\u00f3sticos del Servicio Meteorol\u00f3gico Nacional; la Coordinaci\u00f3n Estatal de Protecci\u00f3n Civil informa lo siguiente: 1.-Sistema anticicl\u00f3nico (alta<\/p>\n","protected":false},"author":7,"featured_media":21278,"comment_status":"closed","ping_status":"open","sticky":false,"template":"","format":"standard","meta":[],"categories":[28],"tags":[],"_links":{"self":[{"href":"https:\/\/www.opb.gob.mx\/portal\/index.php?rest_route=\/wp\/v2\/posts\/21275"}],"collection":[{"href":"https:\/\/www.opb.gob.mx\/portal\/index.php?rest_route=\/wp\/v2\/posts"}],"about":[{"href":"https:\/\/www.opb.gob.mx\/portal\/index.php?rest_route=\/wp\/v2\/types\/post"}],"author":[{"embeddable":true,"href":"https:\/\/www.opb.gob.mx\/portal\/index.php?rest_route=\/wp\/v2\/users\/7"}],"replies":[{"embeddable":true,"href":"https:\/\/www.opb.gob.mx\/portal\/index.php?rest_route=%2Fwp%2Fv2%2Fcomments&post=21275"}],"version-history":[{"count":4,"href":"https:\/\/www.opb.gob.mx\/portal\/index.php?rest_route=\/wp\/v2\/posts\/21275\/revisions"}],"predecessor-version":[{"id":21305,"href":"https:\/\/www.opb.gob.mx\/portal\/index.php?rest_route=\/wp\/v2\/posts\/21275\/revisions\/21305"}],"wp:featuredmedia":[{"embeddable":true,"href":"https:\/\/www.opb.gob.mx\/portal\/index.php?rest_route=\/wp\/v2\/media\/21278"}],"wp:attachment":[{"href":"https:\/\/www.opb.gob.mx\/portal\/index.php?rest_route=%2Fwp%2Fv2%2Fmedia&parent=21275"}],"wp:term":[{"taxonomy":"category","embeddable":true,"href":"https:\/\/www.opb.gob.mx\/portal\/index.php?rest_route=%2Fwp%2Fv2%2Fcategories&post=21275"},{"taxonomy":"post_tag","embeddable":true,"href":"https:\/\/www.opb.gob.mx\/portal\/index.php?rest_route=%2Fwp%2Fv2%2Ftags&post=21275"}],"curies":[{"name":"wp","href":"https:\/\/api.w.org\/{rel}","templated":true}]}}