{"id":21280,"date":"2022-03-03T13:24:08","date_gmt":"2022-03-03T13:24:08","guid":{"rendered":"http:\/\/www.opb.gob.mx\/portal\/?p=21280"},"modified":"2022-03-03T13:28:31","modified_gmt":"2022-03-03T13:28:31","slug":"boletin-meteorologico-del-03-de-marzo-del-2022","status":"publish","type":"post","link":"https:\/\/www.opb.gob.mx\/portal\/?p=21280","title":{"rendered":"BOLET\u00cdN METEOROL\u00d3GICO DEL 03 DE MARZO DEL 2022"},"content":{"rendered":"\t\t<div data-elementor-type=\"wp-post\" data-elementor-id=\"21280\" class=\"elementor elementor-21280\" data-elementor-settings=\"[]\">\n\t\t\t\t\t\t<div class=\"elementor-inner\">\n\t\t\t\t\t\t\t<div class=\"elementor-section-wrap\">\n\t\t\t\t\t\t\t<section class=\"elementor-section elementor-top-section elementor-element elementor-element-ac156c8 elementor-section-boxed elementor-section-height-default elementor-section-height-default\" data-id=\"ac156c8\" data-element_type=\"section\">\n\t\t\t\t\t\t<div class=\"elementor-container elementor-column-gap-default\">\n\t\t\t\t\t\t\t<div class=\"elementor-row\">\n\t\t\t\t\t<div class=\"elementor-column elementor-col-100 elementor-top-column elementor-element elementor-element-fad7dbc\" data-id=\"fad7dbc\" data-element_type=\"column\">\n\t\t\t<div class=\"elementor-column-wrap elementor-element-populated\">\n\t\t\t\t\t\t\t<div class=\"elementor-widget-wrap\">\n\t\t\t\t\t\t<div class=\"elementor-element elementor-element-c561211 elementor-widget elementor-widget-text-editor\" data-id=\"c561211\" data-element_type=\"widget\" data-widget_type=\"text-editor.default\">\n\t\t\t\t<div class=\"elementor-widget-container\">\n\t\t\t\t\t<div class=\"elementor-text-editor elementor-clearfix\"><p><span style=\"text-decoration: underline;\"><strong>PERIODO DE VALIDEZ DE LAS 06:00 HRS. A LAS 18:00 HRS. DEL D\u00cdA 03 DE MARZO DEL 2022.<\/strong><\/span><\/p><p><br \/><strong>SINOPSIS:<\/strong><\/p><p><br \/>Con base en la valoraci\u00f3n y an\u00e1lisis de la informaci\u00f3n meteorol\u00f3gica en general realizada y lo relativo a los pron\u00f3sticos del Servicio Meteorol\u00f3gico Nacional; la Coordinaci\u00f3n Estatal de Protecci\u00f3n Civil informa lo siguiente:<br \/><br \/>1.-Continua el sistema anticicl\u00f3nico d\u00e9bil (alta presi\u00f3n) localizada en superficie con centro sobre el norte del Golfo de M\u00e9xico, se mueve lentamente al Este; en su amplia circulaci\u00f3n perif\u00e9rica est\u00e1 impulsando aire continental polar modificado hacia la Pen\u00ednsula de Yucat\u00e1n; el cual interacciona con los remanentes del frente fri\u00f3 n\u00famero 31; localizados al norte de la mencionada pen\u00ednsula; ambos est\u00e1n provocando temperaturas frescas a muy frescas durante la madrugada y primeras horas de la ma\u00f1ana y calurosas el resto del d\u00eda; viento del norte y noreste, nubosidad y lluvias dispersas acompa\u00f1adas de chubascos con actividad el\u00e9ctrica ocasional sobre algunas zonas de la regi\u00f3n peninsular y el estado de Quintana Roo; m\u00e1s frecuentes por la tarde o noche..<br \/><br \/><strong>TIEMPO PROBABLE:<\/strong><\/p><p><br \/>OTHON P. BLANCO.- Medio nublado con nublados aislados, lluvias dispersas con chubascos ocasionales, viento del este y noreste de 15 a 25 kph., con rachas ocasionales.<br \/><br \/>Sensaci\u00f3n t\u00e9rmica al Medio d\u00eda: 33\u00b0C.<br \/>Sensaci\u00f3n t\u00e9rmica m\u00ednima para ma\u00f1ana: 16\u00aaC.<br \/><br \/>TEMPERATURA M\u00c1XIMA: 29 a 31\u00aaC.<br \/>TEMPERATURA M\u00cdNIMA: 16 a 18\u00aaC.<\/p><p><br \/>SALIDA DEL SOL: 07:11 hrs.<br \/>PUESTA DEL SOL: 18:24 hrs.<br \/><br \/><strong>NOTA:<\/strong><\/p><p>La Coordinaci\u00f3n Estatal de Protecci\u00f3n Civil; emite las siguientes recomendaciones a la poblaci\u00f3n en general.<\/p><ul><li><br \/>Consultar peri\u00f3dicamente la emisi\u00f3n de los boletines meteorol\u00f3gicos los cuales se publican y actualizan en las redes sociales y la p\u00e1gina Web de la Coordinaci\u00f3n Estatal de Protecci\u00f3n Civil y del Gobierno del Estado de Quintana Roo.<\/li><li><br \/>Mantener las precauciones a la navegaci\u00f3n mar\u00edtima y actividades acu\u00e1ticas a lo largo de las costas del estado de Quintana Roo y Canal de Yucat\u00e1n por los efectos del viento, lluvia y oleaje.<\/li><li><br \/>Al transitar en carretera o en zonas urbanas; extremar precauciones por los bancos de niebla que se forman por las ma\u00f1anas y noches.<\/li><li><br \/>Tomar las medidas necesarias de protecci\u00f3n ante los cambios de temperaturas, as\u00ed como la de proteger a ni\u00f1os y adultos mayores, principalmente en las comunidades rurales del Estado<\/li><\/ul><\/div>\n\t\t\t\t<\/div>\n\t\t\t\t<\/div>\n\t\t\t\t\t\t<\/div>\n\t\t\t\t\t<\/div>\n\t\t<\/div>\n\t\t\t\t\t\t\t\t<\/div>\n\t\t\t\t\t<\/div>\n\t\t<\/section>\n\t\t\t\t<section class=\"elementor-section elementor-top-section elementor-element elementor-element-a48f2d1 elementor-section-boxed elementor-section-height-default elementor-section-height-default\" data-id=\"a48f2d1\" data-element_type=\"section\">\n\t\t\t\t\t\t<div class=\"elementor-container elementor-column-gap-default\">\n\t\t\t\t\t\t\t<div class=\"elementor-row\">\n\t\t\t\t\t<div class=\"elementor-column elementor-col-100 elementor-top-column elementor-element elementor-element-cadd2c7\" data-id=\"cadd2c7\" data-element_type=\"column\">\n\t\t\t<div class=\"elementor-column-wrap elementor-element-populated\">\n\t\t\t\t\t\t\t<div class=\"elementor-widget-wrap\">\n\t\t\t\t\t\t<div class=\"elementor-element elementor-element-559f359 elementor-widget elementor-widget-spacer\" data-id=\"559f359\" data-element_type=\"widget\" data-widget_type=\"spacer.default\">\n\t\t\t\t<div class=\"elementor-widget-container\">\n\t\t\t\t\t<div class=\"elementor-spacer\">\n\t\t\t<div class=\"elementor-spacer-inner\"><\/div>\n\t\t<\/div>\n\t\t\t\t<\/div>\n\t\t\t\t<\/div>\n\t\t\t\t\t\t<\/div>\n\t\t\t\t\t<\/div>\n\t\t<\/div>\n\t\t\t\t\t\t\t\t<\/div>\n\t\t\t\t\t<\/div>\n\t\t<\/section>\n\t\t\t\t<section class=\"elementor-section elementor-top-section elementor-element elementor-element-e2700af elementor-section-boxed elementor-section-height-default elementor-section-height-default\" data-id=\"e2700af\" data-element_type=\"section\">\n\t\t\t\t\t\t<div class=\"elementor-container elementor-column-gap-default\">\n\t\t\t\t\t\t\t<div class=\"elementor-row\">\n\t\t\t\t\t<div class=\"elementor-column elementor-col-100 elementor-top-column elementor-element elementor-element-3992f89\" data-id=\"3992f89\" data-element_type=\"column\">\n\t\t\t<div class=\"elementor-column-wrap elementor-element-populated\">\n\t\t\t\t\t\t\t<div class=\"elementor-widget-wrap\">\n\t\t\t\t\t\t<div class=\"elementor-element elementor-element-36f0d73 elementor-widget elementor-widget-image\" data-id=\"36f0d73\" data-element_type=\"widget\" data-widget_type=\"image.default\">\n\t\t\t\t<div class=\"elementor-widget-container\">\n\t\t\t\t\t<div class=\"elementor-image\">\n\t\t\t\t\t\t\t\t\t\t\t<a href=\"https:\/\/www.facebook.com\/236425840062787\/photos\/a.323793914659312\/1537489503289741\/\">\n\t\t\t\t\t\t\t<img width=\"826\" height=\"694\" src=\"https:\/\/www.opb.gob.mx\/portal\/wp-content\/uploads\/2022\/03\/BOLETIN-METEOROLOGICO-03-DE-MARZO-DEL-2022-826x694.jpg\" class=\"attachment-large size-large\" alt=\"\" loading=\"lazy\" \/>\t\t\t\t\t\t\t\t<\/a>\n\t\t\t\t\t\t\t\t\t\t\t<\/div>\n\t\t\t\t<\/div>\n\t\t\t\t<\/div>\n\t\t\t\t\t\t<\/div>\n\t\t\t\t\t<\/div>\n\t\t<\/div>\n\t\t\t\t\t\t\t\t<\/div>\n\t\t\t\t\t<\/div>\n\t\t<\/section>\n\t\t\t\t\t\t<\/div>\n\t\t\t\t\t\t<\/div>\n\t\t\t\t\t<\/div>\n\t\t","protected":false},"excerpt":{"rendered":"<p>PERIODO DE VALIDEZ DE LAS 06:00 HRS. A LAS 18:00 HRS. DEL D\u00cdA 03 DE MARZO DEL 2022. SINOPSIS: Con base en la valoraci\u00f3n y an\u00e1lisis de la informaci\u00f3n meteorol\u00f3gica en general realizada y lo relativo a los pron\u00f3sticos del Servicio Meteorol\u00f3gico Nacional; la Coordinaci\u00f3n Estatal de Protecci\u00f3n Civil informa lo siguiente: 1.-Continua el sistema<\/p>\n","protected":false},"author":7,"featured_media":21282,"comment_status":"closed","ping_status":"open","sticky":false,"template":"","format":"standard","meta":[],"categories":[28],"tags":[],"_links":{"self":[{"href":"https:\/\/www.opb.gob.mx\/portal\/index.php?rest_route=\/wp\/v2\/posts\/21280"}],"collection":[{"href":"https:\/\/www.opb.gob.mx\/portal\/index.php?rest_route=\/wp\/v2\/posts"}],"about":[{"href":"https:\/\/www.opb.gob.mx\/portal\/index.php?rest_route=\/wp\/v2\/types\/post"}],"author":[{"embeddable":true,"href":"https:\/\/www.opb.gob.mx\/portal\/index.php?rest_route=\/wp\/v2\/users\/7"}],"replies":[{"embeddable":true,"href":"https:\/\/www.opb.gob.mx\/portal\/index.php?rest_route=%2Fwp%2Fv2%2Fcomments&post=21280"}],"version-history":[{"count":2,"href":"https:\/\/www.opb.gob.mx\/portal\/index.php?rest_route=\/wp\/v2\/posts\/21280\/revisions"}],"predecessor-version":[{"id":21283,"href":"https:\/\/www.opb.gob.mx\/portal\/index.php?rest_route=\/wp\/v2\/posts\/21280\/revisions\/21283"}],"wp:featuredmedia":[{"embeddable":true,"href":"https:\/\/www.opb.gob.mx\/portal\/index.php?rest_route=\/wp\/v2\/media\/21282"}],"wp:attachment":[{"href":"https:\/\/www.opb.gob.mx\/portal\/index.php?rest_route=%2Fwp%2Fv2%2Fmedia&parent=21280"}],"wp:term":[{"taxonomy":"category","embeddable":true,"href":"https:\/\/www.opb.gob.mx\/portal\/index.php?rest_route=%2Fwp%2Fv2%2Fcategories&post=21280"},{"taxonomy":"post_tag","embeddable":true,"href":"https:\/\/www.opb.gob.mx\/portal\/index.php?rest_route=%2Fwp%2Fv2%2Ftags&post=21280"}],"curies":[{"name":"wp","href":"https:\/\/api.w.org\/{rel}","templated":true}]}}