{"id":21822,"date":"2022-06-07T16:23:34","date_gmt":"2022-06-07T16:23:34","guid":{"rendered":"http:\/\/www.opb.gob.mx\/portal\/?p=21822"},"modified":"2022-06-07T21:31:02","modified_gmt":"2022-06-07T21:31:02","slug":"presentan-conferencia-la-felicidad-eres-tu-impartida-por-fernando-del-solar-e-impulsada-por-el-dif-opb-y-fundacion-siinikoob","status":"publish","type":"post","link":"https:\/\/www.opb.gob.mx\/portal\/?p=21822","title":{"rendered":"PRESENTAN CONFERENCIA \u201cLA FELICIDAD ERES T\u00da\u201d, IMPARTIDA POR FERNANDO DEL SOLAR E IMPULSADA POR EL DIF OPB Y FUNDACI\u00d3N SIINIKO\u2019OB."},"content":{"rendered":"\t\t<div data-elementor-type=\"wp-post\" data-elementor-id=\"21822\" class=\"elementor elementor-21822\" data-elementor-settings=\"[]\">\n\t\t\t\t\t\t<div class=\"elementor-inner\">\n\t\t\t\t\t\t\t<div class=\"elementor-section-wrap\">\n\t\t\t\t\t\t\t<section class=\"elementor-section elementor-top-section elementor-element elementor-element-fdca305 elementor-section-boxed elementor-section-height-default elementor-section-height-default\" data-id=\"fdca305\" data-element_type=\"section\">\n\t\t\t\t\t\t<div class=\"elementor-container elementor-column-gap-default\">\n\t\t\t\t\t\t\t<div class=\"elementor-row\">\n\t\t\t\t\t<div class=\"elementor-column elementor-col-100 elementor-top-column elementor-element elementor-element-dbffea5\" data-id=\"dbffea5\" data-element_type=\"column\">\n\t\t\t<div class=\"elementor-column-wrap elementor-element-populated\">\n\t\t\t\t\t\t\t<div class=\"elementor-widget-wrap\">\n\t\t\t\t\t\t<div class=\"elementor-element elementor-element-c3359c2 elementor-widget elementor-widget-text-editor\" data-id=\"c3359c2\" data-element_type=\"widget\" data-widget_type=\"text-editor.default\">\n\t\t\t\t<div class=\"elementor-widget-container\">\n\t\t\t\t\t<div class=\"elementor-text-editor elementor-clearfix\"><p>Chetumal, Q. Roo a 7 de junio. \u2013 Poner como prioridad el trabajar por y para la ciudadan\u00eda othonense, por ello, este martes, el presidente del Sistema DIF Oth\u00f3n P. Blanco, David Hern\u00e1ndez Sol\u00eds, encabez\u00f3 una rueda de prensa para dar a conocer los pormenores de la conferencia \u201cLa Felicidad Eres T\u00fa\u201d, llevada a cabo por el actor, conductor y conferencista, Fernando del Solar.<\/p><p>El titular del DIF, se\u00f1al\u00f3 que, en cumplimiento al segundo eje prioritario del gobierno municipal, de mejorar el bienestar y la justicia social, se une con la Fundaci\u00f3n SiiniKo\u2019ob, quien por a\u00f1os ha impulsado eventos con causa en favor de quienes m\u00e1s los necesitan y de igual forma, con el actor Fernando del Solar, siendo parte de estos eventos, impartiendo pl\u00e1ticas que pueden nutrir y ayudar a la poblaci\u00f3n.<\/p><p>\u201cAgradezco enormemente por la apertura al DIF Municipal, y reafirmo mi compromiso y el de la presidenta municipal, Yensunni Mart\u00ednez, por trabajar para toda la poblaci\u00f3n y m\u00e1s para los grupos vulnerables\u201d, agreg\u00f3 David Hern\u00e1ndez.<\/p><p>Por su parte, la maestra Mercedes P\u00e9rez Loeza, se\u00f1al\u00f3 que desde hace 12 a\u00f1os de la creaci\u00f3n de Fundaci\u00f3n SiiniKo\u2019ob, han dedicado sus esfuerzos a mejorar distintos aspectos de la ciudadan\u00eda y ser una mano amiga a quien lo necesite.<\/p><p>Puntualiz\u00f3 que la conferencia que impartir\u00e1 Fernando del Solar, y que contar\u00e1 con la participaci\u00f3n especial de Anna Ferro, ser\u00e1 para beneficio de jornadas neurol\u00f3gicas para ni\u00f1os y j\u00f3venes de escasos recursos, que tienen a bien detectar a tiempo alg\u00fan trastorno como el TDH, autismo, esquizofrenia, entre otros, para ser tratados a tiempo y la forma correcta. Indic\u00f3 que, con lo recaudado, planean brindar atenci\u00f3n a 120 ni\u00f1as, ni\u00f1os y j\u00f3venes.<\/p><p>El actor Fernando del Solar, expres\u00f3 su felicidad por ser parte de acciones que beneficien a Chetumal; en este sentido, dijo que con su exposici\u00f3n busca generar conciencia de ayuda para hacer un movimiento fuerte que llene los corazones de esperanza.<\/p><p>La conferencia \u201cLa Felicidad Eres T\u00fa\u201d, se llevar\u00e1 a cabo este mi\u00e9rcoles 8 de junio en punto de las 7:00 PM en el Teatro Constituyentes del 74, con un donativo de 250 pesos; los interesados podr\u00e1n comunicarse al 9837335791.<\/p><\/div>\n\t\t\t\t<\/div>\n\t\t\t\t<\/div>\n\t\t\t\t\t\t<\/div>\n\t\t\t\t\t<\/div>\n\t\t<\/div>\n\t\t\t\t\t\t\t\t<\/div>\n\t\t\t\t\t<\/div>\n\t\t<\/section>\n\t\t\t\t<section class=\"elementor-section elementor-top-section elementor-element elementor-element-6609bcf elementor-section-boxed elementor-section-height-default elementor-section-height-default\" data-id=\"6609bcf\" data-element_type=\"section\">\n\t\t\t\t\t\t<div class=\"elementor-container elementor-column-gap-default\">\n\t\t\t\t\t\t\t<div class=\"elementor-row\">\n\t\t\t\t\t<div class=\"elementor-column elementor-col-100 elementor-top-column elementor-element elementor-element-cee5511\" data-id=\"cee5511\" data-element_type=\"column\">\n\t\t\t<div class=\"elementor-column-wrap elementor-element-populated\">\n\t\t\t\t\t\t\t<div class=\"elementor-widget-wrap\">\n\t\t\t\t\t\t<div class=\"elementor-element elementor-element-62e06b1 elementor-widget elementor-widget-image-gallery\" data-id=\"62e06b1\" data-element_type=\"widget\" data-widget_type=\"image-gallery.default\">\n\t\t\t\t<div class=\"elementor-widget-container\">\n\t\t\t\t\t<div class=\"elementor-image-gallery\">\n\t\t\t<div id='gallery-1' class='gallery galleryid-21822 gallery-columns-4 gallery-size-medium'><figure class='gallery-item'>\n\t\t\t<div class='gallery-icon landscape'>\n\t\t\t\t<a data-elementor-open-lightbox=\"yes\" data-elementor-lightbox-slideshow=\"62e06b1\" data-elementor-lightbox-title=\"WhatsApp Image 2022-06-07 at 2.51.13 PM\" href='https:\/\/www.opb.gob.mx\/portal\/wp-content\/uploads\/2022\/06\/WhatsApp-Image-2022-06-07-at-2.51.13-PM.jpeg'><img width=\"768\" height=\"456\" src=\"https:\/\/www.opb.gob.mx\/portal\/wp-content\/uploads\/2022\/06\/WhatsApp-Image-2022-06-07-at-2.51.13-PM-768x456.jpeg\" class=\"attachment-medium size-medium\" alt=\"\" loading=\"lazy\" srcset=\"https:\/\/www.opb.gob.mx\/portal\/wp-content\/uploads\/2022\/06\/WhatsApp-Image-2022-06-07-at-2.51.13-PM-768x456.jpeg 768w, https:\/\/www.opb.gob.mx\/portal\/wp-content\/uploads\/2022\/06\/WhatsApp-Image-2022-06-07-at-2.51.13-PM-1170x694.jpeg 1170w\" sizes=\"(max-width: 768px) 100vw, 768px\" \/><\/a>\n\t\t\t<\/div><\/figure><figure class='gallery-item'>\n\t\t\t<div class='gallery-icon landscape'>\n\t\t\t\t<a data-elementor-open-lightbox=\"yes\" data-elementor-lightbox-slideshow=\"62e06b1\" data-elementor-lightbox-title=\"WhatsApp Image 2022-06-07 at 2.51.13 PM (1)\" href='https:\/\/www.opb.gob.mx\/portal\/wp-content\/uploads\/2022\/06\/WhatsApp-Image-2022-06-07-at-2.51.13-PM-1.jpeg'><img width=\"768\" height=\"456\" src=\"https:\/\/www.opb.gob.mx\/portal\/wp-content\/uploads\/2022\/06\/WhatsApp-Image-2022-06-07-at-2.51.13-PM-1-768x456.jpeg\" class=\"attachment-medium size-medium\" alt=\"\" loading=\"lazy\" srcset=\"https:\/\/www.opb.gob.mx\/portal\/wp-content\/uploads\/2022\/06\/WhatsApp-Image-2022-06-07-at-2.51.13-PM-1-768x456.jpeg 768w, https:\/\/www.opb.gob.mx\/portal\/wp-content\/uploads\/2022\/06\/WhatsApp-Image-2022-06-07-at-2.51.13-PM-1-1170x694.jpeg 1170w\" sizes=\"(max-width: 768px) 100vw, 768px\" \/><\/a>\n\t\t\t<\/div><\/figure><figure class='gallery-item'>\n\t\t\t<div class='gallery-icon landscape'>\n\t\t\t\t<a data-elementor-open-lightbox=\"yes\" data-elementor-lightbox-slideshow=\"62e06b1\" data-elementor-lightbox-title=\"WhatsApp Image 2022-06-07 at 2.51.14 PM\" href='https:\/\/www.opb.gob.mx\/portal\/wp-content\/uploads\/2022\/06\/WhatsApp-Image-2022-06-07-at-2.51.14-PM.jpeg'><img width=\"768\" height=\"456\" src=\"https:\/\/www.opb.gob.mx\/portal\/wp-content\/uploads\/2022\/06\/WhatsApp-Image-2022-06-07-at-2.51.14-PM-768x456.jpeg\" class=\"attachment-medium size-medium\" alt=\"\" loading=\"lazy\" srcset=\"https:\/\/www.opb.gob.mx\/portal\/wp-content\/uploads\/2022\/06\/WhatsApp-Image-2022-06-07-at-2.51.14-PM-768x456.jpeg 768w, https:\/\/www.opb.gob.mx\/portal\/wp-content\/uploads\/2022\/06\/WhatsApp-Image-2022-06-07-at-2.51.14-PM-1170x694.jpeg 1170w\" sizes=\"(max-width: 768px) 100vw, 768px\" \/><\/a>\n\t\t\t<\/div><\/figure><figure class='gallery-item'>\n\t\t\t<div class='gallery-icon landscape'>\n\t\t\t\t<a data-elementor-open-lightbox=\"yes\" data-elementor-lightbox-slideshow=\"62e06b1\" data-elementor-lightbox-title=\"WhatsApp Image 2022-06-07 at 2.51.15 PM\" href='https:\/\/www.opb.gob.mx\/portal\/wp-content\/uploads\/2022\/06\/WhatsApp-Image-2022-06-07-at-2.51.15-PM.jpeg'><img width=\"768\" height=\"456\" src=\"https:\/\/www.opb.gob.mx\/portal\/wp-content\/uploads\/2022\/06\/WhatsApp-Image-2022-06-07-at-2.51.15-PM-768x456.jpeg\" class=\"attachment-medium size-medium\" alt=\"\" loading=\"lazy\" srcset=\"https:\/\/www.opb.gob.mx\/portal\/wp-content\/uploads\/2022\/06\/WhatsApp-Image-2022-06-07-at-2.51.15-PM-768x456.jpeg 768w, https:\/\/www.opb.gob.mx\/portal\/wp-content\/uploads\/2022\/06\/WhatsApp-Image-2022-06-07-at-2.51.15-PM-1170x694.jpeg 1170w\" sizes=\"(max-width: 768px) 100vw, 768px\" \/><\/a>\n\t\t\t<\/div><\/figure>\n\t\t<\/div>\n\t\t<\/div>\n\t\t\t\t<\/div>\n\t\t\t\t<\/div>\n\t\t\t\t\t\t<\/div>\n\t\t\t\t\t<\/div>\n\t\t<\/div>\n\t\t\t\t\t\t\t\t<\/div>\n\t\t\t\t\t<\/div>\n\t\t<\/section>\n\t\t\t\t\t\t<\/div>\n\t\t\t\t\t\t<\/div>\n\t\t\t\t\t<\/div>\n\t\t","protected":false},"excerpt":{"rendered":"<p>Para el DIF Oth\u00f3n P. Blanco, es un gusto tener manos amigas con las cuales podamos ayudar a m\u00e1s gente: David Hern\u00e1ndez.<br \/>\n64\/2022.<\/p>\n","protected":false},"author":9,"featured_media":21825,"comment_status":"closed","ping_status":"open","sticky":false,"template":"","format":"standard","meta":[],"categories":[27],"tags":[],"_links":{"self":[{"href":"https:\/\/www.opb.gob.mx\/portal\/index.php?rest_route=\/wp\/v2\/posts\/21822"}],"collection":[{"href":"https:\/\/www.opb.gob.mx\/portal\/index.php?rest_route=\/wp\/v2\/posts"}],"about":[{"href":"https:\/\/www.opb.gob.mx\/portal\/index.php?rest_route=\/wp\/v2\/types\/post"}],"author":[{"embeddable":true,"href":"https:\/\/www.opb.gob.mx\/portal\/index.php?rest_route=\/wp\/v2\/users\/9"}],"replies":[{"embeddable":true,"href":"https:\/\/www.opb.gob.mx\/portal\/index.php?rest_route=%2Fwp%2Fv2%2Fcomments&post=21822"}],"version-history":[{"count":3,"href":"https:\/\/www.opb.gob.mx\/portal\/index.php?rest_route=\/wp\/v2\/posts\/21822\/revisions"}],"predecessor-version":[{"id":21829,"href":"https:\/\/www.opb.gob.mx\/portal\/index.php?rest_route=\/wp\/v2\/posts\/21822\/revisions\/21829"}],"wp:featuredmedia":[{"embeddable":true,"href":"https:\/\/www.opb.gob.mx\/portal\/index.php?rest_route=\/wp\/v2\/media\/21825"}],"wp:attachment":[{"href":"https:\/\/www.opb.gob.mx\/portal\/index.php?rest_route=%2Fwp%2Fv2%2Fmedia&parent=21822"}],"wp:term":[{"taxonomy":"category","embeddable":true,"href":"https:\/\/www.opb.gob.mx\/portal\/index.php?rest_route=%2Fwp%2Fv2%2Fcategories&post=21822"},{"taxonomy":"post_tag","embeddable":true,"href":"https:\/\/www.opb.gob.mx\/portal\/index.php?rest_route=%2Fwp%2Fv2%2Ftags&post=21822"}],"curies":[{"name":"wp","href":"https:\/\/api.w.org\/{rel}","templated":true}]}}