{"id":21838,"date":"2022-06-08T17:32:29","date_gmt":"2022-06-08T17:32:29","guid":{"rendered":"http:\/\/www.opb.gob.mx\/portal\/?p=21838"},"modified":"2022-06-08T22:36:58","modified_gmt":"2022-06-08T22:36:58","slug":"promover-cultura-para-incrementar-turismo-de-este-sector-en-opb","status":"publish","type":"post","link":"https:\/\/www.opb.gob.mx\/portal\/?p=21838","title":{"rendered":"PROMOVER CULTURA PARA INCREMENTAR TURISMO DE ESTE SECTOR EN OPB."},"content":{"rendered":"\t\t<div data-elementor-type=\"wp-post\" data-elementor-id=\"21838\" class=\"elementor elementor-21838\" data-elementor-settings=\"[]\">\n\t\t\t\t\t\t<div class=\"elementor-inner\">\n\t\t\t\t\t\t\t<div class=\"elementor-section-wrap\">\n\t\t\t\t\t\t\t<section class=\"elementor-section elementor-top-section elementor-element elementor-element-33ff40e elementor-section-boxed elementor-section-height-default elementor-section-height-default\" data-id=\"33ff40e\" data-element_type=\"section\">\n\t\t\t\t\t\t<div class=\"elementor-container elementor-column-gap-default\">\n\t\t\t\t\t\t\t<div class=\"elementor-row\">\n\t\t\t\t\t<div class=\"elementor-column elementor-col-100 elementor-top-column elementor-element elementor-element-7204de8\" data-id=\"7204de8\" data-element_type=\"column\">\n\t\t\t<div class=\"elementor-column-wrap elementor-element-populated\">\n\t\t\t\t\t\t\t<div class=\"elementor-widget-wrap\">\n\t\t\t\t\t\t<div class=\"elementor-element elementor-element-28bce2b elementor-widget elementor-widget-text-editor\" data-id=\"28bce2b\" data-element_type=\"widget\" data-widget_type=\"text-editor.default\">\n\t\t\t\t<div class=\"elementor-widget-container\">\n\t\t\t\t\t<div class=\"elementor-text-editor elementor-clearfix\"><p>Chetumal, Q. Roo a 8 de junio. \u2013 Abrir las puertas para facilitar el fortalecimiento de espacios que traigan beneficios a Oth\u00f3n P. Blanco, es una de las prioridades de la presente administraci\u00f3n municipal, por ello, este mi\u00e9rcoles, la presidenta municipal, Yensunni Mart\u00ednez Hern\u00e1ndez, particip\u00f3 con el director general del colectivo \u00c1rbol Rojo, Alejandro Silveira, en una rueda de prensa para dar a conocer los detalles de los festejos por el quinto aniversario de dicha organizaci\u00f3n cultural.<\/p><p>La alcaldesa capitalina, felicit\u00f3 Alejandro Silveira, por todos los a\u00f1os de esfuerzos y dedicaci\u00f3n que ha invertido en el proyecto y tambi\u00e9n por el arraigo que tiene con Chetumal, pues ha logrado posicionarlo a nivel internacional con muestras de cine.<\/p><p>\u201cCelebro que estos eventos contin\u00faen estando en Chetumal, y en esta ocasi\u00f3n tambi\u00e9n en Mahahual, ya que de esta forma el mundo conoce todo lo que tenemos para ofrecer, agregando esta oferta cultural para todo aquel que nos visita\u201d, indic\u00f3 Yensunni Mart\u00ednez.<\/p><p>Por su parte, el director de \u00c1rbol Rojo, se\u00f1al\u00f3 que, gracias a las alianzas realizadas con diferentes fundaciones, colectivos y asociaciones, Chetumal, Mahahual y Bacalar, ser\u00e1n sede de grandes estrenos de pel\u00edculas de talla internacional.<\/p><p>Expres\u00f3 que del 30 a junio al 10 de julio, el sur del estado de Quintana Roo, se vestir\u00e1 de gala con grandes eventos en lugares espectaculares, que ser\u00e1n parte del atractivo del aniversario de \u00c1rbol Rojo.<\/p><p>Puntualiz\u00f3 que tendr\u00e1n la participaci\u00f3n de la 71 Muestra Internacional de Cine con 8 pel\u00edculas; el Festival Internacional de Cine de Morelia por sus 20 a\u00f1os, con 5 pel\u00edculas; y el Festival Ambulante.<\/p><p>Alejandro Silveira dijo que se tienen grandes sorpresas, de principio a fin, como un homenaje a la actriz Mar\u00eda Rojo, en la gala inaugural el 30 de junio, entre muchas otras.<\/p><p>Revel\u00f3 que las pel\u00edculas presentadas en el festival, estar\u00e1n disponibles en Cin\u00e9polis Chetumal, Cin\u00e9polis Click, el Jard\u00edn de la Biblioteca Rojo G\u00f3mez, el Fuerte de San Felipe de Bacalar y el foro de Mahahual.<\/p><p>Asimismo, inform\u00f3 que buscan tener una parte educativa que estar\u00e1 conformada por talleres: \u201cLa Fuerza del Sonido\u201d, \u201cResuelve lo en Post\u201d impartido por la agencia creativa Art Kingdom; taller de actuaci\u00f3n para cine presentada por Gabriela Cartol; y el taller VFX impartido por APIXFILMS. Finalmente se\u00f1al\u00f3 que la cartelera estar\u00e1 disponible en las redes sociales del Colectivo.<\/p><p>Al evento asistieron tambi\u00e9n: en representaci\u00f3n de la directora del Instituto de la Cultura y las Artes en Quintana Roo, Jaqueline Estrada Pe\u00f1a, Oscar Marrufo; el director de turismo en Bacalar, Edmundo G\u00f3mez Koyoc, en representaci\u00f3n del presidente municipal de Bacalar, Jos\u00e9 Contreras M\u00e9ndez; en representaci\u00f3n de la directora general del Instituto Quintanarroense de la Juventud, Katia Atondo Apodaca, Geanina Pescador Sala; y Elner Alonso Salazar Rivero, coordinador general del colectivo Queertana Roo.<\/p><\/div>\n\t\t\t\t<\/div>\n\t\t\t\t<\/div>\n\t\t\t\t\t\t<\/div>\n\t\t\t\t\t<\/div>\n\t\t<\/div>\n\t\t\t\t\t\t\t\t<\/div>\n\t\t\t\t\t<\/div>\n\t\t<\/section>\n\t\t\t\t<section class=\"elementor-section elementor-top-section elementor-element elementor-element-8e1957a elementor-section-boxed elementor-section-height-default elementor-section-height-default\" data-id=\"8e1957a\" data-element_type=\"section\">\n\t\t\t\t\t\t<div class=\"elementor-container elementor-column-gap-default\">\n\t\t\t\t\t\t\t<div class=\"elementor-row\">\n\t\t\t\t\t<div class=\"elementor-column elementor-col-100 elementor-top-column elementor-element elementor-element-c65a672\" data-id=\"c65a672\" data-element_type=\"column\">\n\t\t\t<div class=\"elementor-column-wrap elementor-element-populated\">\n\t\t\t\t\t\t\t<div class=\"elementor-widget-wrap\">\n\t\t\t\t\t\t<div class=\"elementor-element elementor-element-1b589c0 elementor-widget elementor-widget-image-gallery\" data-id=\"1b589c0\" data-element_type=\"widget\" data-widget_type=\"image-gallery.default\">\n\t\t\t\t<div class=\"elementor-widget-container\">\n\t\t\t\t\t<div class=\"elementor-image-gallery\">\n\t\t\t<div id='gallery-1' class='gallery galleryid-21838 gallery-columns-4 gallery-size-medium'><figure class='gallery-item'>\n\t\t\t<div class='gallery-icon landscape'>\n\t\t\t\t<a data-elementor-open-lightbox=\"yes\" data-elementor-lightbox-slideshow=\"1b589c0\" data-elementor-lightbox-title=\"WhatsApp Image 2022-06-08 at 5.21.23 PM\" href='https:\/\/www.opb.gob.mx\/portal\/wp-content\/uploads\/2022\/06\/WhatsApp-Image-2022-06-08-at-5.21.23-PM.jpeg'><img width=\"768\" height=\"456\" src=\"https:\/\/www.opb.gob.mx\/portal\/wp-content\/uploads\/2022\/06\/WhatsApp-Image-2022-06-08-at-5.21.23-PM-768x456.jpeg\" class=\"attachment-medium size-medium\" alt=\"\" loading=\"lazy\" srcset=\"https:\/\/www.opb.gob.mx\/portal\/wp-content\/uploads\/2022\/06\/WhatsApp-Image-2022-06-08-at-5.21.23-PM-768x456.jpeg 768w, https:\/\/www.opb.gob.mx\/portal\/wp-content\/uploads\/2022\/06\/WhatsApp-Image-2022-06-08-at-5.21.23-PM-1170x694.jpeg 1170w\" sizes=\"(max-width: 768px) 100vw, 768px\" \/><\/a>\n\t\t\t<\/div><\/figure><figure class='gallery-item'>\n\t\t\t<div class='gallery-icon landscape'>\n\t\t\t\t<a data-elementor-open-lightbox=\"yes\" data-elementor-lightbox-slideshow=\"1b589c0\" data-elementor-lightbox-title=\"WhatsApp Image 2022-06-08 at 5.21.27 PM\" href='https:\/\/www.opb.gob.mx\/portal\/wp-content\/uploads\/2022\/06\/WhatsApp-Image-2022-06-08-at-5.21.27-PM.jpeg'><img width=\"768\" height=\"456\" src=\"https:\/\/www.opb.gob.mx\/portal\/wp-content\/uploads\/2022\/06\/WhatsApp-Image-2022-06-08-at-5.21.27-PM-768x456.jpeg\" class=\"attachment-medium size-medium\" alt=\"\" loading=\"lazy\" srcset=\"https:\/\/www.opb.gob.mx\/portal\/wp-content\/uploads\/2022\/06\/WhatsApp-Image-2022-06-08-at-5.21.27-PM-768x456.jpeg 768w, https:\/\/www.opb.gob.mx\/portal\/wp-content\/uploads\/2022\/06\/WhatsApp-Image-2022-06-08-at-5.21.27-PM-1170x694.jpeg 1170w\" sizes=\"(max-width: 768px) 100vw, 768px\" \/><\/a>\n\t\t\t<\/div><\/figure><figure class='gallery-item'>\n\t\t\t<div class='gallery-icon landscape'>\n\t\t\t\t<a data-elementor-open-lightbox=\"yes\" data-elementor-lightbox-slideshow=\"1b589c0\" data-elementor-lightbox-title=\"WhatsApp Image 2022-06-08 at 5.21.29 PM\" href='https:\/\/www.opb.gob.mx\/portal\/wp-content\/uploads\/2022\/06\/WhatsApp-Image-2022-06-08-at-5.21.29-PM.jpeg'><img width=\"768\" height=\"456\" src=\"https:\/\/www.opb.gob.mx\/portal\/wp-content\/uploads\/2022\/06\/WhatsApp-Image-2022-06-08-at-5.21.29-PM-768x456.jpeg\" class=\"attachment-medium size-medium\" alt=\"\" loading=\"lazy\" srcset=\"https:\/\/www.opb.gob.mx\/portal\/wp-content\/uploads\/2022\/06\/WhatsApp-Image-2022-06-08-at-5.21.29-PM-768x456.jpeg 768w, https:\/\/www.opb.gob.mx\/portal\/wp-content\/uploads\/2022\/06\/WhatsApp-Image-2022-06-08-at-5.21.29-PM-1170x694.jpeg 1170w\" sizes=\"(max-width: 768px) 100vw, 768px\" \/><\/a>\n\t\t\t<\/div><\/figure><figure class='gallery-item'>\n\t\t\t<div class='gallery-icon landscape'>\n\t\t\t\t<a data-elementor-open-lightbox=\"yes\" data-elementor-lightbox-slideshow=\"1b589c0\" data-elementor-lightbox-title=\"WhatsApp Image 2022-06-08 at 5.21.31 PM\" href='https:\/\/www.opb.gob.mx\/portal\/wp-content\/uploads\/2022\/06\/WhatsApp-Image-2022-06-08-at-5.21.31-PM.jpeg'><img width=\"768\" height=\"456\" src=\"https:\/\/www.opb.gob.mx\/portal\/wp-content\/uploads\/2022\/06\/WhatsApp-Image-2022-06-08-at-5.21.31-PM-768x456.jpeg\" class=\"attachment-medium size-medium\" alt=\"\" loading=\"lazy\" srcset=\"https:\/\/www.opb.gob.mx\/portal\/wp-content\/uploads\/2022\/06\/WhatsApp-Image-2022-06-08-at-5.21.31-PM-768x456.jpeg 768w, https:\/\/www.opb.gob.mx\/portal\/wp-content\/uploads\/2022\/06\/WhatsApp-Image-2022-06-08-at-5.21.31-PM-1170x694.jpeg 1170w\" sizes=\"(max-width: 768px) 100vw, 768px\" \/><\/a>\n\t\t\t<\/div><\/figure>\n\t\t<\/div>\n\t\t<\/div>\n\t\t\t\t<\/div>\n\t\t\t\t<\/div>\n\t\t\t\t\t\t<\/div>\n\t\t\t\t\t<\/div>\n\t\t<\/div>\n\t\t\t\t\t\t\t\t<\/div>\n\t\t\t\t\t<\/div>\n\t\t<\/section>\n\t\t\t\t\t\t<\/div>\n\t\t\t\t\t\t<\/div>\n\t\t\t\t\t<\/div>\n\t\t","protected":false},"excerpt":{"rendered":"<p>Es importante sumar atractivos culturales al sur del estado para tener m\u00e1s que ofertar a las y los visitantes, y locales: Yensunni Mart\u00ednez.<br \/>\n66\/2022.<\/p>\n","protected":false},"author":9,"featured_media":21841,"comment_status":"closed","ping_status":"open","sticky":false,"template":"","format":"standard","meta":[],"categories":[27],"tags":[],"_links":{"self":[{"href":"https:\/\/www.opb.gob.mx\/portal\/index.php?rest_route=\/wp\/v2\/posts\/21838"}],"collection":[{"href":"https:\/\/www.opb.gob.mx\/portal\/index.php?rest_route=\/wp\/v2\/posts"}],"about":[{"href":"https:\/\/www.opb.gob.mx\/portal\/index.php?rest_route=\/wp\/v2\/types\/post"}],"author":[{"embeddable":true,"href":"https:\/\/www.opb.gob.mx\/portal\/index.php?rest_route=\/wp\/v2\/users\/9"}],"replies":[{"embeddable":true,"href":"https:\/\/www.opb.gob.mx\/portal\/index.php?rest_route=%2Fwp%2Fv2%2Fcomments&post=21838"}],"version-history":[{"count":2,"href":"https:\/\/www.opb.gob.mx\/portal\/index.php?rest_route=\/wp\/v2\/posts\/21838\/revisions"}],"predecessor-version":[{"id":21844,"href":"https:\/\/www.opb.gob.mx\/portal\/index.php?rest_route=\/wp\/v2\/posts\/21838\/revisions\/21844"}],"wp:featuredmedia":[{"embeddable":true,"href":"https:\/\/www.opb.gob.mx\/portal\/index.php?rest_route=\/wp\/v2\/media\/21841"}],"wp:attachment":[{"href":"https:\/\/www.opb.gob.mx\/portal\/index.php?rest_route=%2Fwp%2Fv2%2Fmedia&parent=21838"}],"wp:term":[{"taxonomy":"category","embeddable":true,"href":"https:\/\/www.opb.gob.mx\/portal\/index.php?rest_route=%2Fwp%2Fv2%2Fcategories&post=21838"},{"taxonomy":"post_tag","embeddable":true,"href":"https:\/\/www.opb.gob.mx\/portal\/index.php?rest_route=%2Fwp%2Fv2%2Ftags&post=21838"}],"curies":[{"name":"wp","href":"https:\/\/api.w.org\/{rel}","templated":true}]}}