{"id":21858,"date":"2022-06-09T14:25:24","date_gmt":"2022-06-09T14:25:24","guid":{"rendered":"http:\/\/www.opb.gob.mx\/portal\/?p=21858"},"modified":"2022-06-09T14:28:11","modified_gmt":"2022-06-09T14:28:11","slug":"boletin-meteorologico-del-dia-09-de-junio-del-2022","status":"publish","type":"post","link":"https:\/\/www.opb.gob.mx\/portal\/?p=21858","title":{"rendered":"BOLET\u00cdN METEOROL\u00d3GICO DEL D\u00cdA 09 DE JUNIO DEL 2022"},"content":{"rendered":"\t\t<div data-elementor-type=\"wp-post\" data-elementor-id=\"21858\" class=\"elementor elementor-21858\" data-elementor-settings=\"[]\">\n\t\t\t\t\t\t<div class=\"elementor-inner\">\n\t\t\t\t\t\t\t<div class=\"elementor-section-wrap\">\n\t\t\t\t\t\t\t<section class=\"elementor-section elementor-top-section elementor-element elementor-element-62ee3da elementor-section-boxed elementor-section-height-default elementor-section-height-default\" data-id=\"62ee3da\" data-element_type=\"section\">\n\t\t\t\t\t\t<div class=\"elementor-container elementor-column-gap-default\">\n\t\t\t\t\t\t\t<div class=\"elementor-row\">\n\t\t\t\t\t<div class=\"elementor-column elementor-col-100 elementor-top-column elementor-element elementor-element-658c731\" data-id=\"658c731\" data-element_type=\"column\">\n\t\t\t<div class=\"elementor-column-wrap elementor-element-populated\">\n\t\t\t\t\t\t\t<div class=\"elementor-widget-wrap\">\n\t\t\t\t\t\t<div class=\"elementor-element elementor-element-4f563f4 elementor-widget elementor-widget-text-editor\" data-id=\"4f563f4\" data-element_type=\"widget\" data-widget_type=\"text-editor.default\">\n\t\t\t\t<div class=\"elementor-widget-container\">\n\t\t\t\t\t<div class=\"elementor-text-editor elementor-clearfix\"><p><span style=\"text-decoration: underline;\"><strong>PERIODO DE VALIDEZ DE LAS 06:00 HRS., A LAS 22:00 HRS. DEL D\u00cdA 09 DE JUNIO DEL 2022.<\/strong><\/span><\/p><p><br \/><strong>SINOPSIS<\/strong><\/p><p><br \/>Con base en la valoraci\u00f3n y an\u00e1lisis de la informaci\u00f3n meteorol\u00f3gica en general realizada y lo relativo a los pron\u00f3sticos del Servicio Meteorol\u00f3gico Nacional; la Coordinaci\u00f3n Estatal de Protecci\u00f3n Civil informa lo siguiente:<br \/>TIEMPO PROBABLE PARA EL ESTADO DE QUINTANA ROO<br \/>1.-Continua la vaguada t\u00e9rmica (canal de baja presi\u00f3n) localizada en superficie sobre y frente la porci\u00f3n occidental de la Pen\u00ednsula de Yucat\u00e1n; se est\u00e1 movimiento lentamente aparente al noreste; en su amplia circulaci\u00f3n perif\u00e9rica mantiene la entrada de aire mar\u00edtimo tropical con variable contenido de humedad del Golfo de M\u00e9xico y mar Caribe hacia la regi\u00f3n peninsular; generando cielo medio nublado a nublado; se registraran lluvias dispersas con chubascos acompa\u00f1ados de actividad el\u00e9ctrica ocasional sobre algunas zonas del estado de Quintana Roo m\u00e1s frecuentes por la tarde o noche.<br \/>2.- Onda tropical localizada en superficie al sur de Guatemala, Centroam\u00e9rica, y m\u00e1s al Sur sobre el oc\u00e9ano Pac\u00edfico; se est\u00e1 moviendo lentamente al Oeste, origina nubosidad y lluvias sobre su \u00e1rea de influencia; NO presenta condiciones favorables de evolucionar en un sistema tropical, seg\u00fan informaci\u00f3n del Centro Nacional de Huracanes de Miami, Florida, Estados Unidos.<\/p><p><strong>OTHON P. BLANCO.<\/strong>&#8211; Medio nublado, lluvias dispersas con chubascos aislados, muy caluroso, viento del este y sureste de 15 a 25 kph, con rachas ocasionales.<br \/><br \/><br \/>Sensaci\u00f3n t\u00e9rmica al Medio d\u00eda: 38\u00b0C.<br \/>Sensaci\u00f3n t\u00e9rmica m\u00ednima para ma\u00f1ana: 25\u00aaC.<br \/><br \/>TEMPERATURA M\u00c1XIMA: 33 a 35\u00aaC.<br \/>TEMPERATURA M\u00cdNIMA: 24 a 26\u00aaC.<\/p><p><br \/>SALIDA DEL SOL: 06:46 hrs.<br \/>PUESTA DEL SOL: 18:50 hrs.<br \/><br \/><strong>NOTA<\/strong>:<\/p><p>La Coordinaci\u00f3n Estatal de Protecci\u00f3n Civil; Emite las siguientes recomendaciones a la Poblaci\u00f3n en General.<br \/><br \/>Consultar peri\u00f3dicamente la emisi\u00f3n de los boletines meteorol\u00f3gicos los cuales se publican y actualizan en las redes sociales y la p\u00e1gina Web de la Coordinaci\u00f3n Estatal de Protecci\u00f3n Civil y del Gobierno del Estado de Quintana Roo.<br \/><br \/>Mantener las precauciones a la navegaci\u00f3n mar\u00edtima y actividades acu\u00e1ticas a lo largo de las costas del Estado de Quintana Roo y canal de Yucat\u00e1n por los efectos del viento y oleaje.<br \/><br \/>Al transitar en carretera o en zonas urbanas; extremar precauciones por los bancos de niebla que se forman por las ma\u00f1anas y noches.<\/p><\/div>\n\t\t\t\t<\/div>\n\t\t\t\t<\/div>\n\t\t\t\t\t\t<\/div>\n\t\t\t\t\t<\/div>\n\t\t<\/div>\n\t\t\t\t\t\t\t\t<\/div>\n\t\t\t\t\t<\/div>\n\t\t<\/section>\n\t\t\t\t<section class=\"elementor-section elementor-top-section elementor-element elementor-element-0897f53 elementor-section-boxed elementor-section-height-default elementor-section-height-default\" data-id=\"0897f53\" data-element_type=\"section\">\n\t\t\t\t\t\t<div class=\"elementor-container elementor-column-gap-default\">\n\t\t\t\t\t\t\t<div class=\"elementor-row\">\n\t\t\t\t\t<div class=\"elementor-column elementor-col-100 elementor-top-column elementor-element elementor-element-5435f8f\" data-id=\"5435f8f\" data-element_type=\"column\">\n\t\t\t<div class=\"elementor-column-wrap elementor-element-populated\">\n\t\t\t\t\t\t\t<div class=\"elementor-widget-wrap\">\n\t\t\t\t\t\t<div class=\"elementor-element elementor-element-c6f5cf6 elementor-widget elementor-widget-spacer\" data-id=\"c6f5cf6\" data-element_type=\"widget\" data-widget_type=\"spacer.default\">\n\t\t\t\t<div class=\"elementor-widget-container\">\n\t\t\t\t\t<div class=\"elementor-spacer\">\n\t\t\t<div class=\"elementor-spacer-inner\"><\/div>\n\t\t<\/div>\n\t\t\t\t<\/div>\n\t\t\t\t<\/div>\n\t\t\t\t\t\t<\/div>\n\t\t\t\t\t<\/div>\n\t\t<\/div>\n\t\t\t\t\t\t\t\t<\/div>\n\t\t\t\t\t<\/div>\n\t\t<\/section>\n\t\t\t\t<section class=\"elementor-section elementor-top-section elementor-element elementor-element-a642606 elementor-section-boxed elementor-section-height-default elementor-section-height-default\" data-id=\"a642606\" data-element_type=\"section\">\n\t\t\t\t\t\t<div class=\"elementor-container elementor-column-gap-default\">\n\t\t\t\t\t\t\t<div class=\"elementor-row\">\n\t\t\t\t\t<div class=\"elementor-column elementor-col-100 elementor-top-column elementor-element elementor-element-96a4f6e\" data-id=\"96a4f6e\" data-element_type=\"column\">\n\t\t\t<div class=\"elementor-column-wrap elementor-element-populated\">\n\t\t\t\t\t\t\t<div class=\"elementor-widget-wrap\">\n\t\t\t\t\t\t<div class=\"elementor-element elementor-element-7de1d95 elementor-widget elementor-widget-image\" data-id=\"7de1d95\" data-element_type=\"widget\" data-widget_type=\"image.default\">\n\t\t\t\t<div class=\"elementor-widget-container\">\n\t\t\t\t\t<div class=\"elementor-image\">\n\t\t\t\t\t\t\t\t\t\t\t<a href=\"https:\/\/www.facebook.com\/236425840062787\/photos\/a.323793914659312\/1604561569915867\/\">\n\t\t\t\t\t\t\t<img width=\"826\" height=\"694\" src=\"https:\/\/www.opb.gob.mx\/portal\/wp-content\/uploads\/2022\/06\/BOLETIN-METEOROLOGICO-DEL-DIA-09-DE-JUNIO-DEL-2022-826x694.jpg\" class=\"attachment-large size-large\" alt=\"\" loading=\"lazy\" \/>\t\t\t\t\t\t\t\t<\/a>\n\t\t\t\t\t\t\t\t\t\t\t<\/div>\n\t\t\t\t<\/div>\n\t\t\t\t<\/div>\n\t\t\t\t\t\t<\/div>\n\t\t\t\t\t<\/div>\n\t\t<\/div>\n\t\t\t\t\t\t\t\t<\/div>\n\t\t\t\t\t<\/div>\n\t\t<\/section>\n\t\t\t\t\t\t<\/div>\n\t\t\t\t\t\t<\/div>\n\t\t\t\t\t<\/div>\n\t\t","protected":false},"excerpt":{"rendered":"<p>PERIODO DE VALIDEZ DE LAS 06:00 HRS., A LAS 22:00 HRS. DEL D\u00cdA 09 DE JUNIO DEL 2022. SINOPSIS Con base en la valoraci\u00f3n y an\u00e1lisis de la informaci\u00f3n meteorol\u00f3gica en general realizada y lo relativo a los pron\u00f3sticos del Servicio Meteorol\u00f3gico Nacional; la Coordinaci\u00f3n Estatal de Protecci\u00f3n Civil informa lo siguiente:TIEMPO PROBABLE PARA EL<\/p>\n","protected":false},"author":7,"featured_media":21860,"comment_status":"closed","ping_status":"open","sticky":false,"template":"","format":"standard","meta":[],"categories":[28],"tags":[],"_links":{"self":[{"href":"https:\/\/www.opb.gob.mx\/portal\/index.php?rest_route=\/wp\/v2\/posts\/21858"}],"collection":[{"href":"https:\/\/www.opb.gob.mx\/portal\/index.php?rest_route=\/wp\/v2\/posts"}],"about":[{"href":"https:\/\/www.opb.gob.mx\/portal\/index.php?rest_route=\/wp\/v2\/types\/post"}],"author":[{"embeddable":true,"href":"https:\/\/www.opb.gob.mx\/portal\/index.php?rest_route=\/wp\/v2\/users\/7"}],"replies":[{"embeddable":true,"href":"https:\/\/www.opb.gob.mx\/portal\/index.php?rest_route=%2Fwp%2Fv2%2Fcomments&post=21858"}],"version-history":[{"count":2,"href":"https:\/\/www.opb.gob.mx\/portal\/index.php?rest_route=\/wp\/v2\/posts\/21858\/revisions"}],"predecessor-version":[{"id":21861,"href":"https:\/\/www.opb.gob.mx\/portal\/index.php?rest_route=\/wp\/v2\/posts\/21858\/revisions\/21861"}],"wp:featuredmedia":[{"embeddable":true,"href":"https:\/\/www.opb.gob.mx\/portal\/index.php?rest_route=\/wp\/v2\/media\/21860"}],"wp:attachment":[{"href":"https:\/\/www.opb.gob.mx\/portal\/index.php?rest_route=%2Fwp%2Fv2%2Fmedia&parent=21858"}],"wp:term":[{"taxonomy":"category","embeddable":true,"href":"https:\/\/www.opb.gob.mx\/portal\/index.php?rest_route=%2Fwp%2Fv2%2Fcategories&post=21858"},{"taxonomy":"post_tag","embeddable":true,"href":"https:\/\/www.opb.gob.mx\/portal\/index.php?rest_route=%2Fwp%2Fv2%2Ftags&post=21858"}],"curies":[{"name":"wp","href":"https:\/\/api.w.org\/{rel}","templated":true}]}}