{"id":22821,"date":"2022-08-04T14:03:29","date_gmt":"2022-08-04T14:03:29","guid":{"rendered":"http:\/\/www.opb.gob.mx\/portal\/?p=22821"},"modified":"2022-08-05T14:05:35","modified_gmt":"2022-08-05T14:05:35","slug":"sistema-dif-opb-atiende-de-cerca-necesidades-de-comunidades-de-la-zona-limitrofe","status":"publish","type":"post","link":"https:\/\/www.opb.gob.mx\/portal\/?p=22821","title":{"rendered":"SISTEMA DIF OPB ATIENDE DE CERCA NECESIDADES DE COMUNIDADES DE LA ZONA LIM\u00cdTROFE."},"content":{"rendered":"\t\t<div data-elementor-type=\"wp-post\" data-elementor-id=\"22821\" class=\"elementor elementor-22821\" data-elementor-settings=\"[]\">\n\t\t\t\t\t\t<div class=\"elementor-inner\">\n\t\t\t\t\t\t\t<div class=\"elementor-section-wrap\">\n\t\t\t\t\t\t\t<section class=\"elementor-section elementor-top-section elementor-element elementor-element-664a630 elementor-section-boxed elementor-section-height-default elementor-section-height-default\" data-id=\"664a630\" data-element_type=\"section\">\n\t\t\t\t\t\t<div class=\"elementor-container elementor-column-gap-default\">\n\t\t\t\t\t\t\t<div class=\"elementor-row\">\n\t\t\t\t\t<div class=\"elementor-column elementor-col-100 elementor-top-column elementor-element elementor-element-16d12d9\" data-id=\"16d12d9\" data-element_type=\"column\">\n\t\t\t<div class=\"elementor-column-wrap elementor-element-populated\">\n\t\t\t\t\t\t\t<div class=\"elementor-widget-wrap\">\n\t\t\t\t\t\t<div class=\"elementor-element elementor-element-1b000f6 elementor-widget elementor-widget-text-editor\" data-id=\"1b000f6\" data-element_type=\"widget\" data-widget_type=\"text-editor.default\">\n\t\t\t\t<div class=\"elementor-widget-container\">\n\t\t\t\t\t<div class=\"elementor-text-editor elementor-clearfix\"><p>Chetumal, Q. Roo a 4 de agosto. \u2013 Beneficiando a m\u00e1s de 200 personas, el presidente honorario del Sistema DIF Oth\u00f3n P. Blanco, David Hern\u00e1ndez, a media semana, realiz\u00f3 una gira de trabajo por comunidades de la zona lim\u00edtrofe, en la que realiz\u00f3 la entrega de ropa, medicamentos y despensas.<\/p><p>El titular del DIF municipal indic\u00f3 que, siguiendo la l\u00ednea de trabajo de la presidenta municipal, Yensunni Mart\u00ednez Hern\u00e1ndez, y en cumplimiento al segundo eje prioritario de gobierno enfocado a mejorar el bienestar y la justicia social, realizan visitas a las comunidades, atendiendo las necesidades de adultos mayores y personas con discapacidad.<\/p><p>Se\u00f1al\u00f3 que, desde su trinchera, procuran brindar atenci\u00f3n a quienes m\u00e1s lo necesitan, con un acercamiento honesto, amable y cordial hacia las personas, que buscan un espacio en donde puedan ser resueltas sus solicitudes.<\/p><p>En este orden de ideas, puntualiz\u00f3 que, con el equipo de trabajo, el DIF othoense visit\u00f3 las comunidades de Ca\u00f1a Brava, Guillermo Prieto, Felipe \u00c1ngeles, Blasillo, Hermenegildo Galeana, El Tesoro, 21 de Mayo y Los \u00c1ngeles.<\/p><p>Ah\u00ed, realizaron donativos para la salud, vestido, y alimentos, en cada una de las comunidades, teniendo un total de 640 medicamentos entregados; y 200 beneficiadas y beneficiados desde abuelitos, abuelitas, y algunas personas con alg\u00fan tipo de discapacidad con la asistencia general que llevaron a los poblados.<\/p><p>David Hern\u00e1ndez dijo que el Sistema DIF es el \u00e1rea con el perfil m\u00e1s cercano, m\u00e1s noble del Ayuntamiento, en donde siempre se tendr\u00e1n las puertas abiertas para quien requiera de alg\u00fan servicio, como lo es el tr\u00e1mite de estudios m\u00e9dicos, apoyo en medicamentos, credencial del INAPAM, atenci\u00f3n psicol\u00f3gica y mucho m\u00e1s.<\/p><\/div>\n\t\t\t\t<\/div>\n\t\t\t\t<\/div>\n\t\t\t\t\t\t<\/div>\n\t\t\t\t\t<\/div>\n\t\t<\/div>\n\t\t\t\t\t\t\t\t<\/div>\n\t\t\t\t\t<\/div>\n\t\t<\/section>\n\t\t\t\t<section class=\"elementor-section elementor-top-section elementor-element elementor-element-6f87f4c elementor-section-boxed elementor-section-height-default elementor-section-height-default\" data-id=\"6f87f4c\" data-element_type=\"section\">\n\t\t\t\t\t\t<div class=\"elementor-container elementor-column-gap-default\">\n\t\t\t\t\t\t\t<div class=\"elementor-row\">\n\t\t\t\t\t<div class=\"elementor-column elementor-col-100 elementor-top-column elementor-element elementor-element-9506f03\" data-id=\"9506f03\" data-element_type=\"column\">\n\t\t\t<div class=\"elementor-column-wrap elementor-element-populated\">\n\t\t\t\t\t\t\t<div class=\"elementor-widget-wrap\">\n\t\t\t\t\t\t<div class=\"elementor-element elementor-element-ff0d931 elementor-widget elementor-widget-image-gallery\" data-id=\"ff0d931\" data-element_type=\"widget\" data-widget_type=\"image-gallery.default\">\n\t\t\t\t<div class=\"elementor-widget-container\">\n\t\t\t\t\t<div class=\"elementor-image-gallery\">\n\t\t\t<div id='gallery-1' class='gallery galleryid-22821 gallery-columns-4 gallery-size-medium'><figure class='gallery-item'>\n\t\t\t<div class='gallery-icon landscape'>\n\t\t\t\t<a data-elementor-open-lightbox=\"yes\" data-elementor-lightbox-slideshow=\"ff0d931\" data-elementor-lightbox-title=\"WhatsApp Image 2022-08-04 at 12.18.27 PM\" href='https:\/\/www.opb.gob.mx\/portal\/wp-content\/uploads\/2022\/08\/WhatsApp-Image-2022-08-04-at-12.18.27-PM.jpeg'><img width=\"768\" height=\"456\" src=\"https:\/\/www.opb.gob.mx\/portal\/wp-content\/uploads\/2022\/08\/WhatsApp-Image-2022-08-04-at-12.18.27-PM-768x456.jpeg\" class=\"attachment-medium size-medium\" alt=\"\" loading=\"lazy\" srcset=\"https:\/\/www.opb.gob.mx\/portal\/wp-content\/uploads\/2022\/08\/WhatsApp-Image-2022-08-04-at-12.18.27-PM-768x456.jpeg 768w, https:\/\/www.opb.gob.mx\/portal\/wp-content\/uploads\/2022\/08\/WhatsApp-Image-2022-08-04-at-12.18.27-PM-1170x694.jpeg 1170w\" sizes=\"(max-width: 768px) 100vw, 768px\" \/><\/a>\n\t\t\t<\/div><\/figure><figure class='gallery-item'>\n\t\t\t<div class='gallery-icon landscape'>\n\t\t\t\t<a data-elementor-open-lightbox=\"yes\" data-elementor-lightbox-slideshow=\"ff0d931\" data-elementor-lightbox-title=\"WhatsApp Image 2022-08-04 at 12.18.28 PM\" href='https:\/\/www.opb.gob.mx\/portal\/wp-content\/uploads\/2022\/08\/WhatsApp-Image-2022-08-04-at-12.18.28-PM.jpeg'><img width=\"768\" height=\"456\" src=\"https:\/\/www.opb.gob.mx\/portal\/wp-content\/uploads\/2022\/08\/WhatsApp-Image-2022-08-04-at-12.18.28-PM-768x456.jpeg\" class=\"attachment-medium size-medium\" alt=\"\" loading=\"lazy\" srcset=\"https:\/\/www.opb.gob.mx\/portal\/wp-content\/uploads\/2022\/08\/WhatsApp-Image-2022-08-04-at-12.18.28-PM-768x456.jpeg 768w, https:\/\/www.opb.gob.mx\/portal\/wp-content\/uploads\/2022\/08\/WhatsApp-Image-2022-08-04-at-12.18.28-PM-1170x694.jpeg 1170w\" sizes=\"(max-width: 768px) 100vw, 768px\" \/><\/a>\n\t\t\t<\/div><\/figure><figure class='gallery-item'>\n\t\t\t<div class='gallery-icon landscape'>\n\t\t\t\t<a data-elementor-open-lightbox=\"yes\" data-elementor-lightbox-slideshow=\"ff0d931\" data-elementor-lightbox-title=\"WhatsApp Image 2022-08-04 at 12.18.30 PM\" href='https:\/\/www.opb.gob.mx\/portal\/wp-content\/uploads\/2022\/08\/WhatsApp-Image-2022-08-04-at-12.18.30-PM.jpeg'><img width=\"768\" height=\"456\" src=\"https:\/\/www.opb.gob.mx\/portal\/wp-content\/uploads\/2022\/08\/WhatsApp-Image-2022-08-04-at-12.18.30-PM-768x456.jpeg\" class=\"attachment-medium size-medium\" alt=\"\" loading=\"lazy\" srcset=\"https:\/\/www.opb.gob.mx\/portal\/wp-content\/uploads\/2022\/08\/WhatsApp-Image-2022-08-04-at-12.18.30-PM-768x456.jpeg 768w, https:\/\/www.opb.gob.mx\/portal\/wp-content\/uploads\/2022\/08\/WhatsApp-Image-2022-08-04-at-12.18.30-PM-1170x694.jpeg 1170w\" sizes=\"(max-width: 768px) 100vw, 768px\" \/><\/a>\n\t\t\t<\/div><\/figure><figure class='gallery-item'>\n\t\t\t<div class='gallery-icon landscape'>\n\t\t\t\t<a data-elementor-open-lightbox=\"yes\" data-elementor-lightbox-slideshow=\"ff0d931\" data-elementor-lightbox-title=\"WhatsApp Image 2022-08-04 at 12.18.30 PM (1)\" href='https:\/\/www.opb.gob.mx\/portal\/wp-content\/uploads\/2022\/08\/WhatsApp-Image-2022-08-04-at-12.18.30-PM-1.jpeg'><img width=\"768\" height=\"456\" src=\"https:\/\/www.opb.gob.mx\/portal\/wp-content\/uploads\/2022\/08\/WhatsApp-Image-2022-08-04-at-12.18.30-PM-1-768x456.jpeg\" class=\"attachment-medium size-medium\" alt=\"\" loading=\"lazy\" \/><\/a>\n\t\t\t<\/div><\/figure>\n\t\t<\/div>\n\t\t<\/div>\n\t\t\t\t<\/div>\n\t\t\t\t<\/div>\n\t\t\t\t\t\t<\/div>\n\t\t\t\t\t<\/div>\n\t\t<\/div>\n\t\t\t\t\t\t\t\t<\/div>\n\t\t\t\t\t<\/div>\n\t\t<\/section>\n\t\t\t\t\t\t<\/div>\n\t\t\t\t\t\t<\/div>\n\t\t\t\t\t<\/div>\n\t\t","protected":false},"excerpt":{"rendered":"<p>Con la entrega de apoyos, se avanza en la atenci\u00f3n a las necesidades de la poblaci\u00f3n othonense: David Hern\u00e1ndez.<\/p>\n","protected":false},"author":9,"featured_media":22823,"comment_status":"closed","ping_status":"open","sticky":false,"template":"","format":"standard","meta":[],"categories":[27],"tags":[],"_links":{"self":[{"href":"https:\/\/www.opb.gob.mx\/portal\/index.php?rest_route=\/wp\/v2\/posts\/22821"}],"collection":[{"href":"https:\/\/www.opb.gob.mx\/portal\/index.php?rest_route=\/wp\/v2\/posts"}],"about":[{"href":"https:\/\/www.opb.gob.mx\/portal\/index.php?rest_route=\/wp\/v2\/types\/post"}],"author":[{"embeddable":true,"href":"https:\/\/www.opb.gob.mx\/portal\/index.php?rest_route=\/wp\/v2\/users\/9"}],"replies":[{"embeddable":true,"href":"https:\/\/www.opb.gob.mx\/portal\/index.php?rest_route=%2Fwp%2Fv2%2Fcomments&post=22821"}],"version-history":[{"count":2,"href":"https:\/\/www.opb.gob.mx\/portal\/index.php?rest_route=\/wp\/v2\/posts\/22821\/revisions"}],"predecessor-version":[{"id":22827,"href":"https:\/\/www.opb.gob.mx\/portal\/index.php?rest_route=\/wp\/v2\/posts\/22821\/revisions\/22827"}],"wp:featuredmedia":[{"embeddable":true,"href":"https:\/\/www.opb.gob.mx\/portal\/index.php?rest_route=\/wp\/v2\/media\/22823"}],"wp:attachment":[{"href":"https:\/\/www.opb.gob.mx\/portal\/index.php?rest_route=%2Fwp%2Fv2%2Fmedia&parent=22821"}],"wp:term":[{"taxonomy":"category","embeddable":true,"href":"https:\/\/www.opb.gob.mx\/portal\/index.php?rest_route=%2Fwp%2Fv2%2Fcategories&post=22821"},{"taxonomy":"post_tag","embeddable":true,"href":"https:\/\/www.opb.gob.mx\/portal\/index.php?rest_route=%2Fwp%2Fv2%2Ftags&post=22821"}],"curies":[{"name":"wp","href":"https:\/\/api.w.org\/{rel}","templated":true}]}}