{"id":23444,"date":"2022-09-01T15:46:35","date_gmt":"2022-09-01T15:46:35","guid":{"rendered":"http:\/\/www.opb.gob.mx\/portal\/?p=23444"},"modified":"2022-09-01T22:48:30","modified_gmt":"2022-09-01T22:48:30","slug":"ayuntamiento-de-opb-continua-con-el-impulso-a-la-economia-local","status":"publish","type":"post","link":"https:\/\/www.opb.gob.mx\/portal\/?p=23444","title":{"rendered":"AYUNTAMIENTO DE OPB CONTINUA CON EL IMPULSO A LA ECONOM\u00cdA LOCAL"},"content":{"rendered":"\t\t<div data-elementor-type=\"wp-post\" data-elementor-id=\"23444\" class=\"elementor elementor-23444\" data-elementor-settings=\"[]\">\n\t\t\t\t\t\t<div class=\"elementor-inner\">\n\t\t\t\t\t\t\t<div class=\"elementor-section-wrap\">\n\t\t\t\t\t\t\t<section class=\"elementor-section elementor-top-section elementor-element elementor-element-bac8316 elementor-section-boxed elementor-section-height-default elementor-section-height-default\" data-id=\"bac8316\" data-element_type=\"section\">\n\t\t\t\t\t\t<div class=\"elementor-container elementor-column-gap-default\">\n\t\t\t\t\t\t\t<div class=\"elementor-row\">\n\t\t\t\t\t<div class=\"elementor-column elementor-col-100 elementor-top-column elementor-element elementor-element-3e47ce2\" data-id=\"3e47ce2\" data-element_type=\"column\">\n\t\t\t<div class=\"elementor-column-wrap elementor-element-populated\">\n\t\t\t\t\t\t\t<div class=\"elementor-widget-wrap\">\n\t\t\t\t\t\t<div class=\"elementor-element elementor-element-90c22e7 elementor-widget elementor-widget-text-editor\" data-id=\"90c22e7\" data-element_type=\"widget\" data-widget_type=\"text-editor.default\">\n\t\t\t\t<div class=\"elementor-widget-container\">\n\t\t\t\t\t<div class=\"elementor-text-editor elementor-clearfix\"><p>Chetumal, Q. Roo a 1 de septiembre. \u2013 Comprometidos con dar cumplimiento al primer eje de gobierno municipal de Oth\u00f3n P. Blanco para activar la econom\u00eda othonense, como marca el primer eje prioritario de la administraci\u00f3n que encabeza la presidenta Yensunni Mart\u00ednez Hern\u00e1ndez, el Instituto Municipal de Econom\u00eda Social (IMES), realizar\u00e1 una edici\u00f3n nueva del \u201cBazar IMES\u201d, este pr\u00f3ximo 3 y 4 de septiembre.<\/p><p>El titular de dicha \u00e1rea Oscar Dzib Cocom, inform\u00f3 que aproximadamente 40 emprendedores y artesanos estar\u00e1n ofertando sus productos en el marco de este bazar que se llevar\u00e1 a cabo en el andador H\u00e9roes ubicado en la Avenida 22 de enero y pasillo de la explanada de la Bandera en la zona centro de la ciudad capital.<\/p><p>Explic\u00f3 que, el bazar dar\u00e1 inicio desde las 17:00 hasta las 22:00 horas, los d\u00edas 3 y 4 de septiembre, en donde las familias podr\u00e1n realizar un paseo al aire libre y tambi\u00e9n adquirir productos locales.<\/p><p>Dijo que el IMES organiza de manera cotidiana este tipo de actividades a fin de impulsar la reactivaci\u00f3n econ\u00f3mica de la ciudad y adem\u00e1s, a diferencia de otros tianguis, en \u00e9ste, \u00fanicamente participan personas que realizan manualidades y artesan\u00edas.<\/p><p>Por lo anterior manifest\u00f3 que las personas que participan en este bazar ofertar\u00e1n productos como: hamacas, collares, pulseras, algunos postres, y comida, pero sobre todo, productos 100 por ciento elaborados por ellos y no revendedores.<\/p><p>Dzib Cocom reiter\u00f3 que este tipo de acciones forman parte del primer eje rector del plan de gobierno que encabeza la presidenta municipal de Oth\u00f3n P. Blanco, Yensunni Mart\u00ednez, de impulsar la actividad econ\u00f3mica, as\u00ed como estimular las actividades comerciales y la generaci\u00f3n de empleo que traer\u00e1 como consecuencia mayores oportunidades de crecimiento.<\/p><\/div>\n\t\t\t\t<\/div>\n\t\t\t\t<\/div>\n\t\t\t\t\t\t<\/div>\n\t\t\t\t\t<\/div>\n\t\t<\/div>\n\t\t\t\t\t\t\t\t<\/div>\n\t\t\t\t\t<\/div>\n\t\t<\/section>\n\t\t\t\t<section class=\"elementor-section elementor-top-section elementor-element elementor-element-311da33 elementor-section-boxed elementor-section-height-default elementor-section-height-default\" data-id=\"311da33\" data-element_type=\"section\">\n\t\t\t\t\t\t<div class=\"elementor-container elementor-column-gap-default\">\n\t\t\t\t\t\t\t<div class=\"elementor-row\">\n\t\t\t\t\t<div class=\"elementor-column elementor-col-100 elementor-top-column elementor-element elementor-element-d41f24e\" data-id=\"d41f24e\" data-element_type=\"column\">\n\t\t\t<div class=\"elementor-column-wrap elementor-element-populated\">\n\t\t\t\t\t\t\t<div class=\"elementor-widget-wrap\">\n\t\t\t\t\t\t<div class=\"elementor-element elementor-element-0ccc989 elementor-widget elementor-widget-image-gallery\" data-id=\"0ccc989\" data-element_type=\"widget\" data-widget_type=\"image-gallery.default\">\n\t\t\t\t<div class=\"elementor-widget-container\">\n\t\t\t\t\t<div class=\"elementor-image-gallery\">\n\t\t\t<div id='gallery-1' class='gallery galleryid-23444 gallery-columns-4 gallery-size-medium'><figure class='gallery-item'>\n\t\t\t<div class='gallery-icon landscape'>\n\t\t\t\t<a data-elementor-open-lightbox=\"yes\" data-elementor-lightbox-slideshow=\"0ccc989\" data-elementor-lightbox-title=\"WhatsApp Image 2022-09-01 at 5.31.52 PM\" href='https:\/\/www.opb.gob.mx\/portal\/wp-content\/uploads\/2022\/09\/WhatsApp-Image-2022-09-01-at-5.31.52-PM.jpeg'><img width=\"768\" height=\"456\" src=\"https:\/\/www.opb.gob.mx\/portal\/wp-content\/uploads\/2022\/09\/WhatsApp-Image-2022-09-01-at-5.31.52-PM-768x456.jpeg\" class=\"attachment-medium size-medium\" alt=\"\" loading=\"lazy\" srcset=\"https:\/\/www.opb.gob.mx\/portal\/wp-content\/uploads\/2022\/09\/WhatsApp-Image-2022-09-01-at-5.31.52-PM-768x456.jpeg 768w, https:\/\/www.opb.gob.mx\/portal\/wp-content\/uploads\/2022\/09\/WhatsApp-Image-2022-09-01-at-5.31.52-PM-1170x694.jpeg 1170w\" sizes=\"(max-width: 768px) 100vw, 768px\" \/><\/a>\n\t\t\t<\/div><\/figure><figure class='gallery-item'>\n\t\t\t<div class='gallery-icon landscape'>\n\t\t\t\t<a data-elementor-open-lightbox=\"yes\" data-elementor-lightbox-slideshow=\"0ccc989\" data-elementor-lightbox-title=\"WhatsApp Image 2022-09-01 at 5.31.52 PM (1)\" href='https:\/\/www.opb.gob.mx\/portal\/wp-content\/uploads\/2022\/09\/WhatsApp-Image-2022-09-01-at-5.31.52-PM-1.jpeg'><img width=\"768\" height=\"456\" src=\"https:\/\/www.opb.gob.mx\/portal\/wp-content\/uploads\/2022\/09\/WhatsApp-Image-2022-09-01-at-5.31.52-PM-1-768x456.jpeg\" class=\"attachment-medium size-medium\" alt=\"\" loading=\"lazy\" srcset=\"https:\/\/www.opb.gob.mx\/portal\/wp-content\/uploads\/2022\/09\/WhatsApp-Image-2022-09-01-at-5.31.52-PM-1-768x456.jpeg 768w, https:\/\/www.opb.gob.mx\/portal\/wp-content\/uploads\/2022\/09\/WhatsApp-Image-2022-09-01-at-5.31.52-PM-1-1170x694.jpeg 1170w\" sizes=\"(max-width: 768px) 100vw, 768px\" \/><\/a>\n\t\t\t<\/div><\/figure><figure class='gallery-item'>\n\t\t\t<div class='gallery-icon landscape'>\n\t\t\t\t<a data-elementor-open-lightbox=\"yes\" data-elementor-lightbox-slideshow=\"0ccc989\" data-elementor-lightbox-title=\"WhatsApp Image 2022-09-01 at 5.31.52 PM (2)\" href='https:\/\/www.opb.gob.mx\/portal\/wp-content\/uploads\/2022\/09\/WhatsApp-Image-2022-09-01-at-5.31.52-PM-2.jpeg'><img width=\"768\" height=\"456\" src=\"https:\/\/www.opb.gob.mx\/portal\/wp-content\/uploads\/2022\/09\/WhatsApp-Image-2022-09-01-at-5.31.52-PM-2-768x456.jpeg\" class=\"attachment-medium size-medium\" alt=\"\" loading=\"lazy\" \/><\/a>\n\t\t\t<\/div><\/figure><figure class='gallery-item'>\n\t\t\t<div class='gallery-icon landscape'>\n\t\t\t\t<a data-elementor-open-lightbox=\"yes\" data-elementor-lightbox-slideshow=\"0ccc989\" data-elementor-lightbox-title=\"WhatsApp Image 2022-09-01 at 5.31.53 PM\" href='https:\/\/www.opb.gob.mx\/portal\/wp-content\/uploads\/2022\/09\/WhatsApp-Image-2022-09-01-at-5.31.53-PM.jpeg'><img width=\"768\" height=\"456\" src=\"https:\/\/www.opb.gob.mx\/portal\/wp-content\/uploads\/2022\/09\/WhatsApp-Image-2022-09-01-at-5.31.53-PM-768x456.jpeg\" class=\"attachment-medium size-medium\" alt=\"\" loading=\"lazy\" \/><\/a>\n\t\t\t<\/div><\/figure>\n\t\t<\/div>\n\t\t<\/div>\n\t\t\t\t<\/div>\n\t\t\t\t<\/div>\n\t\t\t\t\t\t<\/div>\n\t\t\t\t\t<\/div>\n\t\t<\/div>\n\t\t\t\t\t\t\t\t<\/div>\n\t\t\t\t\t<\/div>\n\t\t<\/section>\n\t\t\t\t\t\t<\/div>\n\t\t\t\t\t\t<\/div>\n\t\t\t\t\t<\/div>\n\t\t","protected":false},"excerpt":{"rendered":"<p>Bazar IMES re\u00fane artesanos y emprendedores que ofertan productos hechos a mano.<\/p>\n","protected":false},"author":9,"featured_media":23445,"comment_status":"closed","ping_status":"open","sticky":false,"template":"","format":"standard","meta":[],"categories":[27],"tags":[],"_links":{"self":[{"href":"https:\/\/www.opb.gob.mx\/portal\/index.php?rest_route=\/wp\/v2\/posts\/23444"}],"collection":[{"href":"https:\/\/www.opb.gob.mx\/portal\/index.php?rest_route=\/wp\/v2\/posts"}],"about":[{"href":"https:\/\/www.opb.gob.mx\/portal\/index.php?rest_route=\/wp\/v2\/types\/post"}],"author":[{"embeddable":true,"href":"https:\/\/www.opb.gob.mx\/portal\/index.php?rest_route=\/wp\/v2\/users\/9"}],"replies":[{"embeddable":true,"href":"https:\/\/www.opb.gob.mx\/portal\/index.php?rest_route=%2Fwp%2Fv2%2Fcomments&post=23444"}],"version-history":[{"count":2,"href":"https:\/\/www.opb.gob.mx\/portal\/index.php?rest_route=\/wp\/v2\/posts\/23444\/revisions"}],"predecessor-version":[{"id":23450,"href":"https:\/\/www.opb.gob.mx\/portal\/index.php?rest_route=\/wp\/v2\/posts\/23444\/revisions\/23450"}],"wp:featuredmedia":[{"embeddable":true,"href":"https:\/\/www.opb.gob.mx\/portal\/index.php?rest_route=\/wp\/v2\/media\/23445"}],"wp:attachment":[{"href":"https:\/\/www.opb.gob.mx\/portal\/index.php?rest_route=%2Fwp%2Fv2%2Fmedia&parent=23444"}],"wp:term":[{"taxonomy":"category","embeddable":true,"href":"https:\/\/www.opb.gob.mx\/portal\/index.php?rest_route=%2Fwp%2Fv2%2Fcategories&post=23444"},{"taxonomy":"post_tag","embeddable":true,"href":"https:\/\/www.opb.gob.mx\/portal\/index.php?rest_route=%2Fwp%2Fv2%2Ftags&post=23444"}],"curies":[{"name":"wp","href":"https:\/\/api.w.org\/{rel}","templated":true}]}}