{"id":23888,"date":"2022-09-28T13:51:35","date_gmt":"2022-09-28T13:51:35","guid":{"rendered":"http:\/\/www.opb.gob.mx\/portal\/?p=23888"},"modified":"2022-09-29T01:53:48","modified_gmt":"2022-09-29T01:53:48","slug":"zoologico-payo-obispo-festejara-cumpleanos-5-de-la-hipopotamo-maya","status":"publish","type":"post","link":"https:\/\/www.opb.gob.mx\/portal\/?p=23888","title":{"rendered":"ZOOL\u00d3GICO PAYO OBISPO FESTEJAR\u00c1 CUMPLEA\u00d1OS 5 DE LA HIPOPOTAMO \u201cMAYA\u201d"},"content":{"rendered":"\t\t<div data-elementor-type=\"wp-post\" data-elementor-id=\"23888\" class=\"elementor elementor-23888\" data-elementor-settings=\"[]\">\n\t\t\t\t\t\t<div class=\"elementor-inner\">\n\t\t\t\t\t\t\t<div class=\"elementor-section-wrap\">\n\t\t\t\t\t\t\t<section class=\"elementor-section elementor-top-section elementor-element elementor-element-fbe289c elementor-section-boxed elementor-section-height-default elementor-section-height-default\" data-id=\"fbe289c\" data-element_type=\"section\">\n\t\t\t\t\t\t<div class=\"elementor-container elementor-column-gap-default\">\n\t\t\t\t\t\t\t<div class=\"elementor-row\">\n\t\t\t\t\t<div class=\"elementor-column elementor-col-100 elementor-top-column elementor-element elementor-element-9a3258b\" data-id=\"9a3258b\" data-element_type=\"column\">\n\t\t\t<div class=\"elementor-column-wrap elementor-element-populated\">\n\t\t\t\t\t\t\t<div class=\"elementor-widget-wrap\">\n\t\t\t\t\t\t<div class=\"elementor-element elementor-element-4d3e25d elementor-widget elementor-widget-text-editor\" data-id=\"4d3e25d\" data-element_type=\"widget\" data-widget_type=\"text-editor.default\">\n\t\t\t\t<div class=\"elementor-widget-container\">\n\t\t\t\t\t<div class=\"elementor-text-editor elementor-clearfix\"><p>Chetumal, Q. Roo a 28 de septiembre. &#8211; El pr\u00f3ximo domingo en el Zool\u00f3gico Payo Obispo, se llevar\u00e1 a cabo el festejo del cumplea\u00f1os n\u00famero cinco de \u201cMaya\u201d, un ejemplar de hipop\u00f3tamo hembra que desde su llegada ha cautivado por su simpat\u00eda a los visitantes de dicho parque, as\u00ed inform\u00f3 su titular Bianca Novelo Dur\u00e1n, en cumplimiento a las instrucciones de la presidenta municipal de Oth\u00f3n P. Blanco, Yensunni Mart\u00ednez Hern\u00e1ndez.<\/p><p>Explic\u00f3 que el 2 de octubre, \u201cMaya\u201d celebrar\u00e1 con su pastel hecho con base en su alimentaci\u00f3n, creado \u00fanicamente con frutas naturales siguiendo la tradici\u00f3n de lo que se hac\u00eda con el hipop\u00f3tamo \u201cAndr\u00e9s\u201d, adem\u00e1s que, en esta ocasi\u00f3n, le entregar\u00e1n el nombramiento de \u201cEmbajadora del Mes\u201d.<\/p><p>Novelo Dur\u00e1n mencion\u00f3 que este nombramiento es otorgado a ejemplares del Zool\u00f3gico Payo Obispo por alguna conducta positiva que se haya distinguido de los dem\u00e1s, sin importar su especie y en este sentido \u201cMaya\u201d ha tenido significativos avances, sobre todo que es una de las especies que m\u00e1s llama la atenci\u00f3n de la ciudadan\u00eda del municipio que todas y todos queremos.<\/p><p>En el marco de la celebraci\u00f3n por el cumplea\u00f1os de \u201cMaya\u201d, la entrada ser\u00e1 gratis para todas las ni\u00f1as y los ni\u00f1os de 3 a 11 a\u00f1os que entreguen un dibujo en relaci\u00f3n al festejo, mismos que participar\u00e1n por un premio.<\/p><p>Dichas acciones est\u00e1n contempladas en el segundo eje prioritario de gobierno impulsado por la presidenta Yensunni Mart\u00ednez, de priorizar los derechos, creando espacios id\u00f3neos para el sano esparcimiento de las familias othonenses.<\/p><p>La funcionara municipal dijo que tambi\u00e9n se llevar\u00e1 a cabo un festival cultural y actividades did\u00e1cticas y l\u00fadicas con la participaci\u00f3n de otras direcciones del Ayuntamiento de Oth\u00f3n P. Blanco, como la direcci\u00f3n de Cultura, IMJUVE y SIPINNA, entre otras.<\/p><p>Para finalizar dijo que este domingo tambi\u00e9n contar\u00e1n con la presencia de los j\u00f3venes emprendedores quienes estar\u00e1n ofreciendo sus productos en el parque zool\u00f3gico que abrir\u00e1 las puertas en punto de las 10:00 de la ma\u00f1ana.<\/p><\/div>\n\t\t\t\t<\/div>\n\t\t\t\t<\/div>\n\t\t\t\t\t\t<\/div>\n\t\t\t\t\t<\/div>\n\t\t<\/div>\n\t\t\t\t\t\t\t\t<\/div>\n\t\t\t\t\t<\/div>\n\t\t<\/section>\n\t\t\t\t<section class=\"elementor-section elementor-top-section elementor-element elementor-element-829df0a elementor-section-boxed elementor-section-height-default elementor-section-height-default\" data-id=\"829df0a\" data-element_type=\"section\">\n\t\t\t\t\t\t<div class=\"elementor-container elementor-column-gap-default\">\n\t\t\t\t\t\t\t<div class=\"elementor-row\">\n\t\t\t\t\t<div class=\"elementor-column elementor-col-100 elementor-top-column elementor-element elementor-element-b5c6e03\" data-id=\"b5c6e03\" data-element_type=\"column\">\n\t\t\t<div class=\"elementor-column-wrap elementor-element-populated\">\n\t\t\t\t\t\t\t<div class=\"elementor-widget-wrap\">\n\t\t\t\t\t\t<div class=\"elementor-element elementor-element-deff008 elementor-widget elementor-widget-image-gallery\" data-id=\"deff008\" data-element_type=\"widget\" data-widget_type=\"image-gallery.default\">\n\t\t\t\t<div class=\"elementor-widget-container\">\n\t\t\t\t\t<div class=\"elementor-image-gallery\">\n\t\t\t<div id='gallery-1' class='gallery galleryid-23888 gallery-columns-4 gallery-size-medium'><figure class='gallery-item'>\n\t\t\t<div class='gallery-icon landscape'>\n\t\t\t\t<a data-elementor-open-lightbox=\"yes\" data-elementor-lightbox-slideshow=\"deff008\" data-elementor-lightbox-title=\"WhatsApp Image 2022-09-28 at 5.28.44 PM\" href='https:\/\/www.opb.gob.mx\/portal\/wp-content\/uploads\/2022\/09\/WhatsApp-Image-2022-09-28-at-5.28.44-PM.jpeg'><img width=\"768\" height=\"456\" src=\"https:\/\/www.opb.gob.mx\/portal\/wp-content\/uploads\/2022\/09\/WhatsApp-Image-2022-09-28-at-5.28.44-PM-768x456.jpeg\" class=\"attachment-medium size-medium\" alt=\"\" loading=\"lazy\" \/><\/a>\n\t\t\t<\/div><\/figure><figure class='gallery-item'>\n\t\t\t<div class='gallery-icon landscape'>\n\t\t\t\t<a data-elementor-open-lightbox=\"yes\" data-elementor-lightbox-slideshow=\"deff008\" data-elementor-lightbox-title=\"WhatsApp Image 2022-09-28 at 5.28.44 PM (1)\" href='https:\/\/www.opb.gob.mx\/portal\/wp-content\/uploads\/2022\/09\/WhatsApp-Image-2022-09-28-at-5.28.44-PM-1.jpeg'><img width=\"768\" height=\"456\" src=\"https:\/\/www.opb.gob.mx\/portal\/wp-content\/uploads\/2022\/09\/WhatsApp-Image-2022-09-28-at-5.28.44-PM-1-768x456.jpeg\" class=\"attachment-medium size-medium\" alt=\"\" loading=\"lazy\" \/><\/a>\n\t\t\t<\/div><\/figure><figure class='gallery-item'>\n\t\t\t<div class='gallery-icon landscape'>\n\t\t\t\t<a data-elementor-open-lightbox=\"yes\" data-elementor-lightbox-slideshow=\"deff008\" data-elementor-lightbox-title=\"WhatsApp Image 2022-09-28 at 5.28.44 PM (2)\" href='https:\/\/www.opb.gob.mx\/portal\/wp-content\/uploads\/2022\/09\/WhatsApp-Image-2022-09-28-at-5.28.44-PM-2.jpeg'><img width=\"768\" height=\"456\" src=\"https:\/\/www.opb.gob.mx\/portal\/wp-content\/uploads\/2022\/09\/WhatsApp-Image-2022-09-28-at-5.28.44-PM-2-768x456.jpeg\" class=\"attachment-medium size-medium\" alt=\"\" loading=\"lazy\" \/><\/a>\n\t\t\t<\/div><\/figure><figure class='gallery-item'>\n\t\t\t<div class='gallery-icon landscape'>\n\t\t\t\t<a data-elementor-open-lightbox=\"yes\" data-elementor-lightbox-slideshow=\"deff008\" data-elementor-lightbox-title=\"WhatsApp Image 2022-09-28 at 5.28.45 PM\" href='https:\/\/www.opb.gob.mx\/portal\/wp-content\/uploads\/2022\/09\/WhatsApp-Image-2022-09-28-at-5.28.45-PM.jpeg'><img width=\"768\" height=\"456\" src=\"https:\/\/www.opb.gob.mx\/portal\/wp-content\/uploads\/2022\/09\/WhatsApp-Image-2022-09-28-at-5.28.45-PM-768x456.jpeg\" class=\"attachment-medium size-medium\" alt=\"\" loading=\"lazy\" \/><\/a>\n\t\t\t<\/div><\/figure><figure class='gallery-item'>\n\t\t\t<div class='gallery-icon landscape'>\n\t\t\t\t<a data-elementor-open-lightbox=\"yes\" data-elementor-lightbox-slideshow=\"deff008\" data-elementor-lightbox-title=\"WhatsApp Image 2022-09-28 at 5.28.45 PM (1)\" href='https:\/\/www.opb.gob.mx\/portal\/wp-content\/uploads\/2022\/09\/WhatsApp-Image-2022-09-28-at-5.28.45-PM-1.jpeg'><img width=\"720\" height=\"456\" src=\"https:\/\/www.opb.gob.mx\/portal\/wp-content\/uploads\/2022\/09\/WhatsApp-Image-2022-09-28-at-5.28.45-PM-1-720x456.jpeg\" class=\"attachment-medium size-medium\" alt=\"\" loading=\"lazy\" \/><\/a>\n\t\t\t<\/div><\/figure>\n\t\t<\/div>\n\t\t<\/div>\n\t\t\t\t<\/div>\n\t\t\t\t<\/div>\n\t\t\t\t\t\t<\/div>\n\t\t\t\t\t<\/div>\n\t\t<\/div>\n\t\t\t\t\t\t\t\t<\/div>\n\t\t\t\t\t<\/div>\n\t\t<\/section>\n\t\t\t\t\t\t<\/div>\n\t\t\t\t\t\t<\/div>\n\t\t\t\t\t<\/div>\n\t\t","protected":false},"excerpt":{"rendered":"<p>El zool\u00f3gico tendr\u00e1 actividades l\u00fadicas y recreativas para las familias que deseen visitar las instalaciones.<\/p>\n","protected":false},"author":9,"featured_media":23889,"comment_status":"closed","ping_status":"open","sticky":false,"template":"","format":"standard","meta":[],"categories":[27],"tags":[],"_links":{"self":[{"href":"https:\/\/www.opb.gob.mx\/portal\/index.php?rest_route=\/wp\/v2\/posts\/23888"}],"collection":[{"href":"https:\/\/www.opb.gob.mx\/portal\/index.php?rest_route=\/wp\/v2\/posts"}],"about":[{"href":"https:\/\/www.opb.gob.mx\/portal\/index.php?rest_route=\/wp\/v2\/types\/post"}],"author":[{"embeddable":true,"href":"https:\/\/www.opb.gob.mx\/portal\/index.php?rest_route=\/wp\/v2\/users\/9"}],"replies":[{"embeddable":true,"href":"https:\/\/www.opb.gob.mx\/portal\/index.php?rest_route=%2Fwp%2Fv2%2Fcomments&post=23888"}],"version-history":[{"count":2,"href":"https:\/\/www.opb.gob.mx\/portal\/index.php?rest_route=\/wp\/v2\/posts\/23888\/revisions"}],"predecessor-version":[{"id":23895,"href":"https:\/\/www.opb.gob.mx\/portal\/index.php?rest_route=\/wp\/v2\/posts\/23888\/revisions\/23895"}],"wp:featuredmedia":[{"embeddable":true,"href":"https:\/\/www.opb.gob.mx\/portal\/index.php?rest_route=\/wp\/v2\/media\/23889"}],"wp:attachment":[{"href":"https:\/\/www.opb.gob.mx\/portal\/index.php?rest_route=%2Fwp%2Fv2%2Fmedia&parent=23888"}],"wp:term":[{"taxonomy":"category","embeddable":true,"href":"https:\/\/www.opb.gob.mx\/portal\/index.php?rest_route=%2Fwp%2Fv2%2Fcategories&post=23888"},{"taxonomy":"post_tag","embeddable":true,"href":"https:\/\/www.opb.gob.mx\/portal\/index.php?rest_route=%2Fwp%2Fv2%2Ftags&post=23888"}],"curies":[{"name":"wp","href":"https:\/\/api.w.org\/{rel}","templated":true}]}}