{"id":23936,"date":"2022-10-03T13:58:30","date_gmt":"2022-10-03T13:58:30","guid":{"rendered":"http:\/\/www.opb.gob.mx\/portal\/?p=23936"},"modified":"2022-10-03T21:00:37","modified_gmt":"2022-10-03T21:00:37","slug":"feria-nacional-del-maiz-2022-de-agrado-de-la-ciudadania-othonense","status":"publish","type":"post","link":"https:\/\/www.opb.gob.mx\/portal\/?p=23936","title":{"rendered":"\u201cFERIA NACIONAL DEL MA\u00cdZ 2022\u201d DE AGRADO DE LA CIUDADAN\u00cdA OTHONENSE"},"content":{"rendered":"\t\t<div data-elementor-type=\"wp-post\" data-elementor-id=\"23936\" class=\"elementor elementor-23936\" data-elementor-settings=\"[]\">\n\t\t\t\t\t\t<div class=\"elementor-inner\">\n\t\t\t\t\t\t\t<div class=\"elementor-section-wrap\">\n\t\t\t\t\t\t\t<section class=\"elementor-section elementor-top-section elementor-element elementor-element-e40a0ae elementor-section-boxed elementor-section-height-default elementor-section-height-default\" data-id=\"e40a0ae\" data-element_type=\"section\">\n\t\t\t\t\t\t<div class=\"elementor-container elementor-column-gap-default\">\n\t\t\t\t\t\t\t<div class=\"elementor-row\">\n\t\t\t\t\t<div class=\"elementor-column elementor-col-100 elementor-top-column elementor-element elementor-element-c4ebf2c\" data-id=\"c4ebf2c\" data-element_type=\"column\">\n\t\t\t<div class=\"elementor-column-wrap elementor-element-populated\">\n\t\t\t\t\t\t\t<div class=\"elementor-widget-wrap\">\n\t\t\t\t\t\t<div class=\"elementor-element elementor-element-0d08531 elementor-widget elementor-widget-text-editor\" data-id=\"0d08531\" data-element_type=\"widget\" data-widget_type=\"text-editor.default\">\n\t\t\t\t<div class=\"elementor-widget-container\">\n\t\t\t\t\t<div class=\"elementor-text-editor elementor-clearfix\"><p>Chetumal Q. Roo a 3 de octubre. \u2013 Ante m\u00e1s de cuatro mil asistentes, se llev\u00f3 a cabo el pasado s\u00e1bado 1 y domingo 2 de octubre, la \u201cFeria Nacional del Ma\u00edz 2022\u201d en el marco de \u201cPaseo H\u00e9roes\u201d, que impuls\u00f3 la reactivaci\u00f3n econ\u00f3mica como ha indicado la presidenta municipal de Oth\u00f3n P. Blanco, Yensunni Mart\u00ednez Hern\u00e1ndez.<\/p><p>El director del Instituto Municipal de Econom\u00eda Social (IMES) Oscar Dzib Cocom, dijo que, siguiendo las instrucciones de la alcaldesa capitalina, han creado espacios oportunos en donde las y los emprendedores, as\u00ed como los empresarios, puedan darse a conocer de manera efectiva.<br \/><br \/>En este sentido, inform\u00f3 que en la edici\u00f3n de \u201cPaseo H\u00e9roes\u201d con la \u201cFeria Nacional del Ma\u00edz 2022\u201d, m\u00e1s de 100 emprendedores, empresas y expositores, ofertaron diversos productos en diferentes giros como: postres, alimentos y artesan\u00edas, adem\u00e1s de prestadores de servicios como restaurantes.<\/p><p>Explic\u00f3 que, de igual forma, la direcci\u00f3n de cultura del municipio de Oth\u00f3n P. Blanco, particip\u00f3 con la realizaci\u00f3n de un festival cultural el domingo 2 de octubre, mismo que deleit\u00f3 a los asistentes con la colaboraci\u00f3n de: Grupo de Baile \u201cLive Dance\u201d, Compa\u00f1\u00eda de baile y danza folcl\u00f3rica de Quintana Roo, Ballet Infantil y Juvenil \u201cPaalo\u00b4ob K\u00b4i\u00edn\u201d, grupo de baile \u201cSabor Caribe\u00f1o\u201d, as\u00ed como Freddy Cahuich, Alberto Para\u00edso, Luis Felipe P\u00e9rez Morales, Aiko, Immanel y Erick Rumoroso.<\/p><p>Dzib Cocom manifest\u00f3 que este tipo de tianguis ayudan a la reactivaci\u00f3n econ\u00f3mica de la capital del estado y brinda a los emprendedores un espacio donde ofertar sus productos adem\u00e1s que permite una sana convivencia familiar, con miras a tener el municipio que todas y todos queremos.<\/p><p>Estas actividades est\u00e1n contempladas en el primer eje prioritario del gobierno municipal de la actual administraci\u00f3n que impulsa la prosperidad econ\u00f3mica, estimula las actividades comerciales y de prestaci\u00f3n de servicios, asimismo la generaci\u00f3n de empleo que por consecuencia deriva en mayores y mejores oportunidades de crecimiento, como ha indicado la presidenta municipal Yensunni Mart\u00ednez.<\/p><\/div>\n\t\t\t\t<\/div>\n\t\t\t\t<\/div>\n\t\t\t\t\t\t<\/div>\n\t\t\t\t\t<\/div>\n\t\t<\/div>\n\t\t\t\t\t\t\t\t<\/div>\n\t\t\t\t\t<\/div>\n\t\t<\/section>\n\t\t\t\t<section class=\"elementor-section elementor-top-section elementor-element elementor-element-ab430ec elementor-section-boxed elementor-section-height-default elementor-section-height-default\" data-id=\"ab430ec\" data-element_type=\"section\">\n\t\t\t\t\t\t<div class=\"elementor-container elementor-column-gap-default\">\n\t\t\t\t\t\t\t<div class=\"elementor-row\">\n\t\t\t\t\t<div class=\"elementor-column elementor-col-100 elementor-top-column elementor-element elementor-element-79cde03\" data-id=\"79cde03\" data-element_type=\"column\">\n\t\t\t<div class=\"elementor-column-wrap elementor-element-populated\">\n\t\t\t\t\t\t\t<div class=\"elementor-widget-wrap\">\n\t\t\t\t\t\t<div class=\"elementor-element elementor-element-f990b09 elementor-widget elementor-widget-image-gallery\" data-id=\"f990b09\" data-element_type=\"widget\" data-widget_type=\"image-gallery.default\">\n\t\t\t\t<div class=\"elementor-widget-container\">\n\t\t\t\t\t<div class=\"elementor-image-gallery\">\n\t\t\t<div id='gallery-1' class='gallery galleryid-23936 gallery-columns-4 gallery-size-medium'><figure class='gallery-item'>\n\t\t\t<div class='gallery-icon portrait'>\n\t\t\t\t<a data-elementor-open-lightbox=\"yes\" data-elementor-lightbox-slideshow=\"f990b09\" data-elementor-lightbox-title=\"WhatsApp Image 2022-10-03 at 3.10.09 PM\" href='https:\/\/www.opb.gob.mx\/portal\/wp-content\/uploads\/2022\/10\/WhatsApp-Image-2022-10-03-at-3.10.09-PM.jpeg'><img width=\"768\" height=\"456\" src=\"https:\/\/www.opb.gob.mx\/portal\/wp-content\/uploads\/2022\/10\/WhatsApp-Image-2022-10-03-at-3.10.09-PM-768x456.jpeg\" class=\"attachment-medium size-medium\" alt=\"\" loading=\"lazy\" \/><\/a>\n\t\t\t<\/div><\/figure><figure class='gallery-item'>\n\t\t\t<div class='gallery-icon portrait'>\n\t\t\t\t<a data-elementor-open-lightbox=\"yes\" data-elementor-lightbox-slideshow=\"f990b09\" data-elementor-lightbox-title=\"WhatsApp Image 2022-10-03 at 3.10.10 PM\" href='https:\/\/www.opb.gob.mx\/portal\/wp-content\/uploads\/2022\/10\/WhatsApp-Image-2022-10-03-at-3.10.10-PM.jpeg'><img width=\"768\" height=\"456\" src=\"https:\/\/www.opb.gob.mx\/portal\/wp-content\/uploads\/2022\/10\/WhatsApp-Image-2022-10-03-at-3.10.10-PM-768x456.jpeg\" class=\"attachment-medium size-medium\" alt=\"\" loading=\"lazy\" \/><\/a>\n\t\t\t<\/div><\/figure><figure class='gallery-item'>\n\t\t\t<div class='gallery-icon landscape'>\n\t\t\t\t<a data-elementor-open-lightbox=\"yes\" data-elementor-lightbox-slideshow=\"f990b09\" data-elementor-lightbox-title=\"WhatsApp Image 2022-10-03 at 3.10.11 PM\" href='https:\/\/www.opb.gob.mx\/portal\/wp-content\/uploads\/2022\/10\/WhatsApp-Image-2022-10-03-at-3.10.11-PM.jpeg'><img width=\"768\" height=\"456\" src=\"https:\/\/www.opb.gob.mx\/portal\/wp-content\/uploads\/2022\/10\/WhatsApp-Image-2022-10-03-at-3.10.11-PM-768x456.jpeg\" class=\"attachment-medium size-medium\" alt=\"\" loading=\"lazy\" srcset=\"https:\/\/www.opb.gob.mx\/portal\/wp-content\/uploads\/2022\/10\/WhatsApp-Image-2022-10-03-at-3.10.11-PM-768x456.jpeg 768w, https:\/\/www.opb.gob.mx\/portal\/wp-content\/uploads\/2022\/10\/WhatsApp-Image-2022-10-03-at-3.10.11-PM-1170x694.jpeg 1170w\" sizes=\"(max-width: 768px) 100vw, 768px\" \/><\/a>\n\t\t\t<\/div><\/figure><figure class='gallery-item'>\n\t\t\t<div class='gallery-icon portrait'>\n\t\t\t\t<a data-elementor-open-lightbox=\"yes\" data-elementor-lightbox-slideshow=\"f990b09\" data-elementor-lightbox-title=\"WhatsApp Image 2022-10-03 at 3.10.12 PM\" href='https:\/\/www.opb.gob.mx\/portal\/wp-content\/uploads\/2022\/10\/WhatsApp-Image-2022-10-03-at-3.10.12-PM.jpeg'><img width=\"768\" height=\"456\" src=\"https:\/\/www.opb.gob.mx\/portal\/wp-content\/uploads\/2022\/10\/WhatsApp-Image-2022-10-03-at-3.10.12-PM-768x456.jpeg\" class=\"attachment-medium size-medium\" alt=\"\" loading=\"lazy\" \/><\/a>\n\t\t\t<\/div><\/figure><figure class='gallery-item'>\n\t\t\t<div class='gallery-icon portrait'>\n\t\t\t\t<a data-elementor-open-lightbox=\"yes\" data-elementor-lightbox-slideshow=\"f990b09\" data-elementor-lightbox-title=\"WhatsApp Image 2022-10-03 at 3.10.13 PM\" href='https:\/\/www.opb.gob.mx\/portal\/wp-content\/uploads\/2022\/10\/WhatsApp-Image-2022-10-03-at-3.10.13-PM.jpeg'><img width=\"768\" height=\"456\" src=\"https:\/\/www.opb.gob.mx\/portal\/wp-content\/uploads\/2022\/10\/WhatsApp-Image-2022-10-03-at-3.10.13-PM-768x456.jpeg\" class=\"attachment-medium size-medium\" alt=\"\" loading=\"lazy\" \/><\/a>\n\t\t\t<\/div><\/figure><figure class='gallery-item'>\n\t\t\t<div class='gallery-icon landscape'>\n\t\t\t\t<a data-elementor-open-lightbox=\"yes\" data-elementor-lightbox-slideshow=\"f990b09\" data-elementor-lightbox-title=\"WhatsApp Image 2022-10-03 at 3.10.14 PM\" href='https:\/\/www.opb.gob.mx\/portal\/wp-content\/uploads\/2022\/10\/WhatsApp-Image-2022-10-03-at-3.10.14-PM.jpeg'><img width=\"768\" height=\"456\" src=\"https:\/\/www.opb.gob.mx\/portal\/wp-content\/uploads\/2022\/10\/WhatsApp-Image-2022-10-03-at-3.10.14-PM-768x456.jpeg\" class=\"attachment-medium size-medium\" alt=\"\" loading=\"lazy\" srcset=\"https:\/\/www.opb.gob.mx\/portal\/wp-content\/uploads\/2022\/10\/WhatsApp-Image-2022-10-03-at-3.10.14-PM-768x456.jpeg 768w, https:\/\/www.opb.gob.mx\/portal\/wp-content\/uploads\/2022\/10\/WhatsApp-Image-2022-10-03-at-3.10.14-PM-1170x694.jpeg 1170w\" sizes=\"(max-width: 768px) 100vw, 768px\" \/><\/a>\n\t\t\t<\/div><\/figure>\n\t\t<\/div>\n\t\t<\/div>\n\t\t\t\t<\/div>\n\t\t\t\t<\/div>\n\t\t\t\t\t\t<\/div>\n\t\t\t\t\t<\/div>\n\t\t<\/div>\n\t\t\t\t\t\t\t\t<\/div>\n\t\t\t\t\t<\/div>\n\t\t<\/section>\n\t\t\t\t\t\t<\/div>\n\t\t\t\t\t\t<\/div>\n\t\t\t\t\t<\/div>\n\t\t","protected":false},"excerpt":{"rendered":"<p>M\u00e1s de 100 emprendedores, empresarios y expositores participaron el pasado fin de semana en la \u201cFeria Nacional del Ma\u00edz 2022\u201d.<\/p>\n","protected":false},"author":9,"featured_media":23937,"comment_status":"closed","ping_status":"open","sticky":false,"template":"","format":"standard","meta":[],"categories":[27],"tags":[],"_links":{"self":[{"href":"https:\/\/www.opb.gob.mx\/portal\/index.php?rest_route=\/wp\/v2\/posts\/23936"}],"collection":[{"href":"https:\/\/www.opb.gob.mx\/portal\/index.php?rest_route=\/wp\/v2\/posts"}],"about":[{"href":"https:\/\/www.opb.gob.mx\/portal\/index.php?rest_route=\/wp\/v2\/types\/post"}],"author":[{"embeddable":true,"href":"https:\/\/www.opb.gob.mx\/portal\/index.php?rest_route=\/wp\/v2\/users\/9"}],"replies":[{"embeddable":true,"href":"https:\/\/www.opb.gob.mx\/portal\/index.php?rest_route=%2Fwp%2Fv2%2Fcomments&post=23936"}],"version-history":[{"count":2,"href":"https:\/\/www.opb.gob.mx\/portal\/index.php?rest_route=\/wp\/v2\/posts\/23936\/revisions"}],"predecessor-version":[{"id":23944,"href":"https:\/\/www.opb.gob.mx\/portal\/index.php?rest_route=\/wp\/v2\/posts\/23936\/revisions\/23944"}],"wp:featuredmedia":[{"embeddable":true,"href":"https:\/\/www.opb.gob.mx\/portal\/index.php?rest_route=\/wp\/v2\/media\/23937"}],"wp:attachment":[{"href":"https:\/\/www.opb.gob.mx\/portal\/index.php?rest_route=%2Fwp%2Fv2%2Fmedia&parent=23936"}],"wp:term":[{"taxonomy":"category","embeddable":true,"href":"https:\/\/www.opb.gob.mx\/portal\/index.php?rest_route=%2Fwp%2Fv2%2Fcategories&post=23936"},{"taxonomy":"post_tag","embeddable":true,"href":"https:\/\/www.opb.gob.mx\/portal\/index.php?rest_route=%2Fwp%2Fv2%2Ftags&post=23936"}],"curies":[{"name":"wp","href":"https:\/\/api.w.org\/{rel}","templated":true}]}}