{"id":24072,"date":"2022-10-13T13:24:29","date_gmt":"2022-10-13T13:24:29","guid":{"rendered":"http:\/\/www.opb.gob.mx\/portal\/?p=24072"},"modified":"2022-10-13T21:26:38","modified_gmt":"2022-10-13T21:26:38","slug":"cierra-convocatoria-para-la-integracion-del-consejo-de-planeacion-municipal-2022-en-opb","status":"publish","type":"post","link":"https:\/\/www.opb.gob.mx\/portal\/?p=24072","title":{"rendered":"CIERRA CONVOCATORIA PARA LA INTEGRACI\u00d3N DEL CONSEJO DE PLANEACI\u00d3N MUNICIPAL 2022 EN OPB"},"content":{"rendered":"\t\t<div data-elementor-type=\"wp-post\" data-elementor-id=\"24072\" class=\"elementor elementor-24072\" data-elementor-settings=\"[]\">\n\t\t\t\t\t\t<div class=\"elementor-inner\">\n\t\t\t\t\t\t\t<div class=\"elementor-section-wrap\">\n\t\t\t\t\t\t\t<section class=\"elementor-section elementor-top-section elementor-element elementor-element-0f4aaab elementor-section-boxed elementor-section-height-default elementor-section-height-default\" data-id=\"0f4aaab\" data-element_type=\"section\">\n\t\t\t\t\t\t<div class=\"elementor-container elementor-column-gap-default\">\n\t\t\t\t\t\t\t<div class=\"elementor-row\">\n\t\t\t\t\t<div class=\"elementor-column elementor-col-100 elementor-top-column elementor-element elementor-element-63f58a7\" data-id=\"63f58a7\" data-element_type=\"column\">\n\t\t\t<div class=\"elementor-column-wrap elementor-element-populated\">\n\t\t\t\t\t\t\t<div class=\"elementor-widget-wrap\">\n\t\t\t\t\t\t<div class=\"elementor-element elementor-element-434ed0e elementor-widget elementor-widget-text-editor\" data-id=\"434ed0e\" data-element_type=\"widget\" data-widget_type=\"text-editor.default\">\n\t\t\t\t<div class=\"elementor-widget-container\">\n\t\t\t\t\t<div class=\"elementor-text-editor elementor-clearfix\"><p>Chetumal, Q. Roo a 13 de octubre. \u2013 Muy buena respuesta por parte de la ciudadan\u00eda a la convocatoria para la integraci\u00f3n del Consejo de Planeaci\u00f3n Municipal 2022-2024 como indica la Ley de Planeaci\u00f3n para el Desarrollo del Estado de Quintana Roo, y con ello responder a l\u00edneas de acci\u00f3n del tercer eje de la administraci\u00f3n, impulsado por la presidenta Yensunni Mart\u00ednez Hern\u00e1ndez, de fomentar la participaci\u00f3n de las y los othonenses.<\/p><p>En este sentido, el director de planeaci\u00f3n municipal, Julio Han Chan, expres\u00f3 que, con base en lo establecido en esta nueva Ley de Planeaci\u00f3n, el pasado 7 de octubre del presente, cerr\u00f3 dicha convocatoria de la cual, se elegir\u00e1 al Consejo Ciudadano de Planeaci\u00f3n Municipal 2022-2024, que ser\u00e1 integrado por una o un presidente y cuatro vocales.<\/p><p>Indic\u00f3 que las o los presidentes de cada Consejo Ciudadano de Planeaci\u00f3n Municipal de Quintana Roo, integrar\u00e1n a su vez el Consejo Ciudadano de Planeaci\u00f3n Estatal, el cual ser\u00e1 coordinado por la Secretar\u00eda de Finanzas y Planeaci\u00f3n, a trav\u00e9s del Coplade y parte integrante del mismo.<\/p><p>Agreg\u00f3 que, con estas acciones se cumplen con los objetivos del Plan Municipal de Desarrollo en su eje de gobierno abierto, transparente, y eficiente, ya que se aplican los mecanismos de participaci\u00f3n social y de planeaci\u00f3n democr\u00e1tica.<\/p><p>El funcionario municipal inform\u00f3 que los integrantes de las comisiones de gobierno y r\u00e9gimen interior; y de la comisi\u00f3n de anticorrupci\u00f3n y participaci\u00f3n ciudadana del Ayuntamiento de Oth\u00f3n P. Blanco, tendr\u00e1n a bien realizar un an\u00e1lisis y valoraci\u00f3n de las propuestas que determinar\u00e1n a los integrantes del consejo ciudadano conforme a las bases de la convocatoria y las propuestas ser\u00e1n presentadas para su debida aprobaci\u00f3n.<br \/><br \/>Dijo que la entrevista a los aspirantes seleccionados, ser\u00e1 conforme a las bases, previa notificaci\u00f3n por personal de la direcci\u00f3n de planeaci\u00f3n municipal, una vez que el comit\u00e9 evaluador haya integrado a las cinco personas.<\/p><p>Julio Han a\u00f1adi\u00f3 que los integrantes de la comisi\u00f3n de gobierno y r\u00e9gimen interior son los regidores: Jorge Herrera como presidente; H\u00e9ctor P\u00e9rez Rivero como secretario; y \u00c1ngel Rivero Palomo como vocal.<\/p><p>Asimismo, la comisi\u00f3n de anticorrupci\u00f3n y de participaci\u00f3n ciudadana est\u00e1 integrada por la regidora Lidia Rojas Fabro como presidenta; la s\u00edndico municipal Alejandra del \u00c1ngel Carmona como secretaria; y la regidora Rosaura Baeza K\u00fa como vocal.<\/p><p>Cabe se\u00f1alar que el objetivo del Consejo Ciudadano de Planeaci\u00f3n Municipal es establecer un v\u00ednculo entre los ciudadanos y el Ayuntamiento en materia de planeaci\u00f3n y de cocreaci\u00f3n de planes, y garantizar la participaci\u00f3n ciudadana y considerar las solicitudes de las comunidades y la ciudad capital del municipio que todas y todos queremos.<\/p><\/div>\n\t\t\t\t<\/div>\n\t\t\t\t<\/div>\n\t\t\t\t\t\t<\/div>\n\t\t\t\t\t<\/div>\n\t\t<\/div>\n\t\t\t\t\t\t\t\t<\/div>\n\t\t\t\t\t<\/div>\n\t\t<\/section>\n\t\t\t\t<section class=\"elementor-section elementor-top-section elementor-element elementor-element-ed0a299 elementor-section-boxed elementor-section-height-default elementor-section-height-default\" data-id=\"ed0a299\" data-element_type=\"section\">\n\t\t\t\t\t\t<div class=\"elementor-container elementor-column-gap-default\">\n\t\t\t\t\t\t\t<div class=\"elementor-row\">\n\t\t\t\t\t<div class=\"elementor-column elementor-col-100 elementor-top-column elementor-element elementor-element-fc167ca\" data-id=\"fc167ca\" data-element_type=\"column\">\n\t\t\t<div class=\"elementor-column-wrap elementor-element-populated\">\n\t\t\t\t\t\t\t<div class=\"elementor-widget-wrap\">\n\t\t\t\t\t\t<div class=\"elementor-element elementor-element-8839b46 elementor-widget elementor-widget-image-gallery\" data-id=\"8839b46\" data-element_type=\"widget\" data-widget_type=\"image-gallery.default\">\n\t\t\t\t<div class=\"elementor-widget-container\">\n\t\t\t\t\t<div class=\"elementor-image-gallery\">\n\t\t\t<div id='gallery-1' class='gallery galleryid-24072 gallery-columns-4 gallery-size-medium'><figure class='gallery-item'>\n\t\t\t<div class='gallery-icon landscape'>\n\t\t\t\t<a data-elementor-open-lightbox=\"yes\" data-elementor-lightbox-slideshow=\"8839b46\" data-elementor-lightbox-title=\"WhatsApp Image 2022-10-13 at 3.45.10 PM\" href='https:\/\/www.opb.gob.mx\/portal\/wp-content\/uploads\/2022\/10\/WhatsApp-Image-2022-10-13-at-3.45.10-PM.jpeg'><img width=\"768\" height=\"456\" src=\"https:\/\/www.opb.gob.mx\/portal\/wp-content\/uploads\/2022\/10\/WhatsApp-Image-2022-10-13-at-3.45.10-PM-768x456.jpeg\" class=\"attachment-medium size-medium\" alt=\"\" loading=\"lazy\" srcset=\"https:\/\/www.opb.gob.mx\/portal\/wp-content\/uploads\/2022\/10\/WhatsApp-Image-2022-10-13-at-3.45.10-PM-768x456.jpeg 768w, https:\/\/www.opb.gob.mx\/portal\/wp-content\/uploads\/2022\/10\/WhatsApp-Image-2022-10-13-at-3.45.10-PM-1170x694.jpeg 1170w\" sizes=\"(max-width: 768px) 100vw, 768px\" \/><\/a>\n\t\t\t<\/div><\/figure><figure class='gallery-item'>\n\t\t\t<div class='gallery-icon landscape'>\n\t\t\t\t<a data-elementor-open-lightbox=\"yes\" data-elementor-lightbox-slideshow=\"8839b46\" data-elementor-lightbox-title=\"WhatsApp Image 2022-10-13 at 3.45.11 PM\" href='https:\/\/www.opb.gob.mx\/portal\/wp-content\/uploads\/2022\/10\/WhatsApp-Image-2022-10-13-at-3.45.11-PM.jpeg'><img width=\"768\" height=\"456\" src=\"https:\/\/www.opb.gob.mx\/portal\/wp-content\/uploads\/2022\/10\/WhatsApp-Image-2022-10-13-at-3.45.11-PM-768x456.jpeg\" class=\"attachment-medium size-medium\" alt=\"\" loading=\"lazy\" srcset=\"https:\/\/www.opb.gob.mx\/portal\/wp-content\/uploads\/2022\/10\/WhatsApp-Image-2022-10-13-at-3.45.11-PM-768x456.jpeg 768w, https:\/\/www.opb.gob.mx\/portal\/wp-content\/uploads\/2022\/10\/WhatsApp-Image-2022-10-13-at-3.45.11-PM-1170x694.jpeg 1170w\" sizes=\"(max-width: 768px) 100vw, 768px\" \/><\/a>\n\t\t\t<\/div><\/figure><figure class='gallery-item'>\n\t\t\t<div class='gallery-icon landscape'>\n\t\t\t\t<a data-elementor-open-lightbox=\"yes\" data-elementor-lightbox-slideshow=\"8839b46\" data-elementor-lightbox-title=\"WhatsApp Image 2022-10-13 at 3.45.11 PM (1)\" href='https:\/\/www.opb.gob.mx\/portal\/wp-content\/uploads\/2022\/10\/WhatsApp-Image-2022-10-13-at-3.45.11-PM-1.jpeg'><img width=\"768\" height=\"456\" src=\"https:\/\/www.opb.gob.mx\/portal\/wp-content\/uploads\/2022\/10\/WhatsApp-Image-2022-10-13-at-3.45.11-PM-1-768x456.jpeg\" class=\"attachment-medium size-medium\" alt=\"\" loading=\"lazy\" srcset=\"https:\/\/www.opb.gob.mx\/portal\/wp-content\/uploads\/2022\/10\/WhatsApp-Image-2022-10-13-at-3.45.11-PM-1-768x456.jpeg 768w, https:\/\/www.opb.gob.mx\/portal\/wp-content\/uploads\/2022\/10\/WhatsApp-Image-2022-10-13-at-3.45.11-PM-1-1170x694.jpeg 1170w\" sizes=\"(max-width: 768px) 100vw, 768px\" \/><\/a>\n\t\t\t<\/div><\/figure>\n\t\t<\/div>\n\t\t<\/div>\n\t\t\t\t<\/div>\n\t\t\t\t<\/div>\n\t\t\t\t\t\t<\/div>\n\t\t\t\t\t<\/div>\n\t\t<\/div>\n\t\t\t\t\t\t\t\t<\/div>\n\t\t\t\t\t<\/div>\n\t\t<\/section>\n\t\t\t\t\t\t<\/div>\n\t\t\t\t\t\t<\/div>\n\t\t\t\t\t<\/div>\n\t\t","protected":false},"excerpt":{"rendered":"<p>Registr\u00f3 gran inter\u00e9s por parte de la ciudadan\u00eda, de quienes se espera aportar ideas y proyectos con mayor alcance e impacto social, que fortalezcan la ejecuci\u00f3n de las pol\u00edticas p\u00fablicas del gobierno municipal actual.<\/p>\n","protected":false},"author":9,"featured_media":24073,"comment_status":"closed","ping_status":"open","sticky":false,"template":"","format":"standard","meta":[],"categories":[27],"tags":[],"_links":{"self":[{"href":"https:\/\/www.opb.gob.mx\/portal\/index.php?rest_route=\/wp\/v2\/posts\/24072"}],"collection":[{"href":"https:\/\/www.opb.gob.mx\/portal\/index.php?rest_route=\/wp\/v2\/posts"}],"about":[{"href":"https:\/\/www.opb.gob.mx\/portal\/index.php?rest_route=\/wp\/v2\/types\/post"}],"author":[{"embeddable":true,"href":"https:\/\/www.opb.gob.mx\/portal\/index.php?rest_route=\/wp\/v2\/users\/9"}],"replies":[{"embeddable":true,"href":"https:\/\/www.opb.gob.mx\/portal\/index.php?rest_route=%2Fwp%2Fv2%2Fcomments&post=24072"}],"version-history":[{"count":2,"href":"https:\/\/www.opb.gob.mx\/portal\/index.php?rest_route=\/wp\/v2\/posts\/24072\/revisions"}],"predecessor-version":[{"id":24077,"href":"https:\/\/www.opb.gob.mx\/portal\/index.php?rest_route=\/wp\/v2\/posts\/24072\/revisions\/24077"}],"wp:featuredmedia":[{"embeddable":true,"href":"https:\/\/www.opb.gob.mx\/portal\/index.php?rest_route=\/wp\/v2\/media\/24073"}],"wp:attachment":[{"href":"https:\/\/www.opb.gob.mx\/portal\/index.php?rest_route=%2Fwp%2Fv2%2Fmedia&parent=24072"}],"wp:term":[{"taxonomy":"category","embeddable":true,"href":"https:\/\/www.opb.gob.mx\/portal\/index.php?rest_route=%2Fwp%2Fv2%2Fcategories&post=24072"},{"taxonomy":"post_tag","embeddable":true,"href":"https:\/\/www.opb.gob.mx\/portal\/index.php?rest_route=%2Fwp%2Fv2%2Ftags&post=24072"}],"curies":[{"name":"wp","href":"https:\/\/api.w.org\/{rel}","templated":true}]}}