{"id":24193,"date":"2022-10-24T17:15:37","date_gmt":"2022-10-24T17:15:37","guid":{"rendered":"http:\/\/www.opb.gob.mx\/portal\/?p=24193"},"modified":"2022-10-25T15:19:09","modified_gmt":"2022-10-25T15:19:09","slug":"imes-invita-a-participar-en-el-tianguis-campesino-del-bienestar","status":"publish","type":"post","link":"https:\/\/www.opb.gob.mx\/portal\/?p=24193","title":{"rendered":"IMES INVITA A PARTICIPAR EN EL \u201cTIANGUIS CAMPESINO DEL BIENESTAR\u201d"},"content":{"rendered":"\t\t<div data-elementor-type=\"wp-post\" data-elementor-id=\"24193\" class=\"elementor elementor-24193\" data-elementor-settings=\"[]\">\n\t\t\t\t\t\t<div class=\"elementor-inner\">\n\t\t\t\t\t\t\t<div class=\"elementor-section-wrap\">\n\t\t\t\t\t\t\t<section class=\"elementor-section elementor-top-section elementor-element elementor-element-de777ed elementor-section-boxed elementor-section-height-default elementor-section-height-default\" data-id=\"de777ed\" data-element_type=\"section\">\n\t\t\t\t\t\t<div class=\"elementor-container elementor-column-gap-default\">\n\t\t\t\t\t\t\t<div class=\"elementor-row\">\n\t\t\t\t\t<div class=\"elementor-column elementor-col-100 elementor-top-column elementor-element elementor-element-6e0e3d0\" data-id=\"6e0e3d0\" data-element_type=\"column\">\n\t\t\t<div class=\"elementor-column-wrap elementor-element-populated\">\n\t\t\t\t\t\t\t<div class=\"elementor-widget-wrap\">\n\t\t\t\t\t\t<div class=\"elementor-element elementor-element-76814e5 elementor-widget elementor-widget-text-editor\" data-id=\"76814e5\" data-element_type=\"widget\" data-widget_type=\"text-editor.default\">\n\t\t\t\t<div class=\"elementor-widget-container\">\n\t\t\t\t\t<div class=\"elementor-text-editor elementor-clearfix\"><p>Chetumal, Q. Roo a 24 de octubre. \u2013 Con la finalidad de brindar continuidad a los programas federales, el municipio de Oth\u00f3n P. Blanco, que encabeza Yensunni Mart\u00ednez Hern\u00e1ndez, en sinergia con la Secretar\u00eda del Bienestar, realizar\u00e1 este pr\u00f3ximo 29 de octubre en el parque de la Juventud, el \u201cTianguis Campesino del Bienestar\u201d.<\/p><p>El director del Instituto Municipal de Econom\u00eda Social (IMES), Oscar Dzib Cocom, se\u00f1al\u00f3 que Sembrando Vida es un programa de la administraci\u00f3n p\u00fablica federal coordinado por la Secretar\u00eda de Bienestar que tiene como objetivo promover el desarrollo local, regional y nacional a trav\u00e9s del fortalecimiento del sector productivo, por ello, para que la ciudadan\u00eda pueda adquirir de manera directa los productos, se desarrolla el tianguis que es una muestra de unidad entre \u00f3rdenes de gobierno.<\/p><p>Dijo que el programa busca revertir la pobreza en el campo, el deterioro ambiental, producir para el autoconsumo y mercado local, as\u00ed como generar empleos que permitan el arraigo de las familias del medio rural.<\/p><p>En este sentido, indic\u00f3 que con la propuesta de encadenamiento productivo se busca fortalecer el valor agregado de manera artesanal y la comercializaci\u00f3n a trav\u00e9s del \u201cTianguis Campesino\u201d con circuitos cortos donde la relaci\u00f3n productor-consumidor sea directa buscando fomentar la organizaci\u00f3n y la solidaridad.<\/p><p>Oscar Dzib explic\u00f3 que los productos a ofertar son: ma\u00edz, elotes, frijol, chiles (jalape\u00f1o, habanero, de \u00e1rbol y chiltep\u00edn), camote, yuca, macal, calabaza, pepita chihua, jamaica, chaya, ocro, nopal, cilantro, pl\u00e1tano, papaya, lim\u00f3n, naranja, mandarina, cocos, achiote, ca\u00f1a, entre otros.<\/p><p>Indic\u00f3 que, de igual forma, los compradores encontrar\u00e1n la transformaci\u00f3n de estos productos como tamalitos colados, torteados, tamalitos de elote, empanadas, quesadillas, pibipollos, brazo de reina, dulces de camote, yuca, nance, coco, papaya, gelatinas, saborines, galletas, pastel de elote, caf\u00e9 de ma\u00edz, artesan\u00edas, pinole, por mencionar algunos.<\/p><p>Inform\u00f3 que el \u201cTianguis Campesino del Bienestar\u201d, ser\u00e1 este 29\u00a0 de octubre por primera vez en la capital del estado, en el parque de la Juventud ubicado en calle Nicol\u00e1s Bravo esquina con Hait\u00ed, en el Fraccionamiento Caribe de Chetumal, de 8:00 a 15:00 horas y contar\u00e1 con la participaci\u00f3n de 40 representantes de comunidades othonenses.<\/p><\/div>\n\t\t\t\t<\/div>\n\t\t\t\t<\/div>\n\t\t\t\t\t\t<\/div>\n\t\t\t\t\t<\/div>\n\t\t<\/div>\n\t\t\t\t\t\t\t\t<\/div>\n\t\t\t\t\t<\/div>\n\t\t<\/section>\n\t\t\t\t<section class=\"elementor-section elementor-top-section elementor-element elementor-element-53577c9 elementor-section-boxed elementor-section-height-default elementor-section-height-default\" data-id=\"53577c9\" data-element_type=\"section\">\n\t\t\t\t\t\t<div class=\"elementor-container elementor-column-gap-default\">\n\t\t\t\t\t\t\t<div class=\"elementor-row\">\n\t\t\t\t\t<div class=\"elementor-column elementor-col-100 elementor-top-column elementor-element elementor-element-e4a3ecd\" data-id=\"e4a3ecd\" data-element_type=\"column\">\n\t\t\t<div class=\"elementor-column-wrap elementor-element-populated\">\n\t\t\t\t\t\t\t<div class=\"elementor-widget-wrap\">\n\t\t\t\t\t\t<div class=\"elementor-element elementor-element-6f6414a elementor-widget elementor-widget-image-gallery\" data-id=\"6f6414a\" data-element_type=\"widget\" data-widget_type=\"image-gallery.default\">\n\t\t\t\t<div class=\"elementor-widget-container\">\n\t\t\t\t\t<div class=\"elementor-image-gallery\">\n\t\t\t<div id='gallery-1' class='gallery galleryid-24193 gallery-columns-4 gallery-size-medium'><figure class='gallery-item'>\n\t\t\t<div class='gallery-icon landscape'>\n\t\t\t\t<a data-elementor-open-lightbox=\"yes\" data-elementor-lightbox-slideshow=\"6f6414a\" data-elementor-lightbox-title=\"WhatsApp Image 2022-10-24 at 5.59.29 PM\" href='https:\/\/www.opb.gob.mx\/portal\/wp-content\/uploads\/2022\/10\/WhatsApp-Image-2022-10-24-at-5.59.29-PM.jpeg'><img width=\"768\" height=\"456\" src=\"https:\/\/www.opb.gob.mx\/portal\/wp-content\/uploads\/2022\/10\/WhatsApp-Image-2022-10-24-at-5.59.29-PM-768x456.jpeg\" class=\"attachment-medium size-medium\" alt=\"\" loading=\"lazy\" srcset=\"https:\/\/www.opb.gob.mx\/portal\/wp-content\/uploads\/2022\/10\/WhatsApp-Image-2022-10-24-at-5.59.29-PM-768x456.jpeg 768w, https:\/\/www.opb.gob.mx\/portal\/wp-content\/uploads\/2022\/10\/WhatsApp-Image-2022-10-24-at-5.59.29-PM-1170x694.jpeg 1170w\" sizes=\"(max-width: 768px) 100vw, 768px\" \/><\/a>\n\t\t\t<\/div><\/figure><figure class='gallery-item'>\n\t\t\t<div class='gallery-icon landscape'>\n\t\t\t\t<a data-elementor-open-lightbox=\"yes\" data-elementor-lightbox-slideshow=\"6f6414a\" data-elementor-lightbox-title=\"WhatsApp Image 2022-10-24 at 5.59.30 PM\" href='https:\/\/www.opb.gob.mx\/portal\/wp-content\/uploads\/2022\/10\/WhatsApp-Image-2022-10-24-at-5.59.30-PM.jpeg'><img width=\"768\" height=\"456\" src=\"https:\/\/www.opb.gob.mx\/portal\/wp-content\/uploads\/2022\/10\/WhatsApp-Image-2022-10-24-at-5.59.30-PM-768x456.jpeg\" class=\"attachment-medium size-medium\" alt=\"\" loading=\"lazy\" srcset=\"https:\/\/www.opb.gob.mx\/portal\/wp-content\/uploads\/2022\/10\/WhatsApp-Image-2022-10-24-at-5.59.30-PM-768x456.jpeg 768w, https:\/\/www.opb.gob.mx\/portal\/wp-content\/uploads\/2022\/10\/WhatsApp-Image-2022-10-24-at-5.59.30-PM-1170x694.jpeg 1170w\" sizes=\"(max-width: 768px) 100vw, 768px\" \/><\/a>\n\t\t\t<\/div><\/figure>\n\t\t<\/div>\n\t\t<\/div>\n\t\t\t\t<\/div>\n\t\t\t\t<\/div>\n\t\t\t\t\t\t<\/div>\n\t\t\t\t\t<\/div>\n\t\t<\/div>\n\t\t\t\t\t\t\t\t<\/div>\n\t\t\t\t\t<\/div>\n\t\t<\/section>\n\t\t\t\t\t\t<\/div>\n\t\t\t\t\t\t<\/div>\n\t\t\t\t\t<\/div>\n\t\t","protected":false},"excerpt":{"rendered":"<p>El \u201cTianguis Campesino del Bienestar\u201d estar\u00e1 el 29 de octubre en el parque de la Juventud en la colonia Caribe de la capital, de 8:00 a 15:00 horas. <\/p>\n","protected":false},"author":9,"featured_media":24195,"comment_status":"closed","ping_status":"open","sticky":false,"template":"","format":"standard","meta":[],"categories":[27],"tags":[],"_links":{"self":[{"href":"https:\/\/www.opb.gob.mx\/portal\/index.php?rest_route=\/wp\/v2\/posts\/24193"}],"collection":[{"href":"https:\/\/www.opb.gob.mx\/portal\/index.php?rest_route=\/wp\/v2\/posts"}],"about":[{"href":"https:\/\/www.opb.gob.mx\/portal\/index.php?rest_route=\/wp\/v2\/types\/post"}],"author":[{"embeddable":true,"href":"https:\/\/www.opb.gob.mx\/portal\/index.php?rest_route=\/wp\/v2\/users\/9"}],"replies":[{"embeddable":true,"href":"https:\/\/www.opb.gob.mx\/portal\/index.php?rest_route=%2Fwp%2Fv2%2Fcomments&post=24193"}],"version-history":[{"count":5,"href":"https:\/\/www.opb.gob.mx\/portal\/index.php?rest_route=\/wp\/v2\/posts\/24193\/revisions"}],"predecessor-version":[{"id":24201,"href":"https:\/\/www.opb.gob.mx\/portal\/index.php?rest_route=\/wp\/v2\/posts\/24193\/revisions\/24201"}],"wp:featuredmedia":[{"embeddable":true,"href":"https:\/\/www.opb.gob.mx\/portal\/index.php?rest_route=\/wp\/v2\/media\/24195"}],"wp:attachment":[{"href":"https:\/\/www.opb.gob.mx\/portal\/index.php?rest_route=%2Fwp%2Fv2%2Fmedia&parent=24193"}],"wp:term":[{"taxonomy":"category","embeddable":true,"href":"https:\/\/www.opb.gob.mx\/portal\/index.php?rest_route=%2Fwp%2Fv2%2Fcategories&post=24193"},{"taxonomy":"post_tag","embeddable":true,"href":"https:\/\/www.opb.gob.mx\/portal\/index.php?rest_route=%2Fwp%2Fv2%2Ftags&post=24193"}],"curies":[{"name":"wp","href":"https:\/\/api.w.org\/{rel}","templated":true}]}}