{"id":24764,"date":"2022-12-01T11:01:04","date_gmt":"2022-12-01T11:01:04","guid":{"rendered":"http:\/\/www.opb.gob.mx\/portal\/?p=24764"},"modified":"2022-12-01T23:04:11","modified_gmt":"2022-12-01T23:04:11","slug":"firman-convenio-para-brindar-servicios-de-defensoria-gratuita-para-las-y-los-trabajadores-del-ayuntamiento-de-opb","status":"publish","type":"post","link":"https:\/\/www.opb.gob.mx\/portal\/?p=24764","title":{"rendered":"FIRMAN CONVENIO PARA BRINDAR SERVICIOS DE DEFENSOR\u00cdA GRATUITA PARA LAS Y LOS TRABAJADORES DEL AYUNTAMIENTO DE OPB"},"content":{"rendered":"\t\t<div data-elementor-type=\"wp-post\" data-elementor-id=\"24764\" class=\"elementor elementor-24764\" data-elementor-settings=\"[]\">\n\t\t\t\t\t\t<div class=\"elementor-inner\">\n\t\t\t\t\t\t\t<div class=\"elementor-section-wrap\">\n\t\t\t\t\t\t\t<section class=\"elementor-section elementor-top-section elementor-element elementor-element-4f61dc3 elementor-section-boxed elementor-section-height-default elementor-section-height-default\" data-id=\"4f61dc3\" data-element_type=\"section\">\n\t\t\t\t\t\t<div class=\"elementor-container elementor-column-gap-default\">\n\t\t\t\t\t\t\t<div class=\"elementor-row\">\n\t\t\t\t\t<div class=\"elementor-column elementor-col-100 elementor-top-column elementor-element elementor-element-6defded\" data-id=\"6defded\" data-element_type=\"column\">\n\t\t\t<div class=\"elementor-column-wrap elementor-element-populated\">\n\t\t\t\t\t\t\t<div class=\"elementor-widget-wrap\">\n\t\t\t\t\t\t<div class=\"elementor-element elementor-element-6c3d6c9 elementor-widget elementor-widget-text-editor\" data-id=\"6c3d6c9\" data-element_type=\"widget\" data-widget_type=\"text-editor.default\">\n\t\t\t\t<div class=\"elementor-widget-container\">\n\t\t\t\t\t<div class=\"elementor-text-editor elementor-clearfix\"><p>Chetumal, Q. Roo a 1 de diciembre. \u2013 Con el objetivo de reforzar lazos que signifiquen beneficios para las y los othonenses, en especial las y los trabajadores del Ayuntamiento, este jueves, la presidenta municipal de Oth\u00f3n P. Blanco, Yensunni Mart\u00ednez Hern\u00e1ndez, realiz\u00f3 una firma de convenio con el Tribunal de Justicia Administrativa del Estado, encabezado por el magistrado Jes\u00fas Antonio Villalobos Carrillo.<\/p><p>En este sentido, durante el acto protocolario, la alcaldesa capitalina, agradeci\u00f3 la buena voluntad, as\u00ed como las facilidades brindadas para que el presente convenio de colaboraci\u00f3n sea realidad, el cual tiene grandes beneficios en materia jur\u00eddica para las y los trabajadores el Ayuntamiento, teniendo ahora la posibilidad de una defensor\u00eda gratuita ante cualquier situaci\u00f3n laboral que genere la pr\u00e1ctica administrativa.<\/p><p>Se\u00f1al\u00f3 que como lo indica el tercer eje prioritario de gobierno, para el Ayuntamiento de Oth\u00f3n P. Blanco, es esencial ser un gobierno responsable con disminuir la corrupci\u00f3n y generar confianza, as\u00ed como reforzar la credibilidad en la gesti\u00f3n y el quehacer gubernamental.<\/p><p>Por su parte, el magistrado Jes\u00fas Antonio Villalobos agradeci\u00f3 el apoyo y colaboraci\u00f3n que ha recibido por parte de las autoridades del Ayuntamiento, dijo que la firma de este convenio refrenda el compromiso de ambas instituciones, en aras de continuar con la misma din\u00e1mica que se ha ofrecido en el \u00e1rea de la defensor\u00eda jur\u00eddica del Tribunal al dar de manera gratuita la asistencia en los procedimientos que sean iniciados por presuntas responsabilidades administrativas en beneficio de quienes no cuenten con defensor particular.<\/p><p>Y es que de conformidad con lo se\u00f1alado en el art\u00edculo 208, fracci\u00f3n II de la Ley General de Responsabilidades Administrativas, que prev\u00e9 el derecho de los presuntos responsables a defenderse personalmente o ser asistido por un defensor perito en la materia y que, de no contar con un defensor, le ser\u00e1 nombrado un defensor de oficio; no obstante, lo anterior y a falta de una unidad de defensor\u00eda p\u00fablica adscrita a la contralor\u00eda municipal, es que el Tribunal de Justicia Administrativa brindar\u00e1 el servicio.<\/p><p>Estuvieron tambi\u00e9n en el pres\u00eddium, la contralora municipal, Gabriela Ix Chan; y el titular de la Unidad de Asistencia Jur\u00eddica del Tribunal de Justicia Administrativa, Josu\u00e9 Alonso Hamilton Carrasco; y a la firma, celebrada en la sala de Cabildo del Ayuntamiento, asistieron la regidora Grecia Coral Pasos; los regidores Alfredo Ceballos Santiago, Juan Ortiz Card\u00edn, y \u00c1ngel Rivero Palomo; as\u00ed como diversas autoridades de ambas instancias gubernamentales.<\/p><\/div>\n\t\t\t\t<\/div>\n\t\t\t\t<\/div>\n\t\t\t\t\t\t<\/div>\n\t\t\t\t\t<\/div>\n\t\t<\/div>\n\t\t\t\t\t\t\t\t<\/div>\n\t\t\t\t\t<\/div>\n\t\t<\/section>\n\t\t\t\t<section class=\"elementor-section elementor-top-section elementor-element elementor-element-fd8cd3f elementor-section-boxed elementor-section-height-default elementor-section-height-default\" data-id=\"fd8cd3f\" data-element_type=\"section\">\n\t\t\t\t\t\t<div class=\"elementor-container elementor-column-gap-default\">\n\t\t\t\t\t\t\t<div class=\"elementor-row\">\n\t\t\t\t\t<div class=\"elementor-column elementor-col-100 elementor-top-column elementor-element elementor-element-b9198bd\" data-id=\"b9198bd\" data-element_type=\"column\">\n\t\t\t<div class=\"elementor-column-wrap elementor-element-populated\">\n\t\t\t\t\t\t\t<div class=\"elementor-widget-wrap\">\n\t\t\t\t\t\t<div class=\"elementor-element elementor-element-1ce18c1 elementor-widget elementor-widget-image-gallery\" data-id=\"1ce18c1\" data-element_type=\"widget\" data-widget_type=\"image-gallery.default\">\n\t\t\t\t<div class=\"elementor-widget-container\">\n\t\t\t\t\t<div class=\"elementor-image-gallery\">\n\t\t\t<div id='gallery-1' class='gallery galleryid-24764 gallery-columns-4 gallery-size-medium'><figure class='gallery-item'>\n\t\t\t<div class='gallery-icon landscape'>\n\t\t\t\t<a data-elementor-open-lightbox=\"yes\" data-elementor-lightbox-slideshow=\"1ce18c1\" data-elementor-lightbox-title=\"WhatsApp Image 2022-12-01 at 5.06.03 PM\" href='https:\/\/www.opb.gob.mx\/portal\/wp-content\/uploads\/2022\/12\/WhatsApp-Image-2022-12-01-at-5.06.03-PM-1.jpeg'><img width=\"768\" height=\"456\" src=\"https:\/\/www.opb.gob.mx\/portal\/wp-content\/uploads\/2022\/12\/WhatsApp-Image-2022-12-01-at-5.06.03-PM-1-768x456.jpeg\" class=\"attachment-medium size-medium\" alt=\"\" loading=\"lazy\" srcset=\"https:\/\/www.opb.gob.mx\/portal\/wp-content\/uploads\/2022\/12\/WhatsApp-Image-2022-12-01-at-5.06.03-PM-1-768x456.jpeg 768w, https:\/\/www.opb.gob.mx\/portal\/wp-content\/uploads\/2022\/12\/WhatsApp-Image-2022-12-01-at-5.06.03-PM-1-1170x694.jpeg 1170w\" sizes=\"(max-width: 768px) 100vw, 768px\" \/><\/a>\n\t\t\t<\/div><\/figure><figure class='gallery-item'>\n\t\t\t<div class='gallery-icon landscape'>\n\t\t\t\t<a data-elementor-open-lightbox=\"yes\" data-elementor-lightbox-slideshow=\"1ce18c1\" data-elementor-lightbox-title=\"WhatsApp Image 2022-12-01 at 5.06.02 PM (2)\" href='https:\/\/www.opb.gob.mx\/portal\/wp-content\/uploads\/2022\/12\/WhatsApp-Image-2022-12-01-at-5.06.02-PM-2-1.jpeg'><img width=\"768\" height=\"456\" src=\"https:\/\/www.opb.gob.mx\/portal\/wp-content\/uploads\/2022\/12\/WhatsApp-Image-2022-12-01-at-5.06.02-PM-2-1-768x456.jpeg\" class=\"attachment-medium size-medium\" alt=\"\" loading=\"lazy\" srcset=\"https:\/\/www.opb.gob.mx\/portal\/wp-content\/uploads\/2022\/12\/WhatsApp-Image-2022-12-01-at-5.06.02-PM-2-1-768x456.jpeg 768w, https:\/\/www.opb.gob.mx\/portal\/wp-content\/uploads\/2022\/12\/WhatsApp-Image-2022-12-01-at-5.06.02-PM-2-1-1170x694.jpeg 1170w\" sizes=\"(max-width: 768px) 100vw, 768px\" \/><\/a>\n\t\t\t<\/div><\/figure><figure class='gallery-item'>\n\t\t\t<div class='gallery-icon landscape'>\n\t\t\t\t<a data-elementor-open-lightbox=\"yes\" data-elementor-lightbox-slideshow=\"1ce18c1\" data-elementor-lightbox-title=\"WhatsApp Image 2022-12-01 at 5.06.02 PM (1)\" href='https:\/\/www.opb.gob.mx\/portal\/wp-content\/uploads\/2022\/12\/WhatsApp-Image-2022-12-01-at-5.06.02-PM-1-1.jpeg'><img width=\"768\" height=\"456\" src=\"https:\/\/www.opb.gob.mx\/portal\/wp-content\/uploads\/2022\/12\/WhatsApp-Image-2022-12-01-at-5.06.02-PM-1-1-768x456.jpeg\" class=\"attachment-medium size-medium\" alt=\"\" loading=\"lazy\" srcset=\"https:\/\/www.opb.gob.mx\/portal\/wp-content\/uploads\/2022\/12\/WhatsApp-Image-2022-12-01-at-5.06.02-PM-1-1-768x456.jpeg 768w, https:\/\/www.opb.gob.mx\/portal\/wp-content\/uploads\/2022\/12\/WhatsApp-Image-2022-12-01-at-5.06.02-PM-1-1-1170x694.jpeg 1170w\" sizes=\"(max-width: 768px) 100vw, 768px\" \/><\/a>\n\t\t\t<\/div><\/figure><figure class='gallery-item'>\n\t\t\t<div class='gallery-icon landscape'>\n\t\t\t\t<a data-elementor-open-lightbox=\"yes\" data-elementor-lightbox-slideshow=\"1ce18c1\" data-elementor-lightbox-title=\"WhatsApp Image 2022-12-01 at 5.06.02 PM\" href='https:\/\/www.opb.gob.mx\/portal\/wp-content\/uploads\/2022\/12\/WhatsApp-Image-2022-12-01-at-5.06.02-PM-3.jpeg'><img width=\"768\" height=\"456\" src=\"https:\/\/www.opb.gob.mx\/portal\/wp-content\/uploads\/2022\/12\/WhatsApp-Image-2022-12-01-at-5.06.02-PM-3-768x456.jpeg\" class=\"attachment-medium size-medium\" alt=\"\" loading=\"lazy\" srcset=\"https:\/\/www.opb.gob.mx\/portal\/wp-content\/uploads\/2022\/12\/WhatsApp-Image-2022-12-01-at-5.06.02-PM-3-768x456.jpeg 768w, https:\/\/www.opb.gob.mx\/portal\/wp-content\/uploads\/2022\/12\/WhatsApp-Image-2022-12-01-at-5.06.02-PM-3-1170x694.jpeg 1170w\" sizes=\"(max-width: 768px) 100vw, 768px\" \/><\/a>\n\t\t\t<\/div><\/figure><figure class='gallery-item'>\n\t\t\t<div class='gallery-icon landscape'>\n\t\t\t\t<a data-elementor-open-lightbox=\"yes\" data-elementor-lightbox-slideshow=\"1ce18c1\" data-elementor-lightbox-title=\"WhatsApp Image 2022-12-01 at 5.06.01 PM\" href='https:\/\/www.opb.gob.mx\/portal\/wp-content\/uploads\/2022\/12\/WhatsApp-Image-2022-12-01-at-5.06.01-PM-1.jpeg'><img width=\"768\" height=\"456\" src=\"https:\/\/www.opb.gob.mx\/portal\/wp-content\/uploads\/2022\/12\/WhatsApp-Image-2022-12-01-at-5.06.01-PM-1-768x456.jpeg\" class=\"attachment-medium size-medium\" alt=\"\" loading=\"lazy\" srcset=\"https:\/\/www.opb.gob.mx\/portal\/wp-content\/uploads\/2022\/12\/WhatsApp-Image-2022-12-01-at-5.06.01-PM-1-768x456.jpeg 768w, https:\/\/www.opb.gob.mx\/portal\/wp-content\/uploads\/2022\/12\/WhatsApp-Image-2022-12-01-at-5.06.01-PM-1-1170x694.jpeg 1170w\" sizes=\"(max-width: 768px) 100vw, 768px\" \/><\/a>\n\t\t\t<\/div><\/figure>\n\t\t<\/div>\n\t\t<\/div>\n\t\t\t\t<\/div>\n\t\t\t\t<\/div>\n\t\t\t\t\t\t<\/div>\n\t\t\t\t\t<\/div>\n\t\t<\/div>\n\t\t\t\t\t\t\t\t<\/div>\n\t\t\t\t\t<\/div>\n\t\t<\/section>\n\t\t\t\t\t\t<\/div>\n\t\t\t\t\t\t<\/div>\n\t\t\t\t\t<\/div>\n\t\t","protected":false},"excerpt":{"rendered":"<p>Avanza OPB en la construcci\u00f3n de un municipio responsable que genere confianza. <\/p>\n","protected":false},"author":9,"featured_media":24769,"comment_status":"closed","ping_status":"open","sticky":false,"template":"","format":"standard","meta":[],"categories":[27],"tags":[],"_links":{"self":[{"href":"https:\/\/www.opb.gob.mx\/portal\/index.php?rest_route=\/wp\/v2\/posts\/24764"}],"collection":[{"href":"https:\/\/www.opb.gob.mx\/portal\/index.php?rest_route=\/wp\/v2\/posts"}],"about":[{"href":"https:\/\/www.opb.gob.mx\/portal\/index.php?rest_route=\/wp\/v2\/types\/post"}],"author":[{"embeddable":true,"href":"https:\/\/www.opb.gob.mx\/portal\/index.php?rest_route=\/wp\/v2\/users\/9"}],"replies":[{"embeddable":true,"href":"https:\/\/www.opb.gob.mx\/portal\/index.php?rest_route=%2Fwp%2Fv2%2Fcomments&post=24764"}],"version-history":[{"count":2,"href":"https:\/\/www.opb.gob.mx\/portal\/index.php?rest_route=\/wp\/v2\/posts\/24764\/revisions"}],"predecessor-version":[{"id":24776,"href":"https:\/\/www.opb.gob.mx\/portal\/index.php?rest_route=\/wp\/v2\/posts\/24764\/revisions\/24776"}],"wp:featuredmedia":[{"embeddable":true,"href":"https:\/\/www.opb.gob.mx\/portal\/index.php?rest_route=\/wp\/v2\/media\/24769"}],"wp:attachment":[{"href":"https:\/\/www.opb.gob.mx\/portal\/index.php?rest_route=%2Fwp%2Fv2%2Fmedia&parent=24764"}],"wp:term":[{"taxonomy":"category","embeddable":true,"href":"https:\/\/www.opb.gob.mx\/portal\/index.php?rest_route=%2Fwp%2Fv2%2Fcategories&post=24764"},{"taxonomy":"post_tag","embeddable":true,"href":"https:\/\/www.opb.gob.mx\/portal\/index.php?rest_route=%2Fwp%2Fv2%2Ftags&post=24764"}],"curies":[{"name":"wp","href":"https:\/\/api.w.org\/{rel}","templated":true}]}}