{"id":25553,"date":"2023-02-07T08:07:12","date_gmt":"2023-02-07T08:07:12","guid":{"rendered":"http:\/\/www.opb.gob.mx\/portal\/?p=25553"},"modified":"2023-02-07T20:09:29","modified_gmt":"2023-02-07T20:09:29","slug":"carnaval-chetumal-2023-lsto-para-recibir-a-locales-y-visitantes","status":"publish","type":"post","link":"https:\/\/www.opb.gob.mx\/portal\/?p=25553","title":{"rendered":"\u201cCARNAVAL CHETUMAL 2023\u201d LSTO PARA RECIBIR A LOCALES Y VISITANTES"},"content":{"rendered":"\t\t<div data-elementor-type=\"wp-post\" data-elementor-id=\"25553\" class=\"elementor elementor-25553\" data-elementor-settings=\"[]\">\n\t\t\t\t\t\t<div class=\"elementor-inner\">\n\t\t\t\t\t\t\t<div class=\"elementor-section-wrap\">\n\t\t\t\t\t\t\t<section class=\"elementor-section elementor-top-section elementor-element elementor-element-b7a5ab7 elementor-section-boxed elementor-section-height-default elementor-section-height-default\" data-id=\"b7a5ab7\" data-element_type=\"section\">\n\t\t\t\t\t\t<div class=\"elementor-container elementor-column-gap-default\">\n\t\t\t\t\t\t\t<div class=\"elementor-row\">\n\t\t\t\t\t<div class=\"elementor-column elementor-col-100 elementor-top-column elementor-element elementor-element-950c1d9\" data-id=\"950c1d9\" data-element_type=\"column\">\n\t\t\t<div class=\"elementor-column-wrap elementor-element-populated\">\n\t\t\t\t\t\t\t<div class=\"elementor-widget-wrap\">\n\t\t\t\t\t\t<div class=\"elementor-element elementor-element-b3e86d9 elementor-widget elementor-widget-text-editor\" data-id=\"b3e86d9\" data-element_type=\"widget\" data-widget_type=\"text-editor.default\">\n\t\t\t\t<div class=\"elementor-widget-container\">\n\t\t\t\t\t<div class=\"elementor-text-editor elementor-clearfix\"><p>Chetumal, Q. Roo a 7 de febrero. &#8211; Todo est\u00e1 listo para el Carnaval Chetumal 2023, \u201cLa Fiesta que todas y todos queremos\u201d, con una cartelera para el deleite de la ciudadan\u00eda y donde se espera la participaci\u00f3n de los chetumale\u00f1os y visitantes a partir de este 15 de febrero.<\/p><p>La presidenta del Comit\u00e9 del Carnaval, Yurissan Hern\u00e1ndez Rovira, dijo que el mi\u00e9rcoles 15 de febrero, iniciar\u00e1 la fiesta del carnaval con la coronaci\u00f3n de las reinas y reyes de las seis diferentes categor\u00edas en el escenario que se instalar\u00e1 en la Explanada de la Bandera como ya es tradici\u00f3n, y en punto de las 21:30 horas la presentaci\u00f3n de \u201cRayito Colombiano\u201d.<\/p><p>Record\u00f3 que siguen abiertas las convocatorias hasta el 11 de febrero para los diferentes concursos en los cuales hay importantes premios en efectivo, montos y bases que pueden consultar en las p\u00e1ginas WEB y redes sociales del Ayuntamiento de Oth\u00f3n P. Blanco.<\/p><p>Expuso que el inicio de los derroteros ser\u00e1 en el Museo de la Cultura Maya, bajar\u00e1 sobre la Avenida de Los H\u00e9roes y llegada a la calle Carmen Ochoa de Merino, tomar\u00e1 la 16 de Septiembre para dirigirse al Boulevard Bah\u00eda y finalizando en la Explanada de la Bandera.<\/p><p>Asimismo, se\u00f1al\u00f3 que para el jueves 16 de febrero iniciar\u00e1 con el corso infantil en punto de las 18:00 horas y posteriormente se llevar\u00e1 a cabo la presentaci\u00f3n de las comparsas de la reina y rey infantil; as\u00ed como de la reina y rey de la inclusi\u00f3n, seguido del concurso de disfraces en la categor\u00eda individual y grupal, y el concurso de comparsas en la categor\u00eda preescolar e infantil.<\/p><p>Este mismo jueves se presentar\u00e1n grupos locales como: Korto Circuito, Jos\u00e9 Ignacio L\u00f3pez, Luis Felipe P\u00e9rez Morales, Manuel Vivas, Susy Rico, Freddy Cauich, M\u00f3nica Alatorre y Blue Rever en punto de las 21:30 horas.<\/p><p>Hern\u00e1ndez Rovira dijo que para el viernes 17 de febrero iniciar\u00e1n con el derrotero en punto de las 18 horas, y posteriormente la presentaci\u00f3n de la comparsa de los reyes del carnaval y el concurso de las comparsas en la categor\u00eda juvenil finalizando con la presentaci\u00f3n del grupo Ca\u00f1averal y Quinto Malo.<\/p><p>Para el s\u00e1bado 18 de febrero la fiesta iniciar\u00e1 con el derrotero y la presentaci\u00f3n de la comparsa de la reina y rey del carnaval, as\u00ed como el concurso de comparsas en la categor\u00eda libre para finalizar con Pilo y su banda Blanca y el grupo Oro Mai Mai.<\/p><p>La presidenta del comit\u00e9 del carnaval Yurissan Hern\u00e1ndez Rovira dijo que para el domingo 19 de febrero, iniciar\u00e1 con el derrotero y despu\u00e9s la presentaci\u00f3n de la comparsa de la reina y rey del carnaval, seguido por el concurso de disfraces en categor\u00eda individual y grupal, asimismo traje espectacular y de mascota, y la presentaci\u00f3n del grupo \u201cMerenglas\u201d y \u201cSon Latinos\u201d.<\/p><p>Para el lunes 20 de febrero iniciar\u00e1 con el derrotero, la ceremonia de premiaci\u00f3n y presentaci\u00f3n de ganadores de concursos y al cierre, la presencia de \u201cKarenka\u201d y \u201cKingston Band\u201d en el escenario.<\/p><p>Para el martes 21 de febrero las fiestas iniciar\u00e1 a las 8:00 am de la ma\u00f1ana con la \u201cCarrera de Colores\u201d partiendo sobre el Boulevard Bah\u00eda desde \u201cEl Faro\u201d hasta \u201cDos Mulas\u201d; posteriormente en la noche, el sexto y \u00faltimo derrotero; y premiaciones finales; mientras que en el escenario, la presentaci\u00f3n de Gilharry 7 y la Orquesta de la Polic\u00eda Estatal de Quintana Roo.<\/p><\/div>\n\t\t\t\t<\/div>\n\t\t\t\t<\/div>\n\t\t\t\t\t\t<\/div>\n\t\t\t\t\t<\/div>\n\t\t<\/div>\n\t\t\t\t\t\t\t\t<\/div>\n\t\t\t\t\t<\/div>\n\t\t<\/section>\n\t\t\t\t<section class=\"elementor-section elementor-top-section elementor-element elementor-element-4d2facd elementor-section-boxed elementor-section-height-default elementor-section-height-default\" data-id=\"4d2facd\" data-element_type=\"section\">\n\t\t\t\t\t\t<div class=\"elementor-container elementor-column-gap-default\">\n\t\t\t\t\t\t\t<div class=\"elementor-row\">\n\t\t\t\t\t<div class=\"elementor-column elementor-col-100 elementor-top-column elementor-element elementor-element-1ebf457\" data-id=\"1ebf457\" data-element_type=\"column\">\n\t\t\t<div class=\"elementor-column-wrap elementor-element-populated\">\n\t\t\t\t\t\t\t<div class=\"elementor-widget-wrap\">\n\t\t\t\t\t\t<div class=\"elementor-element elementor-element-88d740f elementor-widget elementor-widget-image-gallery\" data-id=\"88d740f\" data-element_type=\"widget\" data-widget_type=\"image-gallery.default\">\n\t\t\t\t<div class=\"elementor-widget-container\">\n\t\t\t\t\t<div class=\"elementor-image-gallery\">\n\t\t\t<div id='gallery-1' class='gallery galleryid-25553 gallery-columns-4 gallery-size-medium'><figure class='gallery-item'>\n\t\t\t<div class='gallery-icon landscape'>\n\t\t\t\t<a data-elementor-open-lightbox=\"yes\" data-elementor-lightbox-slideshow=\"88d740f\" data-elementor-lightbox-title=\"WhatsApp Image 2023-02-07 at 2.10.33 PM\" href='https:\/\/www.opb.gob.mx\/portal\/wp-content\/uploads\/2023\/02\/WhatsApp-Image-2023-02-07-at-2.10.33-PM.jpeg'><img width=\"768\" height=\"456\" src=\"https:\/\/www.opb.gob.mx\/portal\/wp-content\/uploads\/2023\/02\/WhatsApp-Image-2023-02-07-at-2.10.33-PM-768x456.jpeg\" class=\"attachment-medium size-medium\" alt=\"\" loading=\"lazy\" \/><\/a>\n\t\t\t<\/div><\/figure><figure class='gallery-item'>\n\t\t\t<div class='gallery-icon landscape'>\n\t\t\t\t<a data-elementor-open-lightbox=\"yes\" data-elementor-lightbox-slideshow=\"88d740f\" data-elementor-lightbox-title=\"WhatsApp Image 2023-02-07 at 2.10.34 PM (2)\" href='https:\/\/www.opb.gob.mx\/portal\/wp-content\/uploads\/2023\/02\/WhatsApp-Image-2023-02-07-at-2.10.34-PM-2.jpeg'><img width=\"768\" height=\"456\" src=\"https:\/\/www.opb.gob.mx\/portal\/wp-content\/uploads\/2023\/02\/WhatsApp-Image-2023-02-07-at-2.10.34-PM-2-768x456.jpeg\" class=\"attachment-medium size-medium\" alt=\"\" loading=\"lazy\" srcset=\"https:\/\/www.opb.gob.mx\/portal\/wp-content\/uploads\/2023\/02\/WhatsApp-Image-2023-02-07-at-2.10.34-PM-2-768x456.jpeg 768w, https:\/\/www.opb.gob.mx\/portal\/wp-content\/uploads\/2023\/02\/WhatsApp-Image-2023-02-07-at-2.10.34-PM-2-1170x694.jpeg 1170w\" sizes=\"(max-width: 768px) 100vw, 768px\" \/><\/a>\n\t\t\t<\/div><\/figure><figure class='gallery-item'>\n\t\t\t<div class='gallery-icon landscape'>\n\t\t\t\t<a data-elementor-open-lightbox=\"yes\" data-elementor-lightbox-slideshow=\"88d740f\" data-elementor-lightbox-title=\"WhatsApp Image 2023-02-07 at 2.10.34 PM (3)\" href='https:\/\/www.opb.gob.mx\/portal\/wp-content\/uploads\/2023\/02\/WhatsApp-Image-2023-02-07-at-2.10.34-PM-3.jpeg'><img width=\"768\" height=\"456\" src=\"https:\/\/www.opb.gob.mx\/portal\/wp-content\/uploads\/2023\/02\/WhatsApp-Image-2023-02-07-at-2.10.34-PM-3-768x456.jpeg\" class=\"attachment-medium size-medium\" alt=\"\" loading=\"lazy\" srcset=\"https:\/\/www.opb.gob.mx\/portal\/wp-content\/uploads\/2023\/02\/WhatsApp-Image-2023-02-07-at-2.10.34-PM-3-768x456.jpeg 768w, https:\/\/www.opb.gob.mx\/portal\/wp-content\/uploads\/2023\/02\/WhatsApp-Image-2023-02-07-at-2.10.34-PM-3-1170x694.jpeg 1170w\" sizes=\"(max-width: 768px) 100vw, 768px\" \/><\/a>\n\t\t\t<\/div><\/figure><figure class='gallery-item'>\n\t\t\t<div class='gallery-icon landscape'>\n\t\t\t\t<a data-elementor-open-lightbox=\"yes\" data-elementor-lightbox-slideshow=\"88d740f\" data-elementor-lightbox-title=\"WhatsApp Image 2023-02-07 at 2.10.35 PM\" href='https:\/\/www.opb.gob.mx\/portal\/wp-content\/uploads\/2023\/02\/WhatsApp-Image-2023-02-07-at-2.10.35-PM.jpeg'><img width=\"768\" height=\"456\" src=\"https:\/\/www.opb.gob.mx\/portal\/wp-content\/uploads\/2023\/02\/WhatsApp-Image-2023-02-07-at-2.10.35-PM-768x456.jpeg\" class=\"attachment-medium size-medium\" alt=\"\" loading=\"lazy\" \/><\/a>\n\t\t\t<\/div><\/figure><figure class='gallery-item'>\n\t\t\t<div class='gallery-icon landscape'>\n\t\t\t\t<a data-elementor-open-lightbox=\"yes\" data-elementor-lightbox-slideshow=\"88d740f\" data-elementor-lightbox-title=\"WhatsApp Image 2023-02-07 at 2.10.33 PM (2)\" href='https:\/\/www.opb.gob.mx\/portal\/wp-content\/uploads\/2023\/02\/WhatsApp-Image-2023-02-07-at-2.10.33-PM-2.jpeg'><img width=\"768\" height=\"456\" src=\"https:\/\/www.opb.gob.mx\/portal\/wp-content\/uploads\/2023\/02\/WhatsApp-Image-2023-02-07-at-2.10.33-PM-2-768x456.jpeg\" class=\"attachment-medium size-medium\" alt=\"\" loading=\"lazy\" srcset=\"https:\/\/www.opb.gob.mx\/portal\/wp-content\/uploads\/2023\/02\/WhatsApp-Image-2023-02-07-at-2.10.33-PM-2-768x456.jpeg 768w, https:\/\/www.opb.gob.mx\/portal\/wp-content\/uploads\/2023\/02\/WhatsApp-Image-2023-02-07-at-2.10.33-PM-2-1170x694.jpeg 1170w\" sizes=\"(max-width: 768px) 100vw, 768px\" \/><\/a>\n\t\t\t<\/div><\/figure><figure class='gallery-item'>\n\t\t\t<div class='gallery-icon landscape'>\n\t\t\t\t<a data-elementor-open-lightbox=\"yes\" data-elementor-lightbox-slideshow=\"88d740f\" data-elementor-lightbox-title=\"WhatsApp Image 2023-02-07 at 2.10.33 PM (1)\" href='https:\/\/www.opb.gob.mx\/portal\/wp-content\/uploads\/2023\/02\/WhatsApp-Image-2023-02-07-at-2.10.33-PM-1.jpeg'><img width=\"768\" height=\"456\" src=\"https:\/\/www.opb.gob.mx\/portal\/wp-content\/uploads\/2023\/02\/WhatsApp-Image-2023-02-07-at-2.10.33-PM-1-768x456.jpeg\" class=\"attachment-medium size-medium\" alt=\"\" loading=\"lazy\" \/><\/a>\n\t\t\t<\/div><\/figure><figure class='gallery-item'>\n\t\t\t<div class='gallery-icon landscape'>\n\t\t\t\t<a data-elementor-open-lightbox=\"yes\" data-elementor-lightbox-slideshow=\"88d740f\" data-elementor-lightbox-title=\"WhatsApp Image 2023-02-07 at 2.10.34 PM\" href='https:\/\/www.opb.gob.mx\/portal\/wp-content\/uploads\/2023\/02\/WhatsApp-Image-2023-02-07-at-2.10.34-PM.jpeg'><img width=\"768\" height=\"456\" src=\"https:\/\/www.opb.gob.mx\/portal\/wp-content\/uploads\/2023\/02\/WhatsApp-Image-2023-02-07-at-2.10.34-PM-768x456.jpeg\" class=\"attachment-medium size-medium\" alt=\"\" loading=\"lazy\" \/><\/a>\n\t\t\t<\/div><\/figure><figure class='gallery-item'>\n\t\t\t<div class='gallery-icon landscape'>\n\t\t\t\t<a data-elementor-open-lightbox=\"yes\" data-elementor-lightbox-slideshow=\"88d740f\" data-elementor-lightbox-title=\"WhatsApp Image 2023-02-07 at 2.10.34 PM (1)\" href='https:\/\/www.opb.gob.mx\/portal\/wp-content\/uploads\/2023\/02\/WhatsApp-Image-2023-02-07-at-2.10.34-PM-1.jpeg'><img width=\"768\" height=\"456\" src=\"https:\/\/www.opb.gob.mx\/portal\/wp-content\/uploads\/2023\/02\/WhatsApp-Image-2023-02-07-at-2.10.34-PM-1-768x456.jpeg\" class=\"attachment-medium size-medium\" alt=\"\" loading=\"lazy\" srcset=\"https:\/\/www.opb.gob.mx\/portal\/wp-content\/uploads\/2023\/02\/WhatsApp-Image-2023-02-07-at-2.10.34-PM-1-768x456.jpeg 768w, https:\/\/www.opb.gob.mx\/portal\/wp-content\/uploads\/2023\/02\/WhatsApp-Image-2023-02-07-at-2.10.34-PM-1-1170x694.jpeg 1170w\" sizes=\"(max-width: 768px) 100vw, 768px\" \/><\/a>\n\t\t\t<\/div><\/figure>\n\t\t<\/div>\n\t\t<\/div>\n\t\t\t\t<\/div>\n\t\t\t\t<\/div>\n\t\t\t\t\t\t<\/div>\n\t\t\t\t\t<\/div>\n\t\t<\/div>\n\t\t\t\t\t\t\t\t<\/div>\n\t\t\t\t\t<\/div>\n\t\t<\/section>\n\t\t\t\t\t\t<\/div>\n\t\t\t\t\t\t<\/div>\n\t\t\t\t\t<\/div>\n\t\t","protected":false},"excerpt":{"rendered":"<p>\u201cLa fiesta que todas y todos queremos\u201d espera la participaci\u00f3n que las y los othonenses. <\/p>\n","protected":false},"author":9,"featured_media":25557,"comment_status":"closed","ping_status":"open","sticky":false,"template":"","format":"standard","meta":[],"categories":[27],"tags":[],"_links":{"self":[{"href":"https:\/\/www.opb.gob.mx\/portal\/index.php?rest_route=\/wp\/v2\/posts\/25553"}],"collection":[{"href":"https:\/\/www.opb.gob.mx\/portal\/index.php?rest_route=\/wp\/v2\/posts"}],"about":[{"href":"https:\/\/www.opb.gob.mx\/portal\/index.php?rest_route=\/wp\/v2\/types\/post"}],"author":[{"embeddable":true,"href":"https:\/\/www.opb.gob.mx\/portal\/index.php?rest_route=\/wp\/v2\/users\/9"}],"replies":[{"embeddable":true,"href":"https:\/\/www.opb.gob.mx\/portal\/index.php?rest_route=%2Fwp%2Fv2%2Fcomments&post=25553"}],"version-history":[{"count":2,"href":"https:\/\/www.opb.gob.mx\/portal\/index.php?rest_route=\/wp\/v2\/posts\/25553\/revisions"}],"predecessor-version":[{"id":25563,"href":"https:\/\/www.opb.gob.mx\/portal\/index.php?rest_route=\/wp\/v2\/posts\/25553\/revisions\/25563"}],"wp:featuredmedia":[{"embeddable":true,"href":"https:\/\/www.opb.gob.mx\/portal\/index.php?rest_route=\/wp\/v2\/media\/25557"}],"wp:attachment":[{"href":"https:\/\/www.opb.gob.mx\/portal\/index.php?rest_route=%2Fwp%2Fv2%2Fmedia&parent=25553"}],"wp:term":[{"taxonomy":"category","embeddable":true,"href":"https:\/\/www.opb.gob.mx\/portal\/index.php?rest_route=%2Fwp%2Fv2%2Fcategories&post=25553"},{"taxonomy":"post_tag","embeddable":true,"href":"https:\/\/www.opb.gob.mx\/portal\/index.php?rest_route=%2Fwp%2Fv2%2Ftags&post=25553"}],"curies":[{"name":"wp","href":"https:\/\/api.w.org\/{rel}","templated":true}]}}