{"id":25750,"date":"2023-02-15T12:21:13","date_gmt":"2023-02-15T12:21:13","guid":{"rendered":"http:\/\/www.opb.gob.mx\/portal\/?p=25750"},"modified":"2023-02-16T12:25:17","modified_gmt":"2023-02-16T12:25:17","slug":"regidoras-y-regidores-othonenses-trabajan-en-el-proceso-de-extincion-de-concesion-del-panteon-campos-del-recuerdo","status":"publish","type":"post","link":"https:\/\/www.opb.gob.mx\/portal\/?p=25750","title":{"rendered":"REGIDORAS Y REGIDORES OTHONENSES TRABAJAN EN EL PROCESO DE EXTINCI\u00d3N DE CONCESI\u00d3N DEL PANTE\u00d3N \u201cCAMPOS DEL RECUERDO\u201d"},"content":{"rendered":"\t\t<div data-elementor-type=\"wp-post\" data-elementor-id=\"25750\" class=\"elementor elementor-25750\" data-elementor-settings=\"[]\">\n\t\t\t\t\t\t<div class=\"elementor-inner\">\n\t\t\t\t\t\t\t<div class=\"elementor-section-wrap\">\n\t\t\t\t\t\t\t<section class=\"elementor-section elementor-top-section elementor-element elementor-element-f635c09 elementor-section-boxed elementor-section-height-default elementor-section-height-default\" data-id=\"f635c09\" data-element_type=\"section\">\n\t\t\t\t\t\t<div class=\"elementor-container elementor-column-gap-default\">\n\t\t\t\t\t\t\t<div class=\"elementor-row\">\n\t\t\t\t\t<div class=\"elementor-column elementor-col-100 elementor-top-column elementor-element elementor-element-50fb105\" data-id=\"50fb105\" data-element_type=\"column\">\n\t\t\t<div class=\"elementor-column-wrap elementor-element-populated\">\n\t\t\t\t\t\t\t<div class=\"elementor-widget-wrap\">\n\t\t\t\t\t\t<div class=\"elementor-element elementor-element-04f6c5b elementor-widget elementor-widget-text-editor\" data-id=\"04f6c5b\" data-element_type=\"widget\" data-widget_type=\"text-editor.default\">\n\t\t\t\t<div class=\"elementor-widget-container\">\n\t\t\t\t\t<div class=\"elementor-text-editor elementor-clearfix\"><p>Chetumal, Q. Roo a 15 de febrero. \u2013 Como parte de los trabajos en favor de las y los othonenses, como ha sido el plan de gobierno de la presidenta municipal de Oth\u00f3n P. Blanco, Yensunni Mart\u00ednez Hern\u00e1ndez, este mi\u00e9rcoles, en sesi\u00f3n de la comisi\u00f3n de rastros, mercados, funerarias y panteones, las y los regidores, estudiaron el proceso de extinci\u00f3n de la concesi\u00f3n del pante\u00f3n \u201cCampos del Recuerdo\u201d y el curso del mismo.<\/p><p>En este sentido, el regidor presidente de la comisi\u00f3n, Jos\u00e9 \u00c1ngel Mu\u00f1oz Gonz\u00e1lez, inform\u00f3 que el pasado 4 de febrero, se dio por finalizada la concesi\u00f3n del espacio que ocupa del pante\u00f3n \u201cCampos del Recuerdo\u201d, en la ciudad capital, en el que se contemplan 10 hect\u00e1reas.<\/p><p>El regidor hizo un llamado especial a la ciudadan\u00eda, para comunicarle que a partir de la finalizaci\u00f3n del contrato, toda la administraci\u00f3n del pante\u00f3n, pagos, tr\u00e1mites y dem\u00e1s, pasa a manos del gobierno municipal, por lo que la gente puede conducirse al \u00e1rea de funerarias y panteones, que se encuentran en el interior del pante\u00f3n municipal de la avenida Efra\u00edn Aguilar esquina calle Emiliano Zapata.<\/p><p>En este orden de ideas, los asistentes expusieron ideas sobre el seguimiento legal que debe continuar el proceso, en funci\u00f3n de que el Ayuntamiento de Oth\u00f3n P. Blanco, pueda tomar posesi\u00f3n desde este mismo d\u00eda, ya que el concesionario fue notificado en fechas pasadas sobre el t\u00e9rmino de la concesi\u00f3n.<\/p><p>Los concejales indicaron que la administraci\u00f3n municipal, continuar\u00e1 estudiando los t\u00e9rminos del documento de entrega-recepci\u00f3n, en donde incluir\u00e1n los adeudos que se han tenido por el concesionario, asimismo, reconociendo los pagos realizados en los a\u00f1os 2014, 2022, y 2023.<\/p><p>Finalmente, indicaron que en pr\u00f3ximos d\u00edas, con ayuda de la direcci\u00f3n de servicios p\u00fablicos municipales realizar\u00e1n una jornada de limpieza al predio y de igual forma, en cuestiones legales, conformar\u00e1n una comisi\u00f3n para la entrega-recepci\u00f3n del inmueble y todo lo concerniente a ello.<\/p><p>Asistieron a la sesi\u00f3n de la comisi\u00f3n, el regidor presidente, Jos\u00e9 \u00c1ngel Mu\u00f1oz Gonz\u00e1lez; la regidora secretaria, Felicia Victoria Manrique Alcocer; la regidora vocal, Lidia Rojas Fabro; as\u00ed como invitados: la s\u00edndica Alejandra del \u00c1ngel Carmona; las regidoras Cindy Livier Yah May, Rufina Cruz Mart\u00ednez; los regidores, Saulo Aguilar Bern\u00e9s, Alfredo Ceballos Santiago, Jorge Herrera Aguilar, Francisco Ortega Liz\u00e1rraga; el secretario general de la comuna, Adri\u00e1n S\u00e1nchez Dom\u00ednguez; as\u00ed como directoras y directores relacionados con el \u00e1rea.<\/p><p>Sesi\u00f3n de comisi\u00f3n disponible en:<br \/>https:\/\/www.facebook.com\/Ayto.OthonPBlanco\/videos\/861516031817760<\/p><\/div>\n\t\t\t\t<\/div>\n\t\t\t\t<\/div>\n\t\t\t\t\t\t<\/div>\n\t\t\t\t\t<\/div>\n\t\t<\/div>\n\t\t\t\t\t\t\t\t<\/div>\n\t\t\t\t\t<\/div>\n\t\t<\/section>\n\t\t\t\t<section class=\"elementor-section elementor-top-section elementor-element elementor-element-8baf09b elementor-section-boxed elementor-section-height-default elementor-section-height-default\" data-id=\"8baf09b\" data-element_type=\"section\">\n\t\t\t\t\t\t<div class=\"elementor-container elementor-column-gap-default\">\n\t\t\t\t\t\t\t<div class=\"elementor-row\">\n\t\t\t\t\t<div class=\"elementor-column elementor-col-100 elementor-top-column elementor-element elementor-element-98b9fdf\" data-id=\"98b9fdf\" data-element_type=\"column\">\n\t\t\t<div class=\"elementor-column-wrap elementor-element-populated\">\n\t\t\t\t\t\t\t<div class=\"elementor-widget-wrap\">\n\t\t\t\t\t\t<div class=\"elementor-element elementor-element-db8a1f5 elementor-widget elementor-widget-image-gallery\" data-id=\"db8a1f5\" data-element_type=\"widget\" data-widget_type=\"image-gallery.default\">\n\t\t\t\t<div class=\"elementor-widget-container\">\n\t\t\t\t\t<div class=\"elementor-image-gallery\">\n\t\t\t<div id='gallery-1' class='gallery galleryid-25750 gallery-columns-4 gallery-size-medium'><figure class='gallery-item'>\n\t\t\t<div class='gallery-icon landscape'>\n\t\t\t\t<a data-elementor-open-lightbox=\"yes\" data-elementor-lightbox-slideshow=\"db8a1f5\" data-elementor-lightbox-title=\"WhatsApp Image 2023-02-15 at 3.11.47 PM\" href='https:\/\/www.opb.gob.mx\/portal\/wp-content\/uploads\/2023\/02\/WhatsApp-Image-2023-02-15-at-3.11.47-PM.jpeg'><img width=\"768\" height=\"456\" src=\"https:\/\/www.opb.gob.mx\/portal\/wp-content\/uploads\/2023\/02\/WhatsApp-Image-2023-02-15-at-3.11.47-PM-768x456.jpeg\" class=\"attachment-medium size-medium\" alt=\"\" loading=\"lazy\" \/><\/a>\n\t\t\t<\/div><\/figure><figure class='gallery-item'>\n\t\t\t<div class='gallery-icon landscape'>\n\t\t\t\t<a data-elementor-open-lightbox=\"yes\" data-elementor-lightbox-slideshow=\"db8a1f5\" data-elementor-lightbox-title=\"WhatsApp Image 2023-02-15 at 3.11.47 PM (2)\" href='https:\/\/www.opb.gob.mx\/portal\/wp-content\/uploads\/2023\/02\/WhatsApp-Image-2023-02-15-at-3.11.47-PM-2.jpeg'><img width=\"768\" height=\"456\" src=\"https:\/\/www.opb.gob.mx\/portal\/wp-content\/uploads\/2023\/02\/WhatsApp-Image-2023-02-15-at-3.11.47-PM-2-768x456.jpeg\" class=\"attachment-medium size-medium\" alt=\"\" loading=\"lazy\" srcset=\"https:\/\/www.opb.gob.mx\/portal\/wp-content\/uploads\/2023\/02\/WhatsApp-Image-2023-02-15-at-3.11.47-PM-2-768x456.jpeg 768w, https:\/\/www.opb.gob.mx\/portal\/wp-content\/uploads\/2023\/02\/WhatsApp-Image-2023-02-15-at-3.11.47-PM-2-1170x694.jpeg 1170w\" sizes=\"(max-width: 768px) 100vw, 768px\" \/><\/a>\n\t\t\t<\/div><\/figure><figure class='gallery-item'>\n\t\t\t<div class='gallery-icon landscape'>\n\t\t\t\t<a data-elementor-open-lightbox=\"yes\" data-elementor-lightbox-slideshow=\"db8a1f5\" data-elementor-lightbox-title=\"WhatsApp Image 2023-02-15 at 3.11.47 PM (1)\" href='https:\/\/www.opb.gob.mx\/portal\/wp-content\/uploads\/2023\/02\/WhatsApp-Image-2023-02-15-at-3.11.47-PM-1.jpeg'><img width=\"768\" height=\"456\" src=\"https:\/\/www.opb.gob.mx\/portal\/wp-content\/uploads\/2023\/02\/WhatsApp-Image-2023-02-15-at-3.11.47-PM-1-768x456.jpeg\" class=\"attachment-medium size-medium\" alt=\"\" loading=\"lazy\" srcset=\"https:\/\/www.opb.gob.mx\/portal\/wp-content\/uploads\/2023\/02\/WhatsApp-Image-2023-02-15-at-3.11.47-PM-1-768x456.jpeg 768w, https:\/\/www.opb.gob.mx\/portal\/wp-content\/uploads\/2023\/02\/WhatsApp-Image-2023-02-15-at-3.11.47-PM-1-1170x694.jpeg 1170w\" sizes=\"(max-width: 768px) 100vw, 768px\" \/><\/a>\n\t\t\t<\/div><\/figure><figure class='gallery-item'>\n\t\t\t<div class='gallery-icon landscape'>\n\t\t\t\t<a data-elementor-open-lightbox=\"yes\" data-elementor-lightbox-slideshow=\"db8a1f5\" data-elementor-lightbox-title=\"WhatsApp Image 2023-02-15 at 3.11.46 PM\" href='https:\/\/www.opb.gob.mx\/portal\/wp-content\/uploads\/2023\/02\/WhatsApp-Image-2023-02-15-at-3.11.46-PM.jpeg'><img width=\"768\" height=\"456\" src=\"https:\/\/www.opb.gob.mx\/portal\/wp-content\/uploads\/2023\/02\/WhatsApp-Image-2023-02-15-at-3.11.46-PM-768x456.jpeg\" class=\"attachment-medium size-medium\" alt=\"\" loading=\"lazy\" srcset=\"https:\/\/www.opb.gob.mx\/portal\/wp-content\/uploads\/2023\/02\/WhatsApp-Image-2023-02-15-at-3.11.46-PM-768x456.jpeg 768w, https:\/\/www.opb.gob.mx\/portal\/wp-content\/uploads\/2023\/02\/WhatsApp-Image-2023-02-15-at-3.11.46-PM-1170x694.jpeg 1170w\" sizes=\"(max-width: 768px) 100vw, 768px\" \/><\/a>\n\t\t\t<\/div><\/figure>\n\t\t<\/div>\n\t\t<\/div>\n\t\t\t\t<\/div>\n\t\t\t\t<\/div>\n\t\t\t\t\t\t<\/div>\n\t\t\t\t\t<\/div>\n\t\t<\/div>\n\t\t\t\t\t\t\t\t<\/div>\n\t\t\t\t\t<\/div>\n\t\t<\/section>\n\t\t\t\t\t\t<\/div>\n\t\t\t\t\t\t<\/div>\n\t\t\t\t\t<\/div>\n\t\t","protected":false},"excerpt":{"rendered":"<p>Desde el 4 de febrero, toda la administraci\u00f3n del pante\u00f3n pas\u00f3 a manos del Ayuntamiento de Oth\u00f3n P. Blanco.<\/p>\n","protected":false},"author":9,"featured_media":25754,"comment_status":"closed","ping_status":"open","sticky":false,"template":"","format":"standard","meta":[],"categories":[27],"tags":[],"_links":{"self":[{"href":"https:\/\/www.opb.gob.mx\/portal\/index.php?rest_route=\/wp\/v2\/posts\/25750"}],"collection":[{"href":"https:\/\/www.opb.gob.mx\/portal\/index.php?rest_route=\/wp\/v2\/posts"}],"about":[{"href":"https:\/\/www.opb.gob.mx\/portal\/index.php?rest_route=\/wp\/v2\/types\/post"}],"author":[{"embeddable":true,"href":"https:\/\/www.opb.gob.mx\/portal\/index.php?rest_route=\/wp\/v2\/users\/9"}],"replies":[{"embeddable":true,"href":"https:\/\/www.opb.gob.mx\/portal\/index.php?rest_route=%2Fwp%2Fv2%2Fcomments&post=25750"}],"version-history":[{"count":2,"href":"https:\/\/www.opb.gob.mx\/portal\/index.php?rest_route=\/wp\/v2\/posts\/25750\/revisions"}],"predecessor-version":[{"id":25756,"href":"https:\/\/www.opb.gob.mx\/portal\/index.php?rest_route=\/wp\/v2\/posts\/25750\/revisions\/25756"}],"wp:featuredmedia":[{"embeddable":true,"href":"https:\/\/www.opb.gob.mx\/portal\/index.php?rest_route=\/wp\/v2\/media\/25754"}],"wp:attachment":[{"href":"https:\/\/www.opb.gob.mx\/portal\/index.php?rest_route=%2Fwp%2Fv2%2Fmedia&parent=25750"}],"wp:term":[{"taxonomy":"category","embeddable":true,"href":"https:\/\/www.opb.gob.mx\/portal\/index.php?rest_route=%2Fwp%2Fv2%2Fcategories&post=25750"},{"taxonomy":"post_tag","embeddable":true,"href":"https:\/\/www.opb.gob.mx\/portal\/index.php?rest_route=%2Fwp%2Fv2%2Ftags&post=25750"}],"curies":[{"name":"wp","href":"https:\/\/api.w.org\/{rel}","templated":true}]}}