{"id":25890,"date":"2023-02-21T00:41:04","date_gmt":"2023-02-21T00:41:04","guid":{"rendered":"http:\/\/www.opb.gob.mx\/portal\/?p=25890"},"modified":"2023-02-22T12:43:55","modified_gmt":"2023-02-22T12:43:55","slug":"la-fiesta-fue-organizada-con-mucho-carino-con-mucho-amor-yensunni-martinez","status":"publish","type":"post","link":"https:\/\/www.opb.gob.mx\/portal\/?p=25890","title":{"rendered":"LA FIESTA FUE ORGANIZADA CON MUCHO CARI\u00d1O, CON MUCHO AMOR: YENSUNNI MART\u00cdNEZ"},"content":{"rendered":"\t\t<div data-elementor-type=\"wp-post\" data-elementor-id=\"25890\" class=\"elementor elementor-25890\" data-elementor-settings=\"[]\">\n\t\t\t\t\t\t<div class=\"elementor-inner\">\n\t\t\t\t\t\t\t<div class=\"elementor-section-wrap\">\n\t\t\t\t\t\t\t<section class=\"elementor-section elementor-top-section elementor-element elementor-element-a3b9f48 elementor-section-boxed elementor-section-height-default elementor-section-height-default\" data-id=\"a3b9f48\" data-element_type=\"section\">\n\t\t\t\t\t\t<div class=\"elementor-container elementor-column-gap-default\">\n\t\t\t\t\t\t\t<div class=\"elementor-row\">\n\t\t\t\t\t<div class=\"elementor-column elementor-col-100 elementor-top-column elementor-element elementor-element-c5caa52\" data-id=\"c5caa52\" data-element_type=\"column\">\n\t\t\t<div class=\"elementor-column-wrap elementor-element-populated\">\n\t\t\t\t\t\t\t<div class=\"elementor-widget-wrap\">\n\t\t\t\t\t\t<div class=\"elementor-element elementor-element-6ecce6b elementor-widget elementor-widget-text-editor\" data-id=\"6ecce6b\" data-element_type=\"widget\" data-widget_type=\"text-editor.default\">\n\t\t\t\t<div class=\"elementor-widget-container\">\n\t\t\t\t\t<div class=\"elementor-text-editor elementor-clearfix\"><p>Chetumal, Q. Roo, a 21 de febrero.- \u201cEste Carnaval es gracias a ustedes, gracias a todas y todos los que participaron. Much\u00edsimas gracias porque sin ustedes, esto no hubiese sido posible; sin las comparsas, sin los participantes en categor\u00edas infantiles, libre, disfraces, core\u00f3grafos, costureras, modistas, dise\u00f1adores, mil gracias por participar y por creer en esta fiesta que organizamos con much\u00edsimo cari\u00f1o y much\u00edsimo amor\u201d, indic\u00f3 la presidenta municipal de Oth\u00f3n P. Blanco, Yensunni Mart\u00ednez Hern\u00e1ndez, durante la premiaci\u00f3n del Carnaval Chetumal 2023.<\/p><p>En el marco de la premiaci\u00f3n de las diversas categor\u00edas de participantes de la \u201cFiesta que Todas y Todos Queremos\u201d, Yensunni Mart\u00ednez destac\u00f3 que el Carnaval Chetumal fue posible gracias al cari\u00f1o que la gobernadora de Quintana Roo, Mara Lezama, tiene por la ciudad capital a qui\u00e9n los miles de asistentes aplaudieron como reconocimiento a la distancia.<\/p><p>Asimismo, la presidenta municipal de Oth\u00f3n P. Blanco, agradeci\u00f3 a la s\u00edndica, regidoras y regidores, as\u00ed como a la presidenta del Comit\u00e9 Permanente del Carnaval Chetumal, Yurissan Hern\u00e1ndez Rovira, y a la coordinadora de relaciones p\u00fablicas del Ayuntamiento, Beyra Aguirre Villegas, por respaldar las propuestas y hacer posible la organizaci\u00f3n de esta exitosa fiesta.<\/p><p>La noche de despedida del Carnaval inici\u00f3 con el cl\u00e1sico derrotero que de nueva cuenta fue admirado por cientos de personas, luego dio paso a la ceremon\u00eda de premiaci\u00f3n: primer lugar plataformas fue para \u201cAmazonas\u201d; puesto de honor para automotores correspondi\u00f3 a \u201cLa Cueva de las Maravillas\u201d.<\/p><p>Asimismo, en la categor\u00eda de triciclos, primer lugar, \u201cUnicornios\u201d; en disfraz de mascotas, \u201cAlux Negro\u201d; disfraz individual infantil, \u201cIguana\u201d; disfraz individual libre, \u201cSuper Tanque\u201d; traje espectacular, \u201cFantas\u00eda Las Vegas\u201d; disfraz grupal infantil, \u201cIc\u00f3nico\u201d; y disfraz grupal libre, \u201cToro Mec\u00e1nico\u201d.<\/p><p>En cuanto a la comparsa infantil, primer lugar fue para \u201cSaborcito Caribe\u00f1o\u201d; comparsa juvenil; \u201cSon del Caribe\u201d; y la \u00faltima categor\u00eda, comparsa libre, el primer lugar fue para \u201cSabor Caribe\u00f1o\u201d. Las comparsas mencionadas pasaron a demostrar su talento y confirmar porqu\u00e9 el jurado internacional M\u00e9xico-Cuba-Canad\u00e1, los eleig\u00f3 en el puesto de honor.<\/p><p>Despu\u00e9s de la emoci\u00f3n y porras para las y los ganadores de los concursos, la ciudadan\u00eda othonense y visitantes disfrutaron del gran concierto de \u201cGilharry 7\u201d y la \u201cOrquesta de la Polic\u00eda\u201d que puso a bailar a todos los asistentes con m\u00fasica de punta, soca, salsa y mucho m\u00e1s.<\/p><p>En el cierre del Carnaval de Chetumal estuvieron tambi\u00e9n presentes, la s\u00edndica Alejandra del \u00c1ngel Carmona; las regidoras Cindy Livier Yah May, Grecia Coral Pasos, Carmen Garc\u00eda Guevara, Mariana Baeza K\u00fa, y Lidia Rojas Fabro; as\u00ed como los regidores Saulo Aguilar Bern\u00e9s, Alfredo Ceballos Santiago, Jorge Aguilar Herrera, y H\u00e9ctor P\u00e9rez Rivero.<\/p><\/div>\n\t\t\t\t<\/div>\n\t\t\t\t<\/div>\n\t\t\t\t\t\t<\/div>\n\t\t\t\t\t<\/div>\n\t\t<\/div>\n\t\t\t\t\t\t\t\t<\/div>\n\t\t\t\t\t<\/div>\n\t\t<\/section>\n\t\t\t\t<section class=\"elementor-section elementor-top-section elementor-element elementor-element-0d1a2b4 elementor-section-boxed elementor-section-height-default elementor-section-height-default\" data-id=\"0d1a2b4\" data-element_type=\"section\">\n\t\t\t\t\t\t<div class=\"elementor-container elementor-column-gap-default\">\n\t\t\t\t\t\t\t<div class=\"elementor-row\">\n\t\t\t\t\t<div class=\"elementor-column elementor-col-100 elementor-top-column elementor-element elementor-element-89d44d4\" data-id=\"89d44d4\" data-element_type=\"column\">\n\t\t\t<div class=\"elementor-column-wrap elementor-element-populated\">\n\t\t\t\t\t\t\t<div class=\"elementor-widget-wrap\">\n\t\t\t\t\t\t<div class=\"elementor-element elementor-element-8c05a64 elementor-widget elementor-widget-image-gallery\" data-id=\"8c05a64\" data-element_type=\"widget\" data-widget_type=\"image-gallery.default\">\n\t\t\t\t<div class=\"elementor-widget-container\">\n\t\t\t\t\t<div class=\"elementor-image-gallery\">\n\t\t\t<div id='gallery-1' class='gallery galleryid-25890 gallery-columns-4 gallery-size-medium'><figure class='gallery-item'>\n\t\t\t<div class='gallery-icon landscape'>\n\t\t\t\t<a data-elementor-open-lightbox=\"yes\" data-elementor-lightbox-slideshow=\"8c05a64\" data-elementor-lightbox-title=\"WhatsApp Image 2023-02-22 at 12.52.29 AM\" href='https:\/\/www.opb.gob.mx\/portal\/wp-content\/uploads\/2023\/02\/WhatsApp-Image-2023-02-22-at-12.52.29-AM.jpeg'><img width=\"768\" height=\"456\" src=\"https:\/\/www.opb.gob.mx\/portal\/wp-content\/uploads\/2023\/02\/WhatsApp-Image-2023-02-22-at-12.52.29-AM-768x456.jpeg\" class=\"attachment-medium size-medium\" alt=\"\" loading=\"lazy\" \/><\/a>\n\t\t\t<\/div><\/figure><figure class='gallery-item'>\n\t\t\t<div class='gallery-icon landscape'>\n\t\t\t\t<a data-elementor-open-lightbox=\"yes\" data-elementor-lightbox-slideshow=\"8c05a64\" data-elementor-lightbox-title=\"WhatsApp Image 2023-02-22 at 12.51.55 AM (2)\" href='https:\/\/www.opb.gob.mx\/portal\/wp-content\/uploads\/2023\/02\/WhatsApp-Image-2023-02-22-at-12.51.55-AM-2.jpeg'><img width=\"768\" height=\"456\" src=\"https:\/\/www.opb.gob.mx\/portal\/wp-content\/uploads\/2023\/02\/WhatsApp-Image-2023-02-22-at-12.51.55-AM-2-768x456.jpeg\" class=\"attachment-medium size-medium\" alt=\"\" loading=\"lazy\" \/><\/a>\n\t\t\t<\/div><\/figure><figure class='gallery-item'>\n\t\t\t<div class='gallery-icon landscape'>\n\t\t\t\t<a data-elementor-open-lightbox=\"yes\" data-elementor-lightbox-slideshow=\"8c05a64\" data-elementor-lightbox-title=\"WhatsApp Image 2023-02-22 at 12.51.55 AM (1)\" href='https:\/\/www.opb.gob.mx\/portal\/wp-content\/uploads\/2023\/02\/WhatsApp-Image-2023-02-22-at-12.51.55-AM-1.jpeg'><img width=\"768\" height=\"456\" src=\"https:\/\/www.opb.gob.mx\/portal\/wp-content\/uploads\/2023\/02\/WhatsApp-Image-2023-02-22-at-12.51.55-AM-1-768x456.jpeg\" class=\"attachment-medium size-medium\" alt=\"\" loading=\"lazy\" \/><\/a>\n\t\t\t<\/div><\/figure><figure class='gallery-item'>\n\t\t\t<div class='gallery-icon landscape'>\n\t\t\t\t<a data-elementor-open-lightbox=\"yes\" data-elementor-lightbox-slideshow=\"8c05a64\" data-elementor-lightbox-title=\"WhatsApp Image 2023-02-22 at 12.52.29 AM (1)\" href='https:\/\/www.opb.gob.mx\/portal\/wp-content\/uploads\/2023\/02\/WhatsApp-Image-2023-02-22-at-12.52.29-AM-1.jpeg'><img width=\"768\" height=\"456\" src=\"https:\/\/www.opb.gob.mx\/portal\/wp-content\/uploads\/2023\/02\/WhatsApp-Image-2023-02-22-at-12.52.29-AM-1-768x456.jpeg\" class=\"attachment-medium size-medium\" alt=\"\" loading=\"lazy\" \/><\/a>\n\t\t\t<\/div><\/figure><figure class='gallery-item'>\n\t\t\t<div class='gallery-icon landscape'>\n\t\t\t\t<a data-elementor-open-lightbox=\"yes\" data-elementor-lightbox-slideshow=\"8c05a64\" data-elementor-lightbox-title=\"WhatsApp Image 2023-02-22 at 12.51.56 AM\" href='https:\/\/www.opb.gob.mx\/portal\/wp-content\/uploads\/2023\/02\/WhatsApp-Image-2023-02-22-at-12.51.56-AM.jpeg'><img width=\"768\" height=\"456\" src=\"https:\/\/www.opb.gob.mx\/portal\/wp-content\/uploads\/2023\/02\/WhatsApp-Image-2023-02-22-at-12.51.56-AM-768x456.jpeg\" class=\"attachment-medium size-medium\" alt=\"\" loading=\"lazy\" \/><\/a>\n\t\t\t<\/div><\/figure><figure class='gallery-item'>\n\t\t\t<div class='gallery-icon landscape'>\n\t\t\t\t<a data-elementor-open-lightbox=\"yes\" data-elementor-lightbox-slideshow=\"8c05a64\" data-elementor-lightbox-title=\"WhatsApp Image 2023-02-22 at 12.51.54 AM\" href='https:\/\/www.opb.gob.mx\/portal\/wp-content\/uploads\/2023\/02\/WhatsApp-Image-2023-02-22-at-12.51.54-AM.jpeg'><img width=\"768\" height=\"456\" src=\"https:\/\/www.opb.gob.mx\/portal\/wp-content\/uploads\/2023\/02\/WhatsApp-Image-2023-02-22-at-12.51.54-AM-768x456.jpeg\" class=\"attachment-medium size-medium\" alt=\"\" loading=\"lazy\" \/><\/a>\n\t\t\t<\/div><\/figure><figure class='gallery-item'>\n\t\t\t<div class='gallery-icon landscape'>\n\t\t\t\t<a data-elementor-open-lightbox=\"yes\" data-elementor-lightbox-slideshow=\"8c05a64\" data-elementor-lightbox-title=\"WhatsApp Image 2023-02-22 at 12.51.55 AM\" href='https:\/\/www.opb.gob.mx\/portal\/wp-content\/uploads\/2023\/02\/WhatsApp-Image-2023-02-22-at-12.51.55-AM.jpeg'><img width=\"768\" height=\"456\" src=\"https:\/\/www.opb.gob.mx\/portal\/wp-content\/uploads\/2023\/02\/WhatsApp-Image-2023-02-22-at-12.51.55-AM-768x456.jpeg\" class=\"attachment-medium size-medium\" alt=\"\" loading=\"lazy\" \/><\/a>\n\t\t\t<\/div><\/figure><figure class='gallery-item'>\n\t\t\t<div class='gallery-icon landscape'>\n\t\t\t\t<a data-elementor-open-lightbox=\"yes\" data-elementor-lightbox-slideshow=\"8c05a64\" data-elementor-lightbox-title=\"WhatsApp Image 2023-02-22 at 12.51.54 AM (2)\" href='https:\/\/www.opb.gob.mx\/portal\/wp-content\/uploads\/2023\/02\/WhatsApp-Image-2023-02-22-at-12.51.54-AM-2.jpeg'><img width=\"768\" height=\"456\" src=\"https:\/\/www.opb.gob.mx\/portal\/wp-content\/uploads\/2023\/02\/WhatsApp-Image-2023-02-22-at-12.51.54-AM-2-768x456.jpeg\" class=\"attachment-medium size-medium\" alt=\"\" loading=\"lazy\" \/><\/a>\n\t\t\t<\/div><\/figure><figure class='gallery-item'>\n\t\t\t<div class='gallery-icon landscape'>\n\t\t\t\t<a data-elementor-open-lightbox=\"yes\" data-elementor-lightbox-slideshow=\"8c05a64\" data-elementor-lightbox-title=\"WhatsApp Image 2023-02-22 at 12.51.54 AM (1)\" href='https:\/\/www.opb.gob.mx\/portal\/wp-content\/uploads\/2023\/02\/WhatsApp-Image-2023-02-22-at-12.51.54-AM-1.jpeg'><img width=\"768\" height=\"456\" src=\"https:\/\/www.opb.gob.mx\/portal\/wp-content\/uploads\/2023\/02\/WhatsApp-Image-2023-02-22-at-12.51.54-AM-1-768x456.jpeg\" class=\"attachment-medium size-medium\" alt=\"\" loading=\"lazy\" \/><\/a>\n\t\t\t<\/div><\/figure><figure class='gallery-item'>\n\t\t\t<div class='gallery-icon landscape'>\n\t\t\t\t<a data-elementor-open-lightbox=\"yes\" data-elementor-lightbox-slideshow=\"8c05a64\" data-elementor-lightbox-title=\"WhatsApp Image 2023-02-22 at 12.51.55 AM (3)\" href='https:\/\/www.opb.gob.mx\/portal\/wp-content\/uploads\/2023\/02\/WhatsApp-Image-2023-02-22-at-12.51.55-AM-3.jpeg'><img width=\"768\" height=\"456\" src=\"https:\/\/www.opb.gob.mx\/portal\/wp-content\/uploads\/2023\/02\/WhatsApp-Image-2023-02-22-at-12.51.55-AM-3-768x456.jpeg\" class=\"attachment-medium size-medium\" alt=\"\" loading=\"lazy\" \/><\/a>\n\t\t\t<\/div><\/figure><figure class='gallery-item'>\n\t\t\t<div class='gallery-icon landscape'>\n\t\t\t\t<a data-elementor-open-lightbox=\"yes\" data-elementor-lightbox-slideshow=\"8c05a64\" data-elementor-lightbox-title=\"WhatsApp Image 2023-02-22 at 12.51.53 AM\" href='https:\/\/www.opb.gob.mx\/portal\/wp-content\/uploads\/2023\/02\/WhatsApp-Image-2023-02-22-at-12.51.53-AM.jpeg'><img width=\"768\" height=\"456\" src=\"https:\/\/www.opb.gob.mx\/portal\/wp-content\/uploads\/2023\/02\/WhatsApp-Image-2023-02-22-at-12.51.53-AM-768x456.jpeg\" class=\"attachment-medium size-medium\" alt=\"\" loading=\"lazy\" \/><\/a>\n\t\t\t<\/div><\/figure><figure class='gallery-item'>\n\t\t\t<div class='gallery-icon landscape'>\n\t\t\t\t<a data-elementor-open-lightbox=\"yes\" data-elementor-lightbox-slideshow=\"8c05a64\" data-elementor-lightbox-title=\"WhatsApp Image 2023-02-22 at 12.51.52 AM\" href='https:\/\/www.opb.gob.mx\/portal\/wp-content\/uploads\/2023\/02\/WhatsApp-Image-2023-02-22-at-12.51.52-AM.jpeg'><img width=\"768\" height=\"456\" src=\"https:\/\/www.opb.gob.mx\/portal\/wp-content\/uploads\/2023\/02\/WhatsApp-Image-2023-02-22-at-12.51.52-AM-768x456.jpeg\" class=\"attachment-medium size-medium\" alt=\"\" loading=\"lazy\" \/><\/a>\n\t\t\t<\/div><\/figure>\n\t\t<\/div>\n\t\t<\/div>\n\t\t\t\t<\/div>\n\t\t\t\t<\/div>\n\t\t\t\t\t\t<\/div>\n\t\t\t\t\t<\/div>\n\t\t<\/div>\n\t\t\t\t\t\t\t\t<\/div>\n\t\t\t\t\t<\/div>\n\t\t<\/section>\n\t\t\t\t\t\t<\/div>\n\t\t\t\t\t\t<\/div>\n\t\t\t\t\t<\/div>\n\t\t","protected":false},"excerpt":{"rendered":"<p>Tras siete d\u00edas de fiesta y multitudinaria participaci\u00f3n, finaliza el Carnaval Chetumal 2023 y queda el compromiso de una edici\u00f3n que supere la actual porque Oth\u00f3n P. Blanco lo merece.<\/p>\n","protected":false},"author":9,"featured_media":25900,"comment_status":"closed","ping_status":"open","sticky":false,"template":"","format":"standard","meta":[],"categories":[27],"tags":[],"_links":{"self":[{"href":"https:\/\/www.opb.gob.mx\/portal\/index.php?rest_route=\/wp\/v2\/posts\/25890"}],"collection":[{"href":"https:\/\/www.opb.gob.mx\/portal\/index.php?rest_route=\/wp\/v2\/posts"}],"about":[{"href":"https:\/\/www.opb.gob.mx\/portal\/index.php?rest_route=\/wp\/v2\/types\/post"}],"author":[{"embeddable":true,"href":"https:\/\/www.opb.gob.mx\/portal\/index.php?rest_route=\/wp\/v2\/users\/9"}],"replies":[{"embeddable":true,"href":"https:\/\/www.opb.gob.mx\/portal\/index.php?rest_route=%2Fwp%2Fv2%2Fcomments&post=25890"}],"version-history":[{"count":2,"href":"https:\/\/www.opb.gob.mx\/portal\/index.php?rest_route=\/wp\/v2\/posts\/25890\/revisions"}],"predecessor-version":[{"id":25904,"href":"https:\/\/www.opb.gob.mx\/portal\/index.php?rest_route=\/wp\/v2\/posts\/25890\/revisions\/25904"}],"wp:featuredmedia":[{"embeddable":true,"href":"https:\/\/www.opb.gob.mx\/portal\/index.php?rest_route=\/wp\/v2\/media\/25900"}],"wp:attachment":[{"href":"https:\/\/www.opb.gob.mx\/portal\/index.php?rest_route=%2Fwp%2Fv2%2Fmedia&parent=25890"}],"wp:term":[{"taxonomy":"category","embeddable":true,"href":"https:\/\/www.opb.gob.mx\/portal\/index.php?rest_route=%2Fwp%2Fv2%2Fcategories&post=25890"},{"taxonomy":"post_tag","embeddable":true,"href":"https:\/\/www.opb.gob.mx\/portal\/index.php?rest_route=%2Fwp%2Fv2%2Ftags&post=25890"}],"curies":[{"name":"wp","href":"https:\/\/api.w.org\/{rel}","templated":true}]}}