{"id":26432,"date":"2023-03-27T12:12:45","date_gmt":"2023-03-27T12:12:45","guid":{"rendered":"http:\/\/www.opb.gob.mx\/portal\/?p=26432"},"modified":"2023-03-28T00:16:43","modified_gmt":"2023-03-28T00:16:43","slug":"othon-p-blanco-presente-en-el-tianguis-turistico-de-mexico-edicion-47","status":"publish","type":"post","link":"https:\/\/www.opb.gob.mx\/portal\/?p=26432","title":{"rendered":"OTH\u00d3N P. BLANCO PRESENTE EN EL TIANGUIS TUR\u00cdSTICO DE M\u00c9XICO EDICI\u00d3N 47"},"content":{"rendered":"\t\t<div data-elementor-type=\"wp-post\" data-elementor-id=\"26432\" class=\"elementor elementor-26432\" data-elementor-settings=\"[]\">\n\t\t\t\t\t\t<div class=\"elementor-inner\">\n\t\t\t\t\t\t\t<div class=\"elementor-section-wrap\">\n\t\t\t\t\t\t\t<section class=\"elementor-section elementor-top-section elementor-element elementor-element-1a1550d elementor-section-boxed elementor-section-height-default elementor-section-height-default\" data-id=\"1a1550d\" data-element_type=\"section\">\n\t\t\t\t\t\t<div class=\"elementor-container elementor-column-gap-default\">\n\t\t\t\t\t\t\t<div class=\"elementor-row\">\n\t\t\t\t\t<div class=\"elementor-column elementor-col-100 elementor-top-column elementor-element elementor-element-5762ac6\" data-id=\"5762ac6\" data-element_type=\"column\">\n\t\t\t<div class=\"elementor-column-wrap elementor-element-populated\">\n\t\t\t\t\t\t\t<div class=\"elementor-widget-wrap\">\n\t\t\t\t\t\t<div class=\"elementor-element elementor-element-ae82d70 elementor-widget elementor-widget-text-editor\" data-id=\"ae82d70\" data-element_type=\"widget\" data-widget_type=\"text-editor.default\">\n\t\t\t\t<div class=\"elementor-widget-container\">\n\t\t\t\t\t<div class=\"elementor-text-editor elementor-clearfix\"><p>Chetumal, Q. Roo a 27 de marzo. \u2013 Con el objetivo de impulsar tur\u00edsticamente al municipio capitalino, la presidenta de Oth\u00f3n P. Blanco, Yensunni Mart\u00ednez Hern\u00e1ndez, asisti\u00f3 a la 47 edici\u00f3n del Tianguis Tur\u00edstico de M\u00e9xico, realizado en la Ciudad de M\u00e9xico, desde el domingo 26 y finalizar\u00e1 el 29 de marzo.<\/p><p>La alcaldesa puntualiz\u00f3 que, en sinergia con el gobierno del estado, que encabeza la gobernadora Mara Lezama Espinosa, el Ayuntamiento de Oth\u00f3n P. Blanco, acude como expositor de los destinos tur\u00edsticos que tiene, principalmente la marca \u201cGrand Costa Maya\u201d que incluye Mahahual y Chetumal.<\/p><p>Asimismo, dijo que el presente Tianguis, tiene como objetivo poder hacer m\u00e1s lazos con tour operadoras que est\u00e9n interesadas en el tipo de turismo que se tiene en el sur, de aventura, que tambi\u00e9n se encuentran en Xulha, Huaypix y la ruta del R\u00edo Hondo, en donde prevalecen las bellezas naturales.<\/p><p>Por su parte, el director de turismo municipal, Luis Gonz\u00e1lez Salazar, agreg\u00f3 que, en estos cuatro d\u00edas, tambi\u00e9n habr\u00e1 presencia de los cinco continentes, con lo que pretenden poder promocionar de manera efectiva y conseguir mayor arribo de turismo en el sur quintanarroense donde las bellezas othonenses tienen particularidad especial y compiten con cualquier lugar del mundo.<\/p><p>Dijo que como se ha informado, han atendido diversos fam trips, que vienen mayormente de Espa\u00f1a, esto como resultado de la reciente asistencia de la presidenta municipal, Yensunni Mart\u00ednez, a la Fitur 2023, llevada a cabo en Madrid, Espa\u00f1a. De este modo han podido posicionar mucho m\u00e1s la marca.<\/p><p>Gonz\u00e1lez Salazar invit\u00f3 a visitar www.visitchetumal.com o la p\u00e1gina de Facebook \u201cTurismo Chetumal\u201d, en donde podr\u00e1n conocer mucho m\u00e1s sobre los destinos tur\u00edsticos que Oth\u00f3n P. Blanco\u00a0puede\u00a0ofrecer.<\/p><\/div>\n\t\t\t\t<\/div>\n\t\t\t\t<\/div>\n\t\t\t\t\t\t<\/div>\n\t\t\t\t\t<\/div>\n\t\t<\/div>\n\t\t\t\t\t\t\t\t<\/div>\n\t\t\t\t\t<\/div>\n\t\t<\/section>\n\t\t\t\t<section class=\"elementor-section elementor-top-section elementor-element elementor-element-b517109 elementor-section-boxed elementor-section-height-default elementor-section-height-default\" data-id=\"b517109\" data-element_type=\"section\">\n\t\t\t\t\t\t<div class=\"elementor-container elementor-column-gap-default\">\n\t\t\t\t\t\t\t<div class=\"elementor-row\">\n\t\t\t\t\t<div class=\"elementor-column elementor-col-100 elementor-top-column elementor-element elementor-element-21afa3c\" data-id=\"21afa3c\" data-element_type=\"column\">\n\t\t\t<div class=\"elementor-column-wrap elementor-element-populated\">\n\t\t\t\t\t\t\t<div class=\"elementor-widget-wrap\">\n\t\t\t\t\t\t<div class=\"elementor-element elementor-element-942f058 elementor-widget elementor-widget-image-gallery\" data-id=\"942f058\" data-element_type=\"widget\" data-widget_type=\"image-gallery.default\">\n\t\t\t\t<div class=\"elementor-widget-container\">\n\t\t\t\t\t<div class=\"elementor-image-gallery\">\n\t\t\t<div id='gallery-1' class='gallery galleryid-26432 gallery-columns-4 gallery-size-medium'><figure class='gallery-item'>\n\t\t\t<div class='gallery-icon landscape'>\n\t\t\t\t<a data-elementor-open-lightbox=\"yes\" data-elementor-lightbox-slideshow=\"942f058\" data-elementor-lightbox-title=\"Imagen de WhatsApp 2023-03-27 a las 18.57.005\" href='https:\/\/www.opb.gob.mx\/portal\/wp-content\/uploads\/2023\/03\/Imagen-de-WhatsApp-2023-03-27-a-las-18.57.005.jpg'><img width=\"768\" height=\"456\" src=\"https:\/\/www.opb.gob.mx\/portal\/wp-content\/uploads\/2023\/03\/Imagen-de-WhatsApp-2023-03-27-a-las-18.57.005-768x456.jpg\" class=\"attachment-medium size-medium\" alt=\"\" loading=\"lazy\" srcset=\"https:\/\/www.opb.gob.mx\/portal\/wp-content\/uploads\/2023\/03\/Imagen-de-WhatsApp-2023-03-27-a-las-18.57.005-768x456.jpg 768w, https:\/\/www.opb.gob.mx\/portal\/wp-content\/uploads\/2023\/03\/Imagen-de-WhatsApp-2023-03-27-a-las-18.57.005-1170x694.jpg 1170w\" sizes=\"(max-width: 768px) 100vw, 768px\" \/><\/a>\n\t\t\t<\/div><\/figure><figure class='gallery-item'>\n\t\t\t<div class='gallery-icon portrait'>\n\t\t\t\t<a data-elementor-open-lightbox=\"yes\" data-elementor-lightbox-slideshow=\"942f058\" data-elementor-lightbox-title=\"Imagen de WhatsApp 2023-03-27 a las 18.56.59\" href='https:\/\/www.opb.gob.mx\/portal\/wp-content\/uploads\/2023\/03\/Imagen-de-WhatsApp-2023-03-27-a-las-18.56.59.jpg'><img width=\"768\" height=\"456\" src=\"https:\/\/www.opb.gob.mx\/portal\/wp-content\/uploads\/2023\/03\/Imagen-de-WhatsApp-2023-03-27-a-las-18.56.59-768x456.jpg\" class=\"attachment-medium size-medium\" alt=\"\" loading=\"lazy\" \/><\/a>\n\t\t\t<\/div><\/figure><figure class='gallery-item'>\n\t\t\t<div class='gallery-icon landscape'>\n\t\t\t\t<a data-elementor-open-lightbox=\"yes\" data-elementor-lightbox-slideshow=\"942f058\" data-elementor-lightbox-title=\"Imagen de WhatsApp 2023-03-27 a las 18.57.00\" href='https:\/\/www.opb.gob.mx\/portal\/wp-content\/uploads\/2023\/03\/Imagen-de-WhatsApp-2023-03-27-a-las-18.57.00.jpg'><img width=\"768\" height=\"456\" src=\"https:\/\/www.opb.gob.mx\/portal\/wp-content\/uploads\/2023\/03\/Imagen-de-WhatsApp-2023-03-27-a-las-18.57.00-768x456.jpg\" class=\"attachment-medium size-medium\" alt=\"\" loading=\"lazy\" srcset=\"https:\/\/www.opb.gob.mx\/portal\/wp-content\/uploads\/2023\/03\/Imagen-de-WhatsApp-2023-03-27-a-las-18.57.00-768x456.jpg 768w, https:\/\/www.opb.gob.mx\/portal\/wp-content\/uploads\/2023\/03\/Imagen-de-WhatsApp-2023-03-27-a-las-18.57.00-1170x694.jpg 1170w\" sizes=\"(max-width: 768px) 100vw, 768px\" \/><\/a>\n\t\t\t<\/div><\/figure>\n\t\t<\/div>\n\t\t<\/div>\n\t\t\t\t<\/div>\n\t\t\t\t<\/div>\n\t\t\t\t\t\t<\/div>\n\t\t\t\t\t<\/div>\n\t\t<\/div>\n\t\t\t\t\t\t\t\t<\/div>\n\t\t\t\t\t<\/div>\n\t\t<\/section>\n\t\t\t\t\t\t<\/div>\n\t\t\t\t\t\t<\/div>\n\t\t\t\t\t<\/div>\n\t\t","protected":false},"excerpt":{"rendered":"<p>Pretenden continuar promocionando la Grand Costa Maya.<\/p>\n","protected":false},"author":9,"featured_media":26433,"comment_status":"closed","ping_status":"open","sticky":false,"template":"","format":"standard","meta":[],"categories":[27],"tags":[],"_links":{"self":[{"href":"https:\/\/www.opb.gob.mx\/portal\/index.php?rest_route=\/wp\/v2\/posts\/26432"}],"collection":[{"href":"https:\/\/www.opb.gob.mx\/portal\/index.php?rest_route=\/wp\/v2\/posts"}],"about":[{"href":"https:\/\/www.opb.gob.mx\/portal\/index.php?rest_route=\/wp\/v2\/types\/post"}],"author":[{"embeddable":true,"href":"https:\/\/www.opb.gob.mx\/portal\/index.php?rest_route=\/wp\/v2\/users\/9"}],"replies":[{"embeddable":true,"href":"https:\/\/www.opb.gob.mx\/portal\/index.php?rest_route=%2Fwp%2Fv2%2Fcomments&post=26432"}],"version-history":[{"count":3,"href":"https:\/\/www.opb.gob.mx\/portal\/index.php?rest_route=\/wp\/v2\/posts\/26432\/revisions"}],"predecessor-version":[{"id":26438,"href":"https:\/\/www.opb.gob.mx\/portal\/index.php?rest_route=\/wp\/v2\/posts\/26432\/revisions\/26438"}],"wp:featuredmedia":[{"embeddable":true,"href":"https:\/\/www.opb.gob.mx\/portal\/index.php?rest_route=\/wp\/v2\/media\/26433"}],"wp:attachment":[{"href":"https:\/\/www.opb.gob.mx\/portal\/index.php?rest_route=%2Fwp%2Fv2%2Fmedia&parent=26432"}],"wp:term":[{"taxonomy":"category","embeddable":true,"href":"https:\/\/www.opb.gob.mx\/portal\/index.php?rest_route=%2Fwp%2Fv2%2Fcategories&post=26432"},{"taxonomy":"post_tag","embeddable":true,"href":"https:\/\/www.opb.gob.mx\/portal\/index.php?rest_route=%2Fwp%2Fv2%2Ftags&post=26432"}],"curies":[{"name":"wp","href":"https:\/\/api.w.org\/{rel}","templated":true}]}}