{"id":26760,"date":"2023-04-17T11:08:11","date_gmt":"2023-04-17T11:08:11","guid":{"rendered":"http:\/\/www.opb.gob.mx\/portal\/?p=26760"},"modified":"2023-04-18T19:23:23","modified_gmt":"2023-04-18T19:23:23","slug":"ayuntamiento-de-opb-brinda-atencion-a-la-zona-rural","status":"publish","type":"post","link":"https:\/\/www.opb.gob.mx\/portal\/?p=26760","title":{"rendered":"AYUNTAMIENTO DE OPB BRINDA ATENCI\u00d3N A LA ZONA RURAL"},"content":{"rendered":"\t\t<div data-elementor-type=\"wp-post\" data-elementor-id=\"26760\" class=\"elementor elementor-26760\" data-elementor-settings=\"[]\">\n\t\t\t\t\t\t<div class=\"elementor-inner\">\n\t\t\t\t\t\t\t<div class=\"elementor-section-wrap\">\n\t\t\t\t\t\t\t<section class=\"elementor-section elementor-top-section elementor-element elementor-element-86bad20 elementor-section-boxed elementor-section-height-default elementor-section-height-default\" data-id=\"86bad20\" data-element_type=\"section\">\n\t\t\t\t\t\t<div class=\"elementor-container elementor-column-gap-default\">\n\t\t\t\t\t\t\t<div class=\"elementor-row\">\n\t\t\t\t\t<div class=\"elementor-column elementor-col-100 elementor-top-column elementor-element elementor-element-3d663ff\" data-id=\"3d663ff\" data-element_type=\"column\">\n\t\t\t<div class=\"elementor-column-wrap elementor-element-populated\">\n\t\t\t\t\t\t\t<div class=\"elementor-widget-wrap\">\n\t\t\t\t\t\t<div class=\"elementor-element elementor-element-9fa645c elementor-widget elementor-widget-text-editor\" data-id=\"9fa645c\" data-element_type=\"widget\" data-widget_type=\"text-editor.default\">\n\t\t\t\t<div class=\"elementor-widget-container\">\n\t\t\t\t\t<div class=\"elementor-text-editor elementor-clearfix\"><p>Chetumal, Q. Roo, 17 de abril. En pro de trabajar para todas y todos, como ha indicado la presidenta municipal de Oth\u00f3n P. Blanco, Yensunni Mart\u00ednez Hern\u00e1ndez; la direcci\u00f3n de desarrollo rural lleva a cabo actividades que beneficien a la zona rural othonense.<\/p><p>De este modo, la directora del \u00e1rea, Ana Laura G\u00e1mez P\u00e9rez, inform\u00f3 que, en el primer trimestre de 2023, se elabor\u00f3 un plan de formaci\u00f3n de habilidades con capacitaciones y asistencias t\u00e9cnicas por personal de la misma direcci\u00f3n para la ciudadan\u00eda de comunidades.<\/p><p>En este orden de ideas, realizaron tres capacitaciones con la participaci\u00f3n de 86 productores en las localidades de Luis Echeverr\u00eda y Justo Sierra M\u00e9ndez, sobre los temas de cultivo del cocotero, cr\u00eda de gallinas para producci\u00f3n de blanquillos y siembra de hortalizas de traspatio, considerando aspectos de calidad, sanidad e inocuidad.<\/p><p>Puntualiz\u00f3 que tambi\u00e9n, en fechas recientes, participaron en el programa \u201cAyuntamiento en tu Comunidad\u201d, que encabez\u00f3 la presidenta municipal, en la localidad de Dos Aguadas y Mahahual donde se entregaron paquetes de semillas, tr\u00edpticos e informaci\u00f3n de las actividades que realizan los diferentes departamentos.<\/p><p>De igual manera, han promovido la entrega de 20 plantas de palmera Kerpis, 15 plantas de ram\u00f3n, y 15 plantas de caoba, 40 plantas de chile habanero, 43 paquetes de semillas de hortalizas, en beneficio de 67 personas de distintas localidades.<\/p><p>Tambi\u00e9n cuentan con la entrega de m\u00e1s de 100 plantas de ram\u00f3n y 160 plantas de caoba, a un productor de la localidad de Carlos A. Madrazo. Asimismo, un paquete de 50 pollitas ponedoras a un grupo de 23 mujeres en la localidad de Justo Sierra M\u00e9ndez.<\/p><p>Finalmente explic\u00f3 que, con el INIFAP, se logr\u00f3 la capacitaci\u00f3n de cuatro ingenieros pertenecientes a la direcci\u00f3n a su cargo en lo que respecta a la elaboraci\u00f3n de fertilizantes org\u00e1nicos y a su vez, ellos puedan trasmitir este conocimiento capacitando a los productores que lo soliciten; de este modo, en el \u00e1rea se comenz\u00f3 la preparaci\u00f3n del fertilizante org\u00e1nico y en dos o tres meses, entregarlo conforme la demanda.<\/p><p>Cabe hacer menci\u00f3n que estas acciones forman parte de los ejes prioritarios de gobierno que impulsa Yensunni Mart\u00ednez, de priorizar los programas tendientes a dar atenci\u00f3n a los derechos sociales de todas y todos.<\/p><\/div>\n\t\t\t\t<\/div>\n\t\t\t\t<\/div>\n\t\t\t\t\t\t<\/div>\n\t\t\t\t\t<\/div>\n\t\t<\/div>\n\t\t\t\t\t\t\t\t<\/div>\n\t\t\t\t\t<\/div>\n\t\t<\/section>\n\t\t\t\t<section class=\"elementor-section elementor-top-section elementor-element elementor-element-e32fb48 elementor-section-boxed elementor-section-height-default elementor-section-height-default\" data-id=\"e32fb48\" data-element_type=\"section\">\n\t\t\t\t\t\t<div class=\"elementor-container elementor-column-gap-default\">\n\t\t\t\t\t\t\t<div class=\"elementor-row\">\n\t\t\t\t\t<div class=\"elementor-column elementor-col-100 elementor-top-column elementor-element elementor-element-2e62657\" data-id=\"2e62657\" data-element_type=\"column\">\n\t\t\t<div class=\"elementor-column-wrap elementor-element-populated\">\n\t\t\t\t\t\t\t<div class=\"elementor-widget-wrap\">\n\t\t\t\t\t\t<div class=\"elementor-element elementor-element-f3b4315 elementor-widget elementor-widget-image-gallery\" data-id=\"f3b4315\" data-element_type=\"widget\" data-widget_type=\"image-gallery.default\">\n\t\t\t\t<div class=\"elementor-widget-container\">\n\t\t\t\t\t<div class=\"elementor-image-gallery\">\n\t\t\t<div id='gallery-1' class='gallery galleryid-26760 gallery-columns-4 gallery-size-medium'><figure class='gallery-item'>\n\t\t\t<div class='gallery-icon portrait'>\n\t\t\t\t<a data-elementor-open-lightbox=\"yes\" data-elementor-lightbox-slideshow=\"f3b4315\" data-elementor-lightbox-title=\"Imagen de WhatsApp 2023-04-17 a las 17.02.462\" href='https:\/\/www.opb.gob.mx\/portal\/wp-content\/uploads\/2023\/04\/Imagen-de-WhatsApp-2023-04-17-a-las-17.02.462.jpg'><img width=\"768\" height=\"456\" src=\"https:\/\/www.opb.gob.mx\/portal\/wp-content\/uploads\/2023\/04\/Imagen-de-WhatsApp-2023-04-17-a-las-17.02.462-768x456.jpg\" class=\"attachment-medium size-medium\" alt=\"\" loading=\"lazy\" srcset=\"https:\/\/www.opb.gob.mx\/portal\/wp-content\/uploads\/2023\/04\/Imagen-de-WhatsApp-2023-04-17-a-las-17.02.462-768x456.jpg 768w, https:\/\/www.opb.gob.mx\/portal\/wp-content\/uploads\/2023\/04\/Imagen-de-WhatsApp-2023-04-17-a-las-17.02.462-1170x694.jpg 1170w\" sizes=\"(max-width: 768px) 100vw, 768px\" \/><\/a>\n\t\t\t<\/div><\/figure><figure class='gallery-item'>\n\t\t\t<div class='gallery-icon landscape'>\n\t\t\t\t<a data-elementor-open-lightbox=\"yes\" data-elementor-lightbox-slideshow=\"f3b4315\" data-elementor-lightbox-title=\"Imagen de WhatsApp 2023-04-17 a las 17.02.475\" href='https:\/\/www.opb.gob.mx\/portal\/wp-content\/uploads\/2023\/04\/Imagen-de-WhatsApp-2023-04-17-a-las-17.02.475.jpg'><img width=\"768\" height=\"456\" src=\"https:\/\/www.opb.gob.mx\/portal\/wp-content\/uploads\/2023\/04\/Imagen-de-WhatsApp-2023-04-17-a-las-17.02.475-768x456.jpg\" class=\"attachment-medium size-medium\" alt=\"\" loading=\"lazy\" srcset=\"https:\/\/www.opb.gob.mx\/portal\/wp-content\/uploads\/2023\/04\/Imagen-de-WhatsApp-2023-04-17-a-las-17.02.475-768x456.jpg 768w, https:\/\/www.opb.gob.mx\/portal\/wp-content\/uploads\/2023\/04\/Imagen-de-WhatsApp-2023-04-17-a-las-17.02.475-1170x694.jpg 1170w\" sizes=\"(max-width: 768px) 100vw, 768px\" \/><\/a>\n\t\t\t<\/div><\/figure><figure class='gallery-item'>\n\t\t\t<div class='gallery-icon landscape'>\n\t\t\t\t<a data-elementor-open-lightbox=\"yes\" data-elementor-lightbox-slideshow=\"f3b4315\" data-elementor-lightbox-title=\"Imagen de WhatsApp 2023-04-17 a las 17.02.45\" href='https:\/\/www.opb.gob.mx\/portal\/wp-content\/uploads\/2023\/04\/Imagen-de-WhatsApp-2023-04-17-a-las-17.02.45.jpg'><img width=\"768\" height=\"456\" src=\"https:\/\/www.opb.gob.mx\/portal\/wp-content\/uploads\/2023\/04\/Imagen-de-WhatsApp-2023-04-17-a-las-17.02.45-768x456.jpg\" class=\"attachment-medium size-medium\" alt=\"\" loading=\"lazy\" \/><\/a>\n\t\t\t<\/div><\/figure><figure class='gallery-item'>\n\t\t\t<div class='gallery-icon landscape'>\n\t\t\t\t<a data-elementor-open-lightbox=\"yes\" data-elementor-lightbox-slideshow=\"f3b4315\" data-elementor-lightbox-title=\"Imagen de WhatsApp 2023-04-17 a las 17.02.463\" href='https:\/\/www.opb.gob.mx\/portal\/wp-content\/uploads\/2023\/04\/Imagen-de-WhatsApp-2023-04-17-a-las-17.02.463.jpg'><img width=\"768\" height=\"456\" src=\"https:\/\/www.opb.gob.mx\/portal\/wp-content\/uploads\/2023\/04\/Imagen-de-WhatsApp-2023-04-17-a-las-17.02.463-768x456.jpg\" class=\"attachment-medium size-medium\" alt=\"\" loading=\"lazy\" srcset=\"https:\/\/www.opb.gob.mx\/portal\/wp-content\/uploads\/2023\/04\/Imagen-de-WhatsApp-2023-04-17-a-las-17.02.463-768x456.jpg 768w, https:\/\/www.opb.gob.mx\/portal\/wp-content\/uploads\/2023\/04\/Imagen-de-WhatsApp-2023-04-17-a-las-17.02.463-1170x694.jpg 1170w\" sizes=\"(max-width: 768px) 100vw, 768px\" \/><\/a>\n\t\t\t<\/div><\/figure><figure class='gallery-item'>\n\t\t\t<div class='gallery-icon landscape'>\n\t\t\t\t<a data-elementor-open-lightbox=\"yes\" data-elementor-lightbox-slideshow=\"f3b4315\" data-elementor-lightbox-title=\"Imagen de WhatsApp 2023-04-17 a las 17.02.487\" href='https:\/\/www.opb.gob.mx\/portal\/wp-content\/uploads\/2023\/04\/Imagen-de-WhatsApp-2023-04-17-a-las-17.02.487.jpg'><img width=\"768\" height=\"456\" src=\"https:\/\/www.opb.gob.mx\/portal\/wp-content\/uploads\/2023\/04\/Imagen-de-WhatsApp-2023-04-17-a-las-17.02.487-768x456.jpg\" class=\"attachment-medium size-medium\" alt=\"\" loading=\"lazy\" srcset=\"https:\/\/www.opb.gob.mx\/portal\/wp-content\/uploads\/2023\/04\/Imagen-de-WhatsApp-2023-04-17-a-las-17.02.487-768x456.jpg 768w, https:\/\/www.opb.gob.mx\/portal\/wp-content\/uploads\/2023\/04\/Imagen-de-WhatsApp-2023-04-17-a-las-17.02.487-1170x694.jpg 1170w\" sizes=\"(max-width: 768px) 100vw, 768px\" \/><\/a>\n\t\t\t<\/div><\/figure>\n\t\t<\/div>\n\t\t<\/div>\n\t\t\t\t<\/div>\n\t\t\t\t<\/div>\n\t\t\t\t\t\t<\/div>\n\t\t\t\t\t<\/div>\n\t\t<\/div>\n\t\t\t\t\t\t\t\t<\/div>\n\t\t\t\t\t<\/div>\n\t\t<\/section>\n\t\t\t\t\t\t<\/div>\n\t\t\t\t\t\t<\/div>\n\t\t\t\t\t<\/div>\n\t\t","protected":false},"excerpt":{"rendered":"<p>Con entrega de apoyos, pl\u00e1ticas y capacitaciones, se fortalece la zona rural del municipio OPB.<\/p>\n","protected":false},"author":9,"featured_media":26763,"comment_status":"closed","ping_status":"open","sticky":false,"template":"","format":"standard","meta":[],"categories":[27],"tags":[],"_links":{"self":[{"href":"https:\/\/www.opb.gob.mx\/portal\/index.php?rest_route=\/wp\/v2\/posts\/26760"}],"collection":[{"href":"https:\/\/www.opb.gob.mx\/portal\/index.php?rest_route=\/wp\/v2\/posts"}],"about":[{"href":"https:\/\/www.opb.gob.mx\/portal\/index.php?rest_route=\/wp\/v2\/types\/post"}],"author":[{"embeddable":true,"href":"https:\/\/www.opb.gob.mx\/portal\/index.php?rest_route=\/wp\/v2\/users\/9"}],"replies":[{"embeddable":true,"href":"https:\/\/www.opb.gob.mx\/portal\/index.php?rest_route=%2Fwp%2Fv2%2Fcomments&post=26760"}],"version-history":[{"count":4,"href":"https:\/\/www.opb.gob.mx\/portal\/index.php?rest_route=\/wp\/v2\/posts\/26760\/revisions"}],"predecessor-version":[{"id":26770,"href":"https:\/\/www.opb.gob.mx\/portal\/index.php?rest_route=\/wp\/v2\/posts\/26760\/revisions\/26770"}],"wp:featuredmedia":[{"embeddable":true,"href":"https:\/\/www.opb.gob.mx\/portal\/index.php?rest_route=\/wp\/v2\/media\/26763"}],"wp:attachment":[{"href":"https:\/\/www.opb.gob.mx\/portal\/index.php?rest_route=%2Fwp%2Fv2%2Fmedia&parent=26760"}],"wp:term":[{"taxonomy":"category","embeddable":true,"href":"https:\/\/www.opb.gob.mx\/portal\/index.php?rest_route=%2Fwp%2Fv2%2Fcategories&post=26760"},{"taxonomy":"post_tag","embeddable":true,"href":"https:\/\/www.opb.gob.mx\/portal\/index.php?rest_route=%2Fwp%2Fv2%2Ftags&post=26760"}],"curies":[{"name":"wp","href":"https:\/\/api.w.org\/{rel}","templated":true}]}}