{"id":26960,"date":"2023-04-27T06:47:02","date_gmt":"2023-04-27T06:47:02","guid":{"rendered":"http:\/\/www.opb.gob.mx\/portal\/?p=26960"},"modified":"2023-04-27T18:50:17","modified_gmt":"2023-04-27T18:50:17","slug":"festejaran-en-mercados-de-chetumal-el-dia-de-la-nina-y-el-nino","status":"publish","type":"post","link":"https:\/\/www.opb.gob.mx\/portal\/?p=26960","title":{"rendered":"FESTEJAR\u00c1N EN MERCADOS DE CHETUMAL EL D\u00cdA DE LA NI\u00d1A Y EL NI\u00d1O"},"content":{"rendered":"\t\t<div data-elementor-type=\"wp-post\" data-elementor-id=\"26960\" class=\"elementor elementor-26960\" data-elementor-settings=\"[]\">\n\t\t\t\t\t\t<div class=\"elementor-inner\">\n\t\t\t\t\t\t\t<div class=\"elementor-section-wrap\">\n\t\t\t\t\t\t\t<section class=\"elementor-section elementor-top-section elementor-element elementor-element-9da4398 elementor-section-boxed elementor-section-height-default elementor-section-height-default\" data-id=\"9da4398\" data-element_type=\"section\">\n\t\t\t\t\t\t<div class=\"elementor-container elementor-column-gap-default\">\n\t\t\t\t\t\t\t<div class=\"elementor-row\">\n\t\t\t\t\t<div class=\"elementor-column elementor-col-100 elementor-top-column elementor-element elementor-element-0f90d28\" data-id=\"0f90d28\" data-element_type=\"column\">\n\t\t\t<div class=\"elementor-column-wrap elementor-element-populated\">\n\t\t\t\t\t\t\t<div class=\"elementor-widget-wrap\">\n\t\t\t\t\t\t<div class=\"elementor-element elementor-element-8ea1aaa elementor-widget elementor-widget-text-editor\" data-id=\"8ea1aaa\" data-element_type=\"widget\" data-widget_type=\"text-editor.default\">\n\t\t\t\t<div class=\"elementor-widget-container\">\n\t\t\t\t\t<div class=\"elementor-text-editor elementor-clearfix\"><p>Chetumal, Q. Roo a 27 de abril. &#8211; Como parte de los festejos del d\u00eda de la ni\u00f1a y del ni\u00f1o, el Ayuntamiento de Oth\u00f3n P. Blanco que preside Yensunni Mart\u00ednez Hern\u00e1ndez, a trav\u00e9s de la coordinaci\u00f3n de mercados, realizar\u00e1 diversas actividades para los peque\u00f1os en tres diferentes centros de abasto de la ciudad capital.<\/p><p>El coordinador del \u00e1rea, Limberth Vega Heredia, dijo que los d\u00edas 28, 29, y 30 de abril, realizar\u00e1n festivales del d\u00eda de la ni\u00f1a y el ni\u00f1o en los mercados \u201c5 de Abril\u201d, \u201cL\u00e1zaro C\u00e1rdenas\u201d y \u201cAndr\u00e9s Quintana Roo\u201d, respectivamente.<\/p><p>Explic\u00f3 que en el mercado \u201c5 de Abril\u201d, el festival se llevar\u00e1 a cabo el 28 de abril a partir de las 10:00 de la ma\u00f1ana, contando con comida, show, dulces y concursos; asimismo en el mercado \u201cL\u00e1zaro C\u00e1rdenas\u201d, ser\u00e1 el 29 de abril a partir de las cinco de la tarde donde habr\u00e1 la competencia de \u201cCarrera de Botargas\u201d en edici\u00f3n 2023.<\/p><p>De igual manera, el 30 de abril en punto de las 10:00 de la ma\u00f1ana, en el mercado \u201cAndr\u00e9s Quintana Roo\u201d, tambi\u00e9n podr\u00e1n disfrutar un festival donde se contar\u00e1 con comida, show, dulces y concursos.<\/p><p>Vega Heredia coment\u00f3 que el objetivo de estas actividades es que los ni\u00f1os y ni\u00f1as pasen un d\u00eda agradable de sana diversi\u00f3n en familia y sobre todo que se les festeje en su d\u00eda y pasar un momento agradable como debe ser siempre para la infancia en general.<\/p><p>Mencion\u00f3 que tambi\u00e9n es importante impulsar la asistencia y el consumo local a los diferentes centros de abasto de la ciudad, adem\u00e1s que en los mercados tambi\u00e9n hay juguetes para ni\u00f1as y ni\u00f1os de muy buena calidad.<\/p><p>Para finalizar, el funcionario municipal dijo que la indicaci\u00f3n de la presidenta municipal Yensunni Mart\u00ednez, es el realizar un ameno festejo para los reyes de los hogares, en donde tambi\u00e9n los pap\u00e1s puedan pasar un buen momento en sana convivencia.<\/p><\/div>\n\t\t\t\t<\/div>\n\t\t\t\t<\/div>\n\t\t\t\t\t\t<\/div>\n\t\t\t\t\t<\/div>\n\t\t<\/div>\n\t\t\t\t\t\t\t\t<\/div>\n\t\t\t\t\t<\/div>\n\t\t<\/section>\n\t\t\t\t<section class=\"elementor-section elementor-top-section elementor-element elementor-element-c459308 elementor-section-boxed elementor-section-height-default elementor-section-height-default\" data-id=\"c459308\" data-element_type=\"section\">\n\t\t\t\t\t\t<div class=\"elementor-container elementor-column-gap-default\">\n\t\t\t\t\t\t\t<div class=\"elementor-row\">\n\t\t\t\t\t<div class=\"elementor-column elementor-col-100 elementor-top-column elementor-element elementor-element-d4c4fa8\" data-id=\"d4c4fa8\" data-element_type=\"column\">\n\t\t\t<div class=\"elementor-column-wrap elementor-element-populated\">\n\t\t\t\t\t\t\t<div class=\"elementor-widget-wrap\">\n\t\t\t\t\t\t<div class=\"elementor-element elementor-element-627281c elementor-widget elementor-widget-image-gallery\" data-id=\"627281c\" data-element_type=\"widget\" data-widget_type=\"image-gallery.default\">\n\t\t\t\t<div class=\"elementor-widget-container\">\n\t\t\t\t\t<div class=\"elementor-image-gallery\">\n\t\t\t<div id='gallery-1' class='gallery galleryid-26960 gallery-columns-4 gallery-size-medium'><figure class='gallery-item'>\n\t\t\t<div class='gallery-icon landscape'>\n\t\t\t\t<a data-elementor-open-lightbox=\"yes\" data-elementor-lightbox-slideshow=\"627281c\" data-elementor-lightbox-title=\"WhatsApp Image 2023-04-27 at 1.12.52 PM\" href='https:\/\/www.opb.gob.mx\/portal\/wp-content\/uploads\/2023\/04\/WhatsApp-Image-2023-04-27-at-1.12.52-PM.jpeg'><img width=\"768\" height=\"456\" src=\"https:\/\/www.opb.gob.mx\/portal\/wp-content\/uploads\/2023\/04\/WhatsApp-Image-2023-04-27-at-1.12.52-PM-768x456.jpeg\" class=\"attachment-medium size-medium\" alt=\"\" loading=\"lazy\" srcset=\"https:\/\/www.opb.gob.mx\/portal\/wp-content\/uploads\/2023\/04\/WhatsApp-Image-2023-04-27-at-1.12.52-PM-768x456.jpeg 768w, https:\/\/www.opb.gob.mx\/portal\/wp-content\/uploads\/2023\/04\/WhatsApp-Image-2023-04-27-at-1.12.52-PM-1170x694.jpeg 1170w\" sizes=\"(max-width: 768px) 100vw, 768px\" \/><\/a>\n\t\t\t<\/div><\/figure><figure class='gallery-item'>\n\t\t\t<div class='gallery-icon landscape'>\n\t\t\t\t<a data-elementor-open-lightbox=\"yes\" data-elementor-lightbox-slideshow=\"627281c\" data-elementor-lightbox-title=\"WhatsApp Image 2023-04-27 at 1.12.53 PM\" href='https:\/\/www.opb.gob.mx\/portal\/wp-content\/uploads\/2023\/04\/WhatsApp-Image-2023-04-27-at-1.12.53-PM.jpeg'><img width=\"768\" height=\"456\" src=\"https:\/\/www.opb.gob.mx\/portal\/wp-content\/uploads\/2023\/04\/WhatsApp-Image-2023-04-27-at-1.12.53-PM-768x456.jpeg\" class=\"attachment-medium size-medium\" alt=\"\" loading=\"lazy\" srcset=\"https:\/\/www.opb.gob.mx\/portal\/wp-content\/uploads\/2023\/04\/WhatsApp-Image-2023-04-27-at-1.12.53-PM-768x456.jpeg 768w, https:\/\/www.opb.gob.mx\/portal\/wp-content\/uploads\/2023\/04\/WhatsApp-Image-2023-04-27-at-1.12.53-PM-1170x694.jpeg 1170w\" sizes=\"(max-width: 768px) 100vw, 768px\" \/><\/a>\n\t\t\t<\/div><\/figure><figure class='gallery-item'>\n\t\t\t<div class='gallery-icon landscape'>\n\t\t\t\t<a data-elementor-open-lightbox=\"yes\" data-elementor-lightbox-slideshow=\"627281c\" data-elementor-lightbox-title=\"WhatsApp Image 2023-04-27 at 1.12.53 PM (1)\" href='https:\/\/www.opb.gob.mx\/portal\/wp-content\/uploads\/2023\/04\/WhatsApp-Image-2023-04-27-at-1.12.53-PM-1.jpeg'><img width=\"768\" height=\"456\" src=\"https:\/\/www.opb.gob.mx\/portal\/wp-content\/uploads\/2023\/04\/WhatsApp-Image-2023-04-27-at-1.12.53-PM-1-768x456.jpeg\" class=\"attachment-medium size-medium\" alt=\"\" loading=\"lazy\" srcset=\"https:\/\/www.opb.gob.mx\/portal\/wp-content\/uploads\/2023\/04\/WhatsApp-Image-2023-04-27-at-1.12.53-PM-1-768x456.jpeg 768w, https:\/\/www.opb.gob.mx\/portal\/wp-content\/uploads\/2023\/04\/WhatsApp-Image-2023-04-27-at-1.12.53-PM-1-1170x694.jpeg 1170w\" sizes=\"(max-width: 768px) 100vw, 768px\" \/><\/a>\n\t\t\t<\/div><\/figure><figure class='gallery-item'>\n\t\t\t<div class='gallery-icon landscape'>\n\t\t\t\t<a data-elementor-open-lightbox=\"yes\" data-elementor-lightbox-slideshow=\"627281c\" data-elementor-lightbox-title=\"WhatsApp Image 2023-04-27 at 1.12.53 PM (2)\" href='https:\/\/www.opb.gob.mx\/portal\/wp-content\/uploads\/2023\/04\/WhatsApp-Image-2023-04-27-at-1.12.53-PM-2.jpeg'><img width=\"768\" height=\"456\" src=\"https:\/\/www.opb.gob.mx\/portal\/wp-content\/uploads\/2023\/04\/WhatsApp-Image-2023-04-27-at-1.12.53-PM-2-768x456.jpeg\" class=\"attachment-medium size-medium\" alt=\"\" loading=\"lazy\" \/><\/a>\n\t\t\t<\/div><\/figure>\n\t\t<\/div>\n\t\t<\/div>\n\t\t\t\t<\/div>\n\t\t\t\t<\/div>\n\t\t\t\t\t\t<\/div>\n\t\t\t\t\t<\/div>\n\t\t<\/div>\n\t\t\t\t\t\t\t\t<\/div>\n\t\t\t\t\t<\/div>\n\t\t<\/section>\n\t\t\t\t\t\t<\/div>\n\t\t\t\t\t\t<\/div>\n\t\t\t\t\t<\/div>\n\t\t","protected":false},"excerpt":{"rendered":"<p>Mercado \u201c5 de Abril\u201d, \u201cL\u00e1zaro C\u00e1rdenas\u201d, y \u201cAndr\u00e9s Quintana Roo\u201d tendr\u00e1n festejos para las ni\u00f1as y los ni\u00f1os.<\/p>\n","protected":false},"author":9,"featured_media":26964,"comment_status":"closed","ping_status":"open","sticky":false,"template":"","format":"standard","meta":[],"categories":[27],"tags":[],"_links":{"self":[{"href":"https:\/\/www.opb.gob.mx\/portal\/index.php?rest_route=\/wp\/v2\/posts\/26960"}],"collection":[{"href":"https:\/\/www.opb.gob.mx\/portal\/index.php?rest_route=\/wp\/v2\/posts"}],"about":[{"href":"https:\/\/www.opb.gob.mx\/portal\/index.php?rest_route=\/wp\/v2\/types\/post"}],"author":[{"embeddable":true,"href":"https:\/\/www.opb.gob.mx\/portal\/index.php?rest_route=\/wp\/v2\/users\/9"}],"replies":[{"embeddable":true,"href":"https:\/\/www.opb.gob.mx\/portal\/index.php?rest_route=%2Fwp%2Fv2%2Fcomments&post=26960"}],"version-history":[{"count":2,"href":"https:\/\/www.opb.gob.mx\/portal\/index.php?rest_route=\/wp\/v2\/posts\/26960\/revisions"}],"predecessor-version":[{"id":26966,"href":"https:\/\/www.opb.gob.mx\/portal\/index.php?rest_route=\/wp\/v2\/posts\/26960\/revisions\/26966"}],"wp:featuredmedia":[{"embeddable":true,"href":"https:\/\/www.opb.gob.mx\/portal\/index.php?rest_route=\/wp\/v2\/media\/26964"}],"wp:attachment":[{"href":"https:\/\/www.opb.gob.mx\/portal\/index.php?rest_route=%2Fwp%2Fv2%2Fmedia&parent=26960"}],"wp:term":[{"taxonomy":"category","embeddable":true,"href":"https:\/\/www.opb.gob.mx\/portal\/index.php?rest_route=%2Fwp%2Fv2%2Fcategories&post=26960"},{"taxonomy":"post_tag","embeddable":true,"href":"https:\/\/www.opb.gob.mx\/portal\/index.php?rest_route=%2Fwp%2Fv2%2Ftags&post=26960"}],"curies":[{"name":"wp","href":"https:\/\/api.w.org\/{rel}","templated":true}]}}