{"id":27301,"date":"2023-06-04T15:06:59","date_gmt":"2023-06-04T15:06:59","guid":{"rendered":"http:\/\/www.opb.gob.mx\/portal\/?p=27301"},"modified":"2023-06-05T15:10:58","modified_gmt":"2023-06-05T15:10:58","slug":"anuncian-5a-edicion-del-festival-del-taquero","status":"publish","type":"post","link":"https:\/\/www.opb.gob.mx\/portal\/?p=27301","title":{"rendered":"ANUNCIAN 5\u00aa EDICI\u00d3N DEL \u201cFESTIVAL DEL TAQUERO\u201d"},"content":{"rendered":"\t\t<div data-elementor-type=\"wp-post\" data-elementor-id=\"27301\" class=\"elementor elementor-27301\" data-elementor-settings=\"[]\">\n\t\t\t\t\t\t<div class=\"elementor-inner\">\n\t\t\t\t\t\t\t<div class=\"elementor-section-wrap\">\n\t\t\t\t\t\t\t<section class=\"elementor-section elementor-top-section elementor-element elementor-element-6f05bba elementor-section-boxed elementor-section-height-default elementor-section-height-default\" data-id=\"6f05bba\" data-element_type=\"section\">\n\t\t\t\t\t\t<div class=\"elementor-container elementor-column-gap-default\">\n\t\t\t\t\t\t\t<div class=\"elementor-row\">\n\t\t\t\t\t<div class=\"elementor-column elementor-col-100 elementor-top-column elementor-element elementor-element-feb9120\" data-id=\"feb9120\" data-element_type=\"column\">\n\t\t\t<div class=\"elementor-column-wrap elementor-element-populated\">\n\t\t\t\t\t\t\t<div class=\"elementor-widget-wrap\">\n\t\t\t\t\t\t<div class=\"elementor-element elementor-element-23041e9 elementor-widget elementor-widget-text-editor\" data-id=\"23041e9\" data-element_type=\"widget\" data-widget_type=\"text-editor.default\">\n\t\t\t\t<div class=\"elementor-widget-container\">\n\t\t\t\t\t<div class=\"elementor-text-editor elementor-clearfix\"><p>Chetumal, Q. Roo a 4 de junio. \u2013 En cumplimiento al primer eje prioritario del plan de gobierno municipal que encabeza la presidenta de Oth\u00f3n P. Blanco, Yensunni Mart\u00ednez Hern\u00e1ndez, el Instituto Municipal de Econom\u00eda Social, anuncia la 5\u00aa edici\u00f3n del \u201cFestival del Taquero\u201d, en el marco del Programa Paseo H\u00e9roes.<\/p><p>En este sentido, el titular del IMES, Oscar Dzib Cocom, inform\u00f3 que la pr\u00f3xima edici\u00f3n de este delicioso festival, se llevar\u00e1 a cabo el 17 y 18 de junio, contando con la participaci\u00f3n de taquer\u00edas de Chetumal y sus alrededores.<\/p><p>Puntualiz\u00f3 que siendo el taco parte fundamental de la gastronom\u00eda mexicana, donde incluso el pa\u00eds ha destacado en concursos importantes a nivel mundial, es necesario realizar un festival de este tipo, principalmente por el gran inter\u00e9s que le han puesto las familias othonenses en ediciones anteriores.<\/p><p>Oscar Dzib indic\u00f3 que una de las instrucciones de la presidenta municipal Yensunni Mart\u00ednez es el buscar que Oth\u00f3n P. Blanco siga destacando en el \u00e1mbito econ\u00f3mico, incluyendo todos los niveles e impulsando al sector empresarial, y a las y los emprendedores.<\/p><p>De este modo, el funcionario municipal invit\u00f3 a la ciudadan\u00eda en general a disfrutar de este agradable festival, consintiendo los dos d\u00edas a su paladar; dijo que comenzar\u00e1 a partir de las 18:00 horas en el \u201cCallej\u00f3n del Arte Chetumal\u201d, ubicado en avenida H\u00e9roes esquina Efra\u00edn Aguilar, colonia Centro de la ciudad capital.<\/p><p>Cabe hacer menci\u00f3n que estas actividades se encuentran contempladas en el primer eje de gobierno municipal que encabeza Yensunni Mart\u00ednez, de impulsar la prosperidad, as\u00ed como estimular las actividades comerciales de la capital del estado.<\/p><\/div>\n\t\t\t\t<\/div>\n\t\t\t\t<\/div>\n\t\t\t\t\t\t<\/div>\n\t\t\t\t\t<\/div>\n\t\t<\/div>\n\t\t\t\t\t\t\t\t<\/div>\n\t\t\t\t\t<\/div>\n\t\t<\/section>\n\t\t\t\t<section class=\"elementor-section elementor-top-section elementor-element elementor-element-203d9ff elementor-section-boxed elementor-section-height-default elementor-section-height-default\" data-id=\"203d9ff\" data-element_type=\"section\">\n\t\t\t\t\t\t<div class=\"elementor-container elementor-column-gap-default\">\n\t\t\t\t\t\t\t<div class=\"elementor-row\">\n\t\t\t\t\t<div class=\"elementor-column elementor-col-100 elementor-top-column elementor-element elementor-element-96de437\" data-id=\"96de437\" data-element_type=\"column\">\n\t\t\t<div class=\"elementor-column-wrap elementor-element-populated\">\n\t\t\t\t\t\t\t<div class=\"elementor-widget-wrap\">\n\t\t\t\t\t\t<div class=\"elementor-element elementor-element-5a9a9b8 elementor-widget elementor-widget-image-gallery\" data-id=\"5a9a9b8\" data-element_type=\"widget\" data-widget_type=\"image-gallery.default\">\n\t\t\t\t<div class=\"elementor-widget-container\">\n\t\t\t\t\t<div class=\"elementor-image-gallery\">\n\t\t\t<div id='gallery-1' class='gallery galleryid-27301 gallery-columns-4 gallery-size-medium'><figure class='gallery-item'>\n\t\t\t<div class='gallery-icon portrait'>\n\t\t\t\t<a data-elementor-open-lightbox=\"yes\" data-elementor-lightbox-slideshow=\"5a9a9b8\" data-elementor-lightbox-title=\"WhatsApp Image 2023-06-04 at 1.19.58 PM\" href='https:\/\/www.opb.gob.mx\/portal\/wp-content\/uploads\/2023\/06\/WhatsApp-Image-2023-06-04-at-1.19.58-PM.jpeg'><img width=\"660\" height=\"456\" src=\"https:\/\/www.opb.gob.mx\/portal\/wp-content\/uploads\/2023\/06\/WhatsApp-Image-2023-06-04-at-1.19.58-PM-660x456.jpeg\" class=\"attachment-medium size-medium\" alt=\"\" loading=\"lazy\" \/><\/a>\n\t\t\t<\/div><\/figure><figure class='gallery-item'>\n\t\t\t<div class='gallery-icon portrait'>\n\t\t\t\t<a data-elementor-open-lightbox=\"yes\" data-elementor-lightbox-slideshow=\"5a9a9b8\" data-elementor-lightbox-title=\"WhatsApp Image 2023-06-04 at 1.20.06 PM\" href='https:\/\/www.opb.gob.mx\/portal\/wp-content\/uploads\/2023\/06\/WhatsApp-Image-2023-06-04-at-1.20.06-PM.jpeg'><img width=\"768\" height=\"456\" src=\"https:\/\/www.opb.gob.mx\/portal\/wp-content\/uploads\/2023\/06\/WhatsApp-Image-2023-06-04-at-1.20.06-PM-768x456.jpeg\" class=\"attachment-medium size-medium\" alt=\"\" loading=\"lazy\" srcset=\"https:\/\/www.opb.gob.mx\/portal\/wp-content\/uploads\/2023\/06\/WhatsApp-Image-2023-06-04-at-1.20.06-PM-768x456.jpeg 768w, https:\/\/www.opb.gob.mx\/portal\/wp-content\/uploads\/2023\/06\/WhatsApp-Image-2023-06-04-at-1.20.06-PM-1170x694.jpeg 1170w\" sizes=\"(max-width: 768px) 100vw, 768px\" \/><\/a>\n\t\t\t<\/div><\/figure><figure class='gallery-item'>\n\t\t\t<div class='gallery-icon landscape'>\n\t\t\t\t<a data-elementor-open-lightbox=\"yes\" data-elementor-lightbox-slideshow=\"5a9a9b8\" data-elementor-lightbox-title=\"WhatsApp Image 2023-06-04 at 1.20.06 PM (1)\" href='https:\/\/www.opb.gob.mx\/portal\/wp-content\/uploads\/2023\/06\/WhatsApp-Image-2023-06-04-at-1.20.06-PM-1.jpeg'><img width=\"768\" height=\"456\" src=\"https:\/\/www.opb.gob.mx\/portal\/wp-content\/uploads\/2023\/06\/WhatsApp-Image-2023-06-04-at-1.20.06-PM-1-768x456.jpeg\" class=\"attachment-medium size-medium\" alt=\"\" loading=\"lazy\" \/><\/a>\n\t\t\t<\/div><\/figure><figure class='gallery-item'>\n\t\t\t<div class='gallery-icon portrait'>\n\t\t\t\t<a data-elementor-open-lightbox=\"yes\" data-elementor-lightbox-slideshow=\"5a9a9b8\" data-elementor-lightbox-title=\"WhatsApp Image 2023-06-04 at 1.20.06 PM (2)\" href='https:\/\/www.opb.gob.mx\/portal\/wp-content\/uploads\/2023\/06\/WhatsApp-Image-2023-06-04-at-1.20.06-PM-2.jpeg'><img width=\"768\" height=\"456\" src=\"https:\/\/www.opb.gob.mx\/portal\/wp-content\/uploads\/2023\/06\/WhatsApp-Image-2023-06-04-at-1.20.06-PM-2-768x456.jpeg\" class=\"attachment-medium size-medium\" alt=\"\" loading=\"lazy\" srcset=\"https:\/\/www.opb.gob.mx\/portal\/wp-content\/uploads\/2023\/06\/WhatsApp-Image-2023-06-04-at-1.20.06-PM-2-768x456.jpeg 768w, https:\/\/www.opb.gob.mx\/portal\/wp-content\/uploads\/2023\/06\/WhatsApp-Image-2023-06-04-at-1.20.06-PM-2-1170x694.jpeg 1170w\" sizes=\"(max-width: 768px) 100vw, 768px\" \/><\/a>\n\t\t\t<\/div><\/figure>\n\t\t<\/div>\n\t\t<\/div>\n\t\t\t\t<\/div>\n\t\t\t\t<\/div>\n\t\t\t\t\t\t<\/div>\n\t\t\t\t\t<\/div>\n\t\t<\/div>\n\t\t\t\t\t\t\t\t<\/div>\n\t\t\t\t\t<\/div>\n\t\t<\/section>\n\t\t\t\t\t\t<\/div>\n\t\t\t\t\t\t<\/div>\n\t\t\t\t\t<\/div>\n\t\t","protected":false},"excerpt":{"rendered":"<p>Invitan a la ciudadan\u00eda en general a participar con la degustaci\u00f3n de todas las variantes de tacos.<\/p>\n","protected":false},"author":9,"featured_media":27302,"comment_status":"closed","ping_status":"open","sticky":false,"template":"","format":"standard","meta":[],"categories":[27],"tags":[],"_links":{"self":[{"href":"https:\/\/www.opb.gob.mx\/portal\/index.php?rest_route=\/wp\/v2\/posts\/27301"}],"collection":[{"href":"https:\/\/www.opb.gob.mx\/portal\/index.php?rest_route=\/wp\/v2\/posts"}],"about":[{"href":"https:\/\/www.opb.gob.mx\/portal\/index.php?rest_route=\/wp\/v2\/types\/post"}],"author":[{"embeddable":true,"href":"https:\/\/www.opb.gob.mx\/portal\/index.php?rest_route=\/wp\/v2\/users\/9"}],"replies":[{"embeddable":true,"href":"https:\/\/www.opb.gob.mx\/portal\/index.php?rest_route=%2Fwp%2Fv2%2Fcomments&post=27301"}],"version-history":[{"count":2,"href":"https:\/\/www.opb.gob.mx\/portal\/index.php?rest_route=\/wp\/v2\/posts\/27301\/revisions"}],"predecessor-version":[{"id":27307,"href":"https:\/\/www.opb.gob.mx\/portal\/index.php?rest_route=\/wp\/v2\/posts\/27301\/revisions\/27307"}],"wp:featuredmedia":[{"embeddable":true,"href":"https:\/\/www.opb.gob.mx\/portal\/index.php?rest_route=\/wp\/v2\/media\/27302"}],"wp:attachment":[{"href":"https:\/\/www.opb.gob.mx\/portal\/index.php?rest_route=%2Fwp%2Fv2%2Fmedia&parent=27301"}],"wp:term":[{"taxonomy":"category","embeddable":true,"href":"https:\/\/www.opb.gob.mx\/portal\/index.php?rest_route=%2Fwp%2Fv2%2Fcategories&post=27301"},{"taxonomy":"post_tag","embeddable":true,"href":"https:\/\/www.opb.gob.mx\/portal\/index.php?rest_route=%2Fwp%2Fv2%2Ftags&post=27301"}],"curies":[{"name":"wp","href":"https:\/\/api.w.org\/{rel}","templated":true}]}}