{"id":27441,"date":"2023-06-23T15:08:55","date_gmt":"2023-06-23T15:08:55","guid":{"rendered":"http:\/\/www.opb.gob.mx\/portal\/?p=27441"},"modified":"2023-06-26T15:10:28","modified_gmt":"2023-06-26T15:10:28","slug":"el-respeto-es-la-base-de-la-construccion-de-la-sociedad-que-queremos-yensunni-martinez","status":"publish","type":"post","link":"https:\/\/www.opb.gob.mx\/portal\/?p=27441","title":{"rendered":"EL RESPETO ES LA BASE DE LA CONSTRUCCI\u00d3N DE LA SOCIEDAD QUE QUEREMOS: YENSUNNI MART\u00cdNEZ"},"content":{"rendered":"\t\t<div data-elementor-type=\"wp-post\" data-elementor-id=\"27441\" class=\"elementor elementor-27441\" data-elementor-settings=\"[]\">\n\t\t\t\t\t\t<div class=\"elementor-inner\">\n\t\t\t\t\t\t\t<div class=\"elementor-section-wrap\">\n\t\t\t\t\t\t\t<section class=\"elementor-section elementor-top-section elementor-element elementor-element-b3532ac elementor-section-boxed elementor-section-height-default elementor-section-height-default\" data-id=\"b3532ac\" data-element_type=\"section\">\n\t\t\t\t\t\t<div class=\"elementor-container elementor-column-gap-default\">\n\t\t\t\t\t\t\t<div class=\"elementor-row\">\n\t\t\t\t\t<div class=\"elementor-column elementor-col-100 elementor-top-column elementor-element elementor-element-6779aa7\" data-id=\"6779aa7\" data-element_type=\"column\">\n\t\t\t<div class=\"elementor-column-wrap elementor-element-populated\">\n\t\t\t\t\t\t\t<div class=\"elementor-widget-wrap\">\n\t\t\t\t\t\t<div class=\"elementor-element elementor-element-12059d3 elementor-widget elementor-widget-text-editor\" data-id=\"12059d3\" data-element_type=\"widget\" data-widget_type=\"text-editor.default\">\n\t\t\t\t<div class=\"elementor-widget-container\">\n\t\t\t\t\t<div class=\"elementor-text-editor elementor-clearfix\"><p>Chetumal, Q. Roo a 23 de junio. \u2013 \u201cTenemos el deber de poder tratar a todos por igual, por ello es importante esta pl\u00e1tica para servidores p\u00fablicos, en donde la prioridad es el respeto\u201d, indic\u00f3 la presidenta municipal Oth\u00f3n P. Blanco, Yensunni Mart\u00ednez Hern\u00e1ndez, al inicio de la actividad denominada \u201cReconociendo la Diversidad\u201d.<\/p><p>La alcaldesa capitalina indic\u00f3 que en el marco del d\u00eda internacional del orgullo LGBTIQAP+, el Ayuntamiento de Oth\u00f3n P. Blanco sum\u00f3 la presente capacitaci\u00f3n a la agenda, con la finalidad que las y los servidores p\u00fablicos conozcan y reconozcan los derechos humanos de los grupos prioritarios.<\/p><p>\u201cGracias al colectivo Queertana Roo por la charla \u201cReconociendo a la Diversidad\u201d impartida por David Villamil Navarro, es de suma importancia que las y los trabajadores del Ayuntamiento de Oth\u00f3n P. Blanco reconozcamos los acr\u00f3nimos LGBTIQAP+ para poder transformar una sociedad donde la comunidad no sea sometida a discriminaci\u00f3n por su orientaci\u00f3n sexual, identidad, expresi\u00f3n de g\u00e9nero o diversidad corporal. \u00a1Aprendamos a respetar y defender los derechos que nos constituyen como sociedad para poder construir el municipio que todes queremos!\u201d, expuso la edil othonense.<\/p><p>Y agreg\u00f3 que \u201cquiero pedir que precisamente hoy, dejemos fuera todos nuestros prejuicios y que prevalezca el respeto que es en lo que se centra esta pl\u00e1tica, por ser nuestra obligaci\u00f3n para el trato al p\u00fablico lo primordial\u201d, se\u00f1al\u00f3.<\/p><p>Yensunni Mart\u00ednez destac\u00f3 que el respeto es la base para la construcci\u00f3n de relaciones humanas sanas, ya que con base en ello, se construye la sociedad en la que todos los valores y principios deben prevalecer, y con ello, el poder caminar de la mano.<\/p><p>Al finalizar su exposici\u00f3n, la presidenta municipal, realiz\u00f3 la entrega de un reconocimiento al expositor David Villamil Navarro, quien a trav\u00e9s del colectivo \u201cQueertana Roo\u201d, imparti\u00f3 este d\u00eda la capacitaci\u00f3n a las y los servidores p\u00fablicos del Ayuntamiento de Oth\u00f3n P. Blanco.<\/p><p>Al evento tambi\u00e9n asistieron: el presidente honorario del Sistema DIF municipal, David Hern\u00e1ndez; la s\u00edndica municipal, Alejandra del \u00c1ngel Carmona; la regidora Rufina Cruz Mart\u00ednez; el secretario general de la comuna, Adri\u00e1n S\u00e1nchez Dom\u00ednguez; el coordinador general del Colectivo Queertana Roo y representante del estado ante la alianza nacional de activistas y marchas LGBTTTIQAP+, Elner Alonso Salazar Rivero; as\u00ed como directoras y directores de diversas \u00e1reas del Ayuntamiento othonense.<\/p><\/div>\n\t\t\t\t<\/div>\n\t\t\t\t<\/div>\n\t\t\t\t\t\t<\/div>\n\t\t\t\t\t<\/div>\n\t\t<\/div>\n\t\t\t\t\t\t\t\t<\/div>\n\t\t\t\t\t<\/div>\n\t\t<\/section>\n\t\t\t\t<section class=\"elementor-section elementor-top-section elementor-element elementor-element-bf90dd9 elementor-section-boxed elementor-section-height-default elementor-section-height-default\" data-id=\"bf90dd9\" data-element_type=\"section\">\n\t\t\t\t\t\t<div class=\"elementor-container elementor-column-gap-default\">\n\t\t\t\t\t\t\t<div class=\"elementor-row\">\n\t\t\t\t\t<div class=\"elementor-column elementor-col-100 elementor-top-column elementor-element elementor-element-5f621bf\" data-id=\"5f621bf\" data-element_type=\"column\">\n\t\t\t<div class=\"elementor-column-wrap elementor-element-populated\">\n\t\t\t\t\t\t\t<div class=\"elementor-widget-wrap\">\n\t\t\t\t\t\t<div class=\"elementor-element elementor-element-6918125 elementor-widget elementor-widget-image-gallery\" data-id=\"6918125\" data-element_type=\"widget\" data-widget_type=\"image-gallery.default\">\n\t\t\t\t<div class=\"elementor-widget-container\">\n\t\t\t\t\t<div class=\"elementor-image-gallery\">\n\t\t\t<div id='gallery-1' class='gallery galleryid-27441 gallery-columns-4 gallery-size-medium'><figure class='gallery-item'>\n\t\t\t<div class='gallery-icon landscape'>\n\t\t\t\t<a data-elementor-open-lightbox=\"yes\" data-elementor-lightbox-slideshow=\"6918125\" data-elementor-lightbox-title=\"WhatsApp Image 2023-06-23 at 7.34.50 PM\" href='https:\/\/www.opb.gob.mx\/portal\/wp-content\/uploads\/2023\/06\/WhatsApp-Image-2023-06-23-at-7.34.50-PM.jpeg'><img width=\"768\" height=\"456\" src=\"https:\/\/www.opb.gob.mx\/portal\/wp-content\/uploads\/2023\/06\/WhatsApp-Image-2023-06-23-at-7.34.50-PM-768x456.jpeg\" class=\"attachment-medium size-medium\" alt=\"\" loading=\"lazy\" \/><\/a>\n\t\t\t<\/div><\/figure><figure class='gallery-item'>\n\t\t\t<div class='gallery-icon landscape'>\n\t\t\t\t<a data-elementor-open-lightbox=\"yes\" data-elementor-lightbox-slideshow=\"6918125\" data-elementor-lightbox-title=\"WhatsApp Image 2023-06-23 at 7.34.50 PM (1)\" href='https:\/\/www.opb.gob.mx\/portal\/wp-content\/uploads\/2023\/06\/WhatsApp-Image-2023-06-23-at-7.34.50-PM-1.jpeg'><img width=\"768\" height=\"456\" src=\"https:\/\/www.opb.gob.mx\/portal\/wp-content\/uploads\/2023\/06\/WhatsApp-Image-2023-06-23-at-7.34.50-PM-1-768x456.jpeg\" class=\"attachment-medium size-medium\" alt=\"\" loading=\"lazy\" \/><\/a>\n\t\t\t<\/div><\/figure><figure class='gallery-item'>\n\t\t\t<div class='gallery-icon landscape'>\n\t\t\t\t<a data-elementor-open-lightbox=\"yes\" data-elementor-lightbox-slideshow=\"6918125\" data-elementor-lightbox-title=\"WhatsApp Image 2023-06-23 at 7.34.50 PM (2)\" href='https:\/\/www.opb.gob.mx\/portal\/wp-content\/uploads\/2023\/06\/WhatsApp-Image-2023-06-23-at-7.34.50-PM-2.jpeg'><img width=\"768\" height=\"456\" src=\"https:\/\/www.opb.gob.mx\/portal\/wp-content\/uploads\/2023\/06\/WhatsApp-Image-2023-06-23-at-7.34.50-PM-2-768x456.jpeg\" class=\"attachment-medium size-medium\" alt=\"\" loading=\"lazy\" \/><\/a>\n\t\t\t<\/div><\/figure><figure class='gallery-item'>\n\t\t\t<div class='gallery-icon landscape'>\n\t\t\t\t<a data-elementor-open-lightbox=\"yes\" data-elementor-lightbox-slideshow=\"6918125\" data-elementor-lightbox-title=\"WhatsApp Image 2023-06-23 at 7.34.51 PM\" href='https:\/\/www.opb.gob.mx\/portal\/wp-content\/uploads\/2023\/06\/WhatsApp-Image-2023-06-23-at-7.34.51-PM.jpeg'><img width=\"768\" height=\"456\" src=\"https:\/\/www.opb.gob.mx\/portal\/wp-content\/uploads\/2023\/06\/WhatsApp-Image-2023-06-23-at-7.34.51-PM-768x456.jpeg\" class=\"attachment-medium size-medium\" alt=\"\" loading=\"lazy\" \/><\/a>\n\t\t\t<\/div><\/figure>\n\t\t<\/div>\n\t\t<\/div>\n\t\t\t\t<\/div>\n\t\t\t\t<\/div>\n\t\t\t\t\t\t<\/div>\n\t\t\t\t\t<\/div>\n\t\t<\/div>\n\t\t\t\t\t\t\t\t<\/div>\n\t\t\t\t\t<\/div>\n\t\t<\/section>\n\t\t\t\t\t\t<\/div>\n\t\t\t\t\t\t<\/div>\n\t\t\t\t\t<\/div>\n\t\t","protected":false},"excerpt":{"rendered":"<p>Imparten pl\u00e1tica \u201cReconociendo la diversidad\u201d, a servidores p\u00fablicos del Ayuntamiento de OPB.<\/p>\n","protected":false},"author":9,"featured_media":27442,"comment_status":"closed","ping_status":"open","sticky":false,"template":"","format":"standard","meta":[],"categories":[27],"tags":[],"_links":{"self":[{"href":"https:\/\/www.opb.gob.mx\/portal\/index.php?rest_route=\/wp\/v2\/posts\/27441"}],"collection":[{"href":"https:\/\/www.opb.gob.mx\/portal\/index.php?rest_route=\/wp\/v2\/posts"}],"about":[{"href":"https:\/\/www.opb.gob.mx\/portal\/index.php?rest_route=\/wp\/v2\/types\/post"}],"author":[{"embeddable":true,"href":"https:\/\/www.opb.gob.mx\/portal\/index.php?rest_route=\/wp\/v2\/users\/9"}],"replies":[{"embeddable":true,"href":"https:\/\/www.opb.gob.mx\/portal\/index.php?rest_route=%2Fwp%2Fv2%2Fcomments&post=27441"}],"version-history":[{"count":2,"href":"https:\/\/www.opb.gob.mx\/portal\/index.php?rest_route=\/wp\/v2\/posts\/27441\/revisions"}],"predecessor-version":[{"id":27447,"href":"https:\/\/www.opb.gob.mx\/portal\/index.php?rest_route=\/wp\/v2\/posts\/27441\/revisions\/27447"}],"wp:featuredmedia":[{"embeddable":true,"href":"https:\/\/www.opb.gob.mx\/portal\/index.php?rest_route=\/wp\/v2\/media\/27442"}],"wp:attachment":[{"href":"https:\/\/www.opb.gob.mx\/portal\/index.php?rest_route=%2Fwp%2Fv2%2Fmedia&parent=27441"}],"wp:term":[{"taxonomy":"category","embeddable":true,"href":"https:\/\/www.opb.gob.mx\/portal\/index.php?rest_route=%2Fwp%2Fv2%2Fcategories&post=27441"},{"taxonomy":"post_tag","embeddable":true,"href":"https:\/\/www.opb.gob.mx\/portal\/index.php?rest_route=%2Fwp%2Fv2%2Ftags&post=27441"}],"curies":[{"name":"wp","href":"https:\/\/api.w.org\/{rel}","templated":true}]}}