{"id":27491,"date":"2023-06-30T06:58:36","date_gmt":"2023-06-30T06:58:36","guid":{"rendered":"http:\/\/www.opb.gob.mx\/portal\/?p=27491"},"modified":"2023-06-30T19:00:46","modified_gmt":"2023-06-30T19:00:46","slug":"impulsan-en-chetumal-el-respeto-a-la-diversidad","status":"publish","type":"post","link":"https:\/\/www.opb.gob.mx\/portal\/?p=27491","title":{"rendered":"IMPULSAN EN CHETUMAL EL RESPETO A LA DIVERSIDAD"},"content":{"rendered":"\t\t<div data-elementor-type=\"wp-post\" data-elementor-id=\"27491\" class=\"elementor elementor-27491\" data-elementor-settings=\"[]\">\n\t\t\t\t\t\t<div class=\"elementor-inner\">\n\t\t\t\t\t\t\t<div class=\"elementor-section-wrap\">\n\t\t\t\t\t\t\t<section class=\"elementor-section elementor-top-section elementor-element elementor-element-6b33d5a elementor-section-boxed elementor-section-height-default elementor-section-height-default\" data-id=\"6b33d5a\" data-element_type=\"section\">\n\t\t\t\t\t\t<div class=\"elementor-container elementor-column-gap-default\">\n\t\t\t\t\t\t\t<div class=\"elementor-row\">\n\t\t\t\t\t<div class=\"elementor-column elementor-col-100 elementor-top-column elementor-element elementor-element-a1c1901\" data-id=\"a1c1901\" data-element_type=\"column\">\n\t\t\t<div class=\"elementor-column-wrap elementor-element-populated\">\n\t\t\t\t\t\t\t<div class=\"elementor-widget-wrap\">\n\t\t\t\t\t\t<div class=\"elementor-element elementor-element-6057a60 elementor-widget elementor-widget-text-editor\" data-id=\"6057a60\" data-element_type=\"widget\" data-widget_type=\"text-editor.default\">\n\t\t\t\t<div class=\"elementor-widget-container\">\n\t\t\t\t\t<div class=\"elementor-text-editor elementor-clearfix\"><p>Chetumal, Q. Roo a 30 de junio.- El Ayuntamiento de Oth\u00f3n P. Blanco, que encabeza Yensunni Mart\u00ednez Hern\u00e1ndez, a trav\u00e9s del Instituto Municipal de Atenci\u00f3n a la Juventud en coordinaci\u00f3n con el colectivo \u201cQueertana Roo\u201d, organiz\u00f3 la presentaci\u00f3n del \u201cStand Up de la Diversidad\u201d.<\/p><p>En el marco de la semana del Orgullo 2023, dicha presentaci\u00f3n tuvo como sede el Planetario Yook\u2019ol Kaab\u2019, con las exponentes Le Paline y Myr Ramirez, con el objetivo de sensibilizar a la poblaci\u00f3n en el tema, as\u00ed como el respeto a los derechos de todas y todos.<\/p><p>En representaci\u00f3n de la presidenta municipal Oth\u00f3n P. Blanco, asisti\u00f3 el director del Instituto Municipal de Atenci\u00f3n a la Juventud, Alexis Hern\u00e1ndez Mart\u00ednez, quien indic\u00f3 para la funcionaria es indispensable impulsar espacios de difusi\u00f3n de los derechos de todas y todos.<\/p><p>Cabe hacer menci\u00f3n que este evento forma parte de las diferentes actividades a realizar en la semana del Orgullo 2023, en el que tambi\u00e9n estuvieron presentes emprendedores quienes pudieron ofertar productos alusivos al D\u00eda Internacional del Orgullo LGBTTTIQA+.<\/p><p>Asimismo asisti\u00f3 el recientemente homenajeado por el Ayuntamiento de Oth\u00f3n P. Blanco con el reconocimiento al orgullo LGTBTTTIQA+, Elner Alonzo Salazar Rivero.<\/p><\/div>\n\t\t\t\t<\/div>\n\t\t\t\t<\/div>\n\t\t\t\t\t\t<\/div>\n\t\t\t\t\t<\/div>\n\t\t<\/div>\n\t\t\t\t\t\t\t\t<\/div>\n\t\t\t\t\t<\/div>\n\t\t<\/section>\n\t\t\t\t<section class=\"elementor-section elementor-top-section elementor-element elementor-element-1d4b05b elementor-section-boxed elementor-section-height-default elementor-section-height-default\" data-id=\"1d4b05b\" data-element_type=\"section\">\n\t\t\t\t\t\t<div class=\"elementor-container elementor-column-gap-default\">\n\t\t\t\t\t\t\t<div class=\"elementor-row\">\n\t\t\t\t\t<div class=\"elementor-column elementor-col-100 elementor-top-column elementor-element elementor-element-6e0c408\" data-id=\"6e0c408\" data-element_type=\"column\">\n\t\t\t<div class=\"elementor-column-wrap elementor-element-populated\">\n\t\t\t\t\t\t\t<div class=\"elementor-widget-wrap\">\n\t\t\t\t\t\t<div class=\"elementor-element elementor-element-9242d19 elementor-widget elementor-widget-image-gallery\" data-id=\"9242d19\" data-element_type=\"widget\" data-widget_type=\"image-gallery.default\">\n\t\t\t\t<div class=\"elementor-widget-container\">\n\t\t\t\t\t<div class=\"elementor-image-gallery\">\n\t\t\t<div id='gallery-1' class='gallery galleryid-27491 gallery-columns-4 gallery-size-medium'><figure class='gallery-item'>\n\t\t\t<div class='gallery-icon landscape'>\n\t\t\t\t<a data-elementor-open-lightbox=\"yes\" data-elementor-lightbox-slideshow=\"9242d19\" data-elementor-lightbox-title=\"WhatsApp Image 2023-06-30 at 12.32.42 PM\" href='https:\/\/www.opb.gob.mx\/portal\/wp-content\/uploads\/2023\/06\/WhatsApp-Image-2023-06-30-at-12.32.42-PM.jpeg'><img width=\"768\" height=\"456\" src=\"https:\/\/www.opb.gob.mx\/portal\/wp-content\/uploads\/2023\/06\/WhatsApp-Image-2023-06-30-at-12.32.42-PM-768x456.jpeg\" class=\"attachment-medium size-medium\" alt=\"\" loading=\"lazy\" \/><\/a>\n\t\t\t<\/div><\/figure><figure class='gallery-item'>\n\t\t\t<div class='gallery-icon landscape'>\n\t\t\t\t<a data-elementor-open-lightbox=\"yes\" data-elementor-lightbox-slideshow=\"9242d19\" data-elementor-lightbox-title=\"WhatsApp Image 2023-06-30 at 12.32.43 PM\" href='https:\/\/www.opb.gob.mx\/portal\/wp-content\/uploads\/2023\/06\/WhatsApp-Image-2023-06-30-at-12.32.43-PM.jpeg'><img width=\"768\" height=\"456\" src=\"https:\/\/www.opb.gob.mx\/portal\/wp-content\/uploads\/2023\/06\/WhatsApp-Image-2023-06-30-at-12.32.43-PM-768x456.jpeg\" class=\"attachment-medium size-medium\" alt=\"\" loading=\"lazy\" \/><\/a>\n\t\t\t<\/div><\/figure><figure class='gallery-item'>\n\t\t\t<div class='gallery-icon landscape'>\n\t\t\t\t<a data-elementor-open-lightbox=\"yes\" data-elementor-lightbox-slideshow=\"9242d19\" data-elementor-lightbox-title=\"WhatsApp Image 2023-06-30 at 12.32.43 PM (1)\" href='https:\/\/www.opb.gob.mx\/portal\/wp-content\/uploads\/2023\/06\/WhatsApp-Image-2023-06-30-at-12.32.43-PM-1.jpeg'><img width=\"768\" height=\"456\" src=\"https:\/\/www.opb.gob.mx\/portal\/wp-content\/uploads\/2023\/06\/WhatsApp-Image-2023-06-30-at-12.32.43-PM-1-768x456.jpeg\" class=\"attachment-medium size-medium\" alt=\"\" loading=\"lazy\" \/><\/a>\n\t\t\t<\/div><\/figure><figure class='gallery-item'>\n\t\t\t<div class='gallery-icon landscape'>\n\t\t\t\t<a data-elementor-open-lightbox=\"yes\" data-elementor-lightbox-slideshow=\"9242d19\" data-elementor-lightbox-title=\"WhatsApp Image 2023-06-30 at 12.32.43 PM (2)\" href='https:\/\/www.opb.gob.mx\/portal\/wp-content\/uploads\/2023\/06\/WhatsApp-Image-2023-06-30-at-12.32.43-PM-2.jpeg'><img width=\"768\" height=\"456\" src=\"https:\/\/www.opb.gob.mx\/portal\/wp-content\/uploads\/2023\/06\/WhatsApp-Image-2023-06-30-at-12.32.43-PM-2-768x456.jpeg\" class=\"attachment-medium size-medium\" alt=\"\" loading=\"lazy\" \/><\/a>\n\t\t\t<\/div><\/figure><figure class='gallery-item'>\n\t\t\t<div class='gallery-icon landscape'>\n\t\t\t\t<a data-elementor-open-lightbox=\"yes\" data-elementor-lightbox-slideshow=\"9242d19\" data-elementor-lightbox-title=\"WhatsApp Image 2023-06-30 at 12.32.44 PM\" href='https:\/\/www.opb.gob.mx\/portal\/wp-content\/uploads\/2023\/06\/WhatsApp-Image-2023-06-30-at-12.32.44-PM.jpeg'><img width=\"768\" height=\"456\" src=\"https:\/\/www.opb.gob.mx\/portal\/wp-content\/uploads\/2023\/06\/WhatsApp-Image-2023-06-30-at-12.32.44-PM-768x456.jpeg\" class=\"attachment-medium size-medium\" alt=\"\" loading=\"lazy\" \/><\/a>\n\t\t\t<\/div><\/figure>\n\t\t<\/div>\n\t\t<\/div>\n\t\t\t\t<\/div>\n\t\t\t\t<\/div>\n\t\t\t\t\t\t<\/div>\n\t\t\t\t\t<\/div>\n\t\t<\/div>\n\t\t\t\t\t\t\t\t<\/div>\n\t\t\t\t\t<\/div>\n\t\t<\/section>\n\t\t\t\t\t\t<\/div>\n\t\t\t\t\t\t<\/div>\n\t\t\t\t\t<\/div>\n\t\t","protected":false},"excerpt":{"rendered":"<p>Presentan en Chetumal Stand Up de la Diversidad.<\/p>\n","protected":false},"author":9,"featured_media":27494,"comment_status":"closed","ping_status":"open","sticky":false,"template":"","format":"standard","meta":[],"categories":[27],"tags":[],"_links":{"self":[{"href":"https:\/\/www.opb.gob.mx\/portal\/index.php?rest_route=\/wp\/v2\/posts\/27491"}],"collection":[{"href":"https:\/\/www.opb.gob.mx\/portal\/index.php?rest_route=\/wp\/v2\/posts"}],"about":[{"href":"https:\/\/www.opb.gob.mx\/portal\/index.php?rest_route=\/wp\/v2\/types\/post"}],"author":[{"embeddable":true,"href":"https:\/\/www.opb.gob.mx\/portal\/index.php?rest_route=\/wp\/v2\/users\/9"}],"replies":[{"embeddable":true,"href":"https:\/\/www.opb.gob.mx\/portal\/index.php?rest_route=%2Fwp%2Fv2%2Fcomments&post=27491"}],"version-history":[{"count":2,"href":"https:\/\/www.opb.gob.mx\/portal\/index.php?rest_route=\/wp\/v2\/posts\/27491\/revisions"}],"predecessor-version":[{"id":27498,"href":"https:\/\/www.opb.gob.mx\/portal\/index.php?rest_route=\/wp\/v2\/posts\/27491\/revisions\/27498"}],"wp:featuredmedia":[{"embeddable":true,"href":"https:\/\/www.opb.gob.mx\/portal\/index.php?rest_route=\/wp\/v2\/media\/27494"}],"wp:attachment":[{"href":"https:\/\/www.opb.gob.mx\/portal\/index.php?rest_route=%2Fwp%2Fv2%2Fmedia&parent=27491"}],"wp:term":[{"taxonomy":"category","embeddable":true,"href":"https:\/\/www.opb.gob.mx\/portal\/index.php?rest_route=%2Fwp%2Fv2%2Fcategories&post=27491"},{"taxonomy":"post_tag","embeddable":true,"href":"https:\/\/www.opb.gob.mx\/portal\/index.php?rest_route=%2Fwp%2Fv2%2Ftags&post=27491"}],"curies":[{"name":"wp","href":"https:\/\/api.w.org\/{rel}","templated":true}]}}