{"id":27641,"date":"2023-07-18T08:31:51","date_gmt":"2023-07-18T08:31:51","guid":{"rendered":"http:\/\/www.opb.gob.mx\/portal\/?p=27641"},"modified":"2023-07-18T20:33:18","modified_gmt":"2023-07-18T20:33:18","slug":"ayuntamiento-opb-brinda-capacitacion-continua-a-las-y-los-trabajadores","status":"publish","type":"post","link":"https:\/\/www.opb.gob.mx\/portal\/?p=27641","title":{"rendered":"AYUNTAMIENTO OPB BRINDA CAPACITACI\u00d3N CONTINUA A LAS Y LOS TRABAJADORES"},"content":{"rendered":"\t\t<div data-elementor-type=\"wp-post\" data-elementor-id=\"27641\" class=\"elementor elementor-27641\" data-elementor-settings=\"[]\">\n\t\t\t\t\t\t<div class=\"elementor-inner\">\n\t\t\t\t\t\t\t<div class=\"elementor-section-wrap\">\n\t\t\t\t\t\t\t<section class=\"elementor-section elementor-top-section elementor-element elementor-element-56c4a3a elementor-section-boxed elementor-section-height-default elementor-section-height-default\" data-id=\"56c4a3a\" data-element_type=\"section\">\n\t\t\t\t\t\t<div class=\"elementor-container elementor-column-gap-default\">\n\t\t\t\t\t\t\t<div class=\"elementor-row\">\n\t\t\t\t\t<div class=\"elementor-column elementor-col-100 elementor-top-column elementor-element elementor-element-ed70364\" data-id=\"ed70364\" data-element_type=\"column\">\n\t\t\t<div class=\"elementor-column-wrap elementor-element-populated\">\n\t\t\t\t\t\t\t<div class=\"elementor-widget-wrap\">\n\t\t\t\t\t\t<div class=\"elementor-element elementor-element-101156c elementor-widget elementor-widget-text-editor\" data-id=\"101156c\" data-element_type=\"widget\" data-widget_type=\"text-editor.default\">\n\t\t\t\t<div class=\"elementor-widget-container\">\n\t\t\t\t\t<div class=\"elementor-text-editor elementor-clearfix\"><p>Chetumal, Q. Roo a 18 de julio. \u2013 El Ayuntamiento de Oth\u00f3n P. Blanco, que encabeza la presidenta municipal, Yensunni Mart\u00ednez Hern\u00e1ndez, sigue impulsando la capacitaci\u00f3n continua de las y los trabajadores, con la finalidad de mejorar las interrelaciones y con ello, el servicio al p\u00fablico.<\/p><p>Por ello, este martes, a trav\u00e9s de la direcci\u00f3n de capacitaci\u00f3n y profesionalizaci\u00f3n, se llev\u00f3 a cabo el curso \u201cMediaci\u00f3n Comunitaria (Resoluci\u00f3n Pac\u00edfica de Conflictos)\u201d que estuvo a cargo del Centro Estatal de Prevenci\u00f3n Social de Delito y Participaci\u00f3n Ciudadana del Estado de Quintana Roo.<\/p><p>En este sentido, el director del \u00e1rea, Humberto Rogel Moreno, puntualiz\u00f3 que esta capacitaci\u00f3n tiene como objetivo el brindar a las y los participantes, herramientas para transformar las relaciones de confrontaci\u00f3n en actividades de colaboraci\u00f3n basadas en la empat\u00eda y el trabajo en equipo.<\/p><p>Cabe hacer menci\u00f3n que estas acciones cumplen con el plan de gobierno que encabeza la presidenta municipal Yensunni Mart\u00ednez, en el tercer eje prioritario, de ser un gobierno abierto, transparente y eficiente.<\/p><\/div>\n\t\t\t\t<\/div>\n\t\t\t\t<\/div>\n\t\t\t\t\t\t<\/div>\n\t\t\t\t\t<\/div>\n\t\t<\/div>\n\t\t\t\t\t\t\t\t<\/div>\n\t\t\t\t\t<\/div>\n\t\t<\/section>\n\t\t\t\t<section class=\"elementor-section elementor-top-section elementor-element elementor-element-fce2120 elementor-section-boxed elementor-section-height-default elementor-section-height-default\" data-id=\"fce2120\" data-element_type=\"section\">\n\t\t\t\t\t\t<div class=\"elementor-container elementor-column-gap-default\">\n\t\t\t\t\t\t\t<div class=\"elementor-row\">\n\t\t\t\t\t<div class=\"elementor-column elementor-col-100 elementor-top-column elementor-element elementor-element-ecc9f51\" data-id=\"ecc9f51\" data-element_type=\"column\">\n\t\t\t<div class=\"elementor-column-wrap elementor-element-populated\">\n\t\t\t\t\t\t\t<div class=\"elementor-widget-wrap\">\n\t\t\t\t\t\t<div class=\"elementor-element elementor-element-903963c elementor-widget elementor-widget-image-gallery\" data-id=\"903963c\" data-element_type=\"widget\" data-widget_type=\"image-gallery.default\">\n\t\t\t\t<div class=\"elementor-widget-container\">\n\t\t\t\t\t<div class=\"elementor-image-gallery\">\n\t\t\t<div id='gallery-1' class='gallery galleryid-27641 gallery-columns-4 gallery-size-medium'><figure class='gallery-item'>\n\t\t\t<div class='gallery-icon landscape'>\n\t\t\t\t<a data-elementor-open-lightbox=\"yes\" data-elementor-lightbox-slideshow=\"903963c\" data-elementor-lightbox-title=\"WhatsApp Image 2023-07-18 at 3.13.48 PM (1)\" href='https:\/\/www.opb.gob.mx\/portal\/wp-content\/uploads\/2023\/07\/WhatsApp-Image-2023-07-18-at-3.13.48-PM-1.jpeg'><img width=\"768\" height=\"456\" src=\"https:\/\/www.opb.gob.mx\/portal\/wp-content\/uploads\/2023\/07\/WhatsApp-Image-2023-07-18-at-3.13.48-PM-1-768x456.jpeg\" class=\"attachment-medium size-medium\" alt=\"\" loading=\"lazy\" srcset=\"https:\/\/www.opb.gob.mx\/portal\/wp-content\/uploads\/2023\/07\/WhatsApp-Image-2023-07-18-at-3.13.48-PM-1-768x456.jpeg 768w, https:\/\/www.opb.gob.mx\/portal\/wp-content\/uploads\/2023\/07\/WhatsApp-Image-2023-07-18-at-3.13.48-PM-1-1170x694.jpeg 1170w, https:\/\/www.opb.gob.mx\/portal\/wp-content\/uploads\/2023\/07\/WhatsApp-Image-2023-07-18-at-3.13.48-PM-1.jpeg 1280w\" sizes=\"(max-width: 768px) 100vw, 768px\" \/><\/a>\n\t\t\t<\/div><\/figure><figure class='gallery-item'>\n\t\t\t<div class='gallery-icon landscape'>\n\t\t\t\t<a data-elementor-open-lightbox=\"yes\" data-elementor-lightbox-slideshow=\"903963c\" data-elementor-lightbox-title=\"WhatsApp Image 2023-07-18 at 3.13.48 PM (2)\" href='https:\/\/www.opb.gob.mx\/portal\/wp-content\/uploads\/2023\/07\/WhatsApp-Image-2023-07-18-at-3.13.48-PM-2.jpeg'><img width=\"768\" height=\"456\" src=\"https:\/\/www.opb.gob.mx\/portal\/wp-content\/uploads\/2023\/07\/WhatsApp-Image-2023-07-18-at-3.13.48-PM-2-768x456.jpeg\" class=\"attachment-medium size-medium\" alt=\"\" loading=\"lazy\" srcset=\"https:\/\/www.opb.gob.mx\/portal\/wp-content\/uploads\/2023\/07\/WhatsApp-Image-2023-07-18-at-3.13.48-PM-2-768x456.jpeg 768w, https:\/\/www.opb.gob.mx\/portal\/wp-content\/uploads\/2023\/07\/WhatsApp-Image-2023-07-18-at-3.13.48-PM-2-1170x694.jpeg 1170w\" sizes=\"(max-width: 768px) 100vw, 768px\" \/><\/a>\n\t\t\t<\/div><\/figure>\n\t\t<\/div>\n\t\t<\/div>\n\t\t\t\t<\/div>\n\t\t\t\t<\/div>\n\t\t\t\t\t\t<\/div>\n\t\t\t\t\t<\/div>\n\t\t<\/div>\n\t\t\t\t\t\t\t\t<\/div>\n\t\t\t\t\t<\/div>\n\t\t<\/section>\n\t\t\t\t\t\t<\/div>\n\t\t\t\t\t\t<\/div>\n\t\t\t\t\t<\/div>\n\t\t","protected":false},"excerpt":{"rendered":"<p>El gobierno que encabeza Yensunni Mart\u00ednez, impulsa la preparaci\u00f3n de los colaboradores para brindar un mejor servicio. <\/p>\n","protected":false},"author":9,"featured_media":27644,"comment_status":"closed","ping_status":"open","sticky":false,"template":"","format":"standard","meta":[],"categories":[27],"tags":[],"_links":{"self":[{"href":"https:\/\/www.opb.gob.mx\/portal\/index.php?rest_route=\/wp\/v2\/posts\/27641"}],"collection":[{"href":"https:\/\/www.opb.gob.mx\/portal\/index.php?rest_route=\/wp\/v2\/posts"}],"about":[{"href":"https:\/\/www.opb.gob.mx\/portal\/index.php?rest_route=\/wp\/v2\/types\/post"}],"author":[{"embeddable":true,"href":"https:\/\/www.opb.gob.mx\/portal\/index.php?rest_route=\/wp\/v2\/users\/9"}],"replies":[{"embeddable":true,"href":"https:\/\/www.opb.gob.mx\/portal\/index.php?rest_route=%2Fwp%2Fv2%2Fcomments&post=27641"}],"version-history":[{"count":2,"href":"https:\/\/www.opb.gob.mx\/portal\/index.php?rest_route=\/wp\/v2\/posts\/27641\/revisions"}],"predecessor-version":[{"id":27646,"href":"https:\/\/www.opb.gob.mx\/portal\/index.php?rest_route=\/wp\/v2\/posts\/27641\/revisions\/27646"}],"wp:featuredmedia":[{"embeddable":true,"href":"https:\/\/www.opb.gob.mx\/portal\/index.php?rest_route=\/wp\/v2\/media\/27644"}],"wp:attachment":[{"href":"https:\/\/www.opb.gob.mx\/portal\/index.php?rest_route=%2Fwp%2Fv2%2Fmedia&parent=27641"}],"wp:term":[{"taxonomy":"category","embeddable":true,"href":"https:\/\/www.opb.gob.mx\/portal\/index.php?rest_route=%2Fwp%2Fv2%2Fcategories&post=27641"},{"taxonomy":"post_tag","embeddable":true,"href":"https:\/\/www.opb.gob.mx\/portal\/index.php?rest_route=%2Fwp%2Fv2%2Ftags&post=27641"}],"curies":[{"name":"wp","href":"https:\/\/api.w.org\/{rel}","templated":true}]}}